{"id":1415,"date":"2016-09-26T08:21:38","date_gmt":"2016-09-26T07:21:38","guid":{"rendered":"http:\/\/agora.xtec.cat\/escolacampclar\/?p=1415"},"modified":"2016-09-26T12:59:32","modified_gmt":"2016-09-26T11:59:32","slug":"adaptacio-a-p3","status":"publish","type":"post","link":"https:\/\/agora.xtec.cat\/escolacampclar\/general\/adaptacio-a-p3\/","title":{"rendered":"Adaptaci\u00f3 a P3"},"content":{"rendered":"<p>Cada dia que passa els alumnes m\u00e9s petits del centre estan m\u00e9s contents de venir a escola!<br \/>\nAqu\u00ed podeu veure un recull d&#8217;imatges d&#8217;aquestes dues setmanes!<\/p>\n<p><a href=\"https:\/\/drive.google.com\/open?id=0B4n4fVJE2fdrNjBSUDFPc3B5Mkk\">https:\/\/drive.google.com\/open?id=0B4n4fVJE2fdrNjBSUDFPc3B5Mkk<\/a><\/p>\n","protected":false},"excerpt":{"rendered":"<p>Cada dia que passa els alumnes m\u00e9s petits del centre estan m\u00e9s contents de venir a escola!<br \/>\nAqu\u00ed podeu veure un recull d&#8217;imatges d&#8217;aquestes dues setmanes!<br \/>\n<a href=\"https:\/\/drive.google.com\/open?id=0B4n4fVJE2fdrNjBSUDFPc3B5Mkk\">https:\/\/drive.google.com\/open?id=0B4n4fVJE2fdrNjBSUDFPc3B5Mkk<\/a><\/p>\n","protected":false},"author":14,"featured_media":1416,"comment_status":"open","ping_status":"open","sticky":false,"template":"","format":"standard","meta":{"_bbp_topic_count":0,"_bbp_reply_count":0,"_bbp_total_topic_count":0,"_bbp_total_reply_count":0,"_bbp_voice_count":0,"_bbp_anonymous_reply_count":0,"_bbp_topic_count_hidden":0,"_bbp_reply_count_hidden":0,"_bbp_forum_subforum_count":0,"footnotes":""},"categories":[59,1],"tags":[44,98,93],"class_list":["post-1415","post","type-post","status-publish","format-standard","has-post-thumbnail","hentry","category-infantil","category-general","tag-escola-campclar","tag-infantil","tag-p3"],"post_mailing_queue_ids":[],"_links":{"self":[{"href":"https:\/\/agora.xtec.cat\/escolacampclar\/wp-json\/wp\/v2\/posts\/1415","targetHints":{"allow":["GET"]}}],"collection":[{"href":"https:\/\/agora.xtec.cat\/escolacampclar\/wp-json\/wp\/v2\/posts"}],"about":[{"href":"https:\/\/agora.xtec.cat\/escolacampclar\/wp-json\/wp\/v2\/types\/post"}],"author":[{"embeddable":true,"href":"https:\/\/agora.xtec.cat\/escolacampclar\/wp-json\/wp\/v2\/users\/14"}],"replies":[{"embeddable":true,"href":"https:\/\/agora.xtec.cat\/escolacampclar\/wp-json\/wp\/v2\/comments?post=1415"}],"version-history":[{"count":2,"href":"https:\/\/agora.xtec.cat\/escolacampclar\/wp-json\/wp\/v2\/posts\/1415\/revisions"}],"predecessor-version":[{"id":1418,"href":"https:\/\/agora.xtec.cat\/escolacampclar\/wp-json\/wp\/v2\/posts\/1415\/revisions\/1418"}],"wp:featuredmedia":[{"embeddable":true,"href":"https:\/\/agora.xtec.cat\/escolacampclar\/wp-json\/wp\/v2\/media\/1416"}],"wp:attachment":[{"href":"https:\/\/agora.xtec.cat\/escolacampclar\/wp-json\/wp\/v2\/media?parent=1415"}],"wp:term":[{"taxonomy":"category","embeddable":true,"href":"https:\/\/agora.xtec.cat\/escolacampclar\/wp-json\/wp\/v2\/categories?post=1415"},{"taxonomy":"post_tag","embeddable":true,"href":"https:\/\/agora.xtec.cat\/escolacampclar\/wp-json\/wp\/v2\/tags?post=1415"}],"curies":[{"name":"wp","href":"https:\/\/api.w.org\/{rel}","templated":true}]}}