{"id":1412,"date":"2016-09-21T10:31:36","date_gmt":"2016-09-21T09:31:36","guid":{"rendered":"http:\/\/agora.xtec.cat\/escolacampclar\/?p=1412"},"modified":"2016-09-21T10:31:36","modified_gmt":"2016-09-21T09:31:36","slug":"festa-de-benvinguda-de-cicle-inicial","status":"publish","type":"post","link":"https:\/\/agora.xtec.cat\/escolacampclar\/general\/festa-de-benvinguda-de-cicle-inicial\/","title":{"rendered":"Festa de benvinguda de Cicle Inicial"},"content":{"rendered":"<p>Espectacular festa de benvinguda la que van celebrar els alumnes de Cicle Inicial.<\/p>\n<p>Aix\u00ed es fa molt m\u00e9s f\u00e0cil el pas de infantil a prim\u00e0ria. S&#8217;ho van passar d&#8217;all\u00f2 m\u00e9s b\u00e9.<\/p>\n<p><a href=\"https:\/\/drive.google.com\/drive\/folders\/0B4n4fVJE2fdrUkRIcTlWbG5zdlU?usp=sharing\">Clica aqu\u00ed per veure les fotos.<\/a><\/p>\n","protected":false},"excerpt":{"rendered":"<p>Espectacular festa de benvinguda la que van celebrar els alumnes de Cicle Inicial.<br \/>\nAix\u00ed es fa molt m\u00e9s f\u00e0cil el pas de infantil a prim\u00e0ria. S&#8217;ho van passar d&#8217;all\u00f2 m\u00e9s b\u00e9.<br \/>\n<a href=\"https:\/\/drive.google.com\/drive\/folders\/0B4n4fVJE2fdrUkRIcTlWbG5zdlU?usp=sharing\">Clica aqu\u00ed per veure les fotos.<\/a><\/p>\n","protected":false},"author":14,"featured_media":1413,"comment_status":"open","ping_status":"open","sticky":false,"template":"","format":"standard","meta":{"_bbp_topic_count":0,"_bbp_reply_count":0,"_bbp_total_topic_count":0,"_bbp_total_reply_count":0,"_bbp_voice_count":0,"_bbp_anonymous_reply_count":0,"_bbp_topic_count_hidden":0,"_bbp_reply_count_hidden":0,"_bbp_forum_subforum_count":0,"footnotes":""},"categories":[24,1],"tags":[],"class_list":["post-1412","post","type-post","status-publish","format-standard","has-post-thumbnail","hentry","category-cicle-inicial","category-general"],"post_mailing_queue_ids":[],"_links":{"self":[{"href":"https:\/\/agora.xtec.cat\/escolacampclar\/wp-json\/wp\/v2\/posts\/1412","targetHints":{"allow":["GET"]}}],"collection":[{"href":"https:\/\/agora.xtec.cat\/escolacampclar\/wp-json\/wp\/v2\/posts"}],"about":[{"href":"https:\/\/agora.xtec.cat\/escolacampclar\/wp-json\/wp\/v2\/types\/post"}],"author":[{"embeddable":true,"href":"https:\/\/agora.xtec.cat\/escolacampclar\/wp-json\/wp\/v2\/users\/14"}],"replies":[{"embeddable":true,"href":"https:\/\/agora.xtec.cat\/escolacampclar\/wp-json\/wp\/v2\/comments?post=1412"}],"version-history":[{"count":1,"href":"https:\/\/agora.xtec.cat\/escolacampclar\/wp-json\/wp\/v2\/posts\/1412\/revisions"}],"predecessor-version":[{"id":1414,"href":"https:\/\/agora.xtec.cat\/escolacampclar\/wp-json\/wp\/v2\/posts\/1412\/revisions\/1414"}],"wp:featuredmedia":[{"embeddable":true,"href":"https:\/\/agora.xtec.cat\/escolacampclar\/wp-json\/wp\/v2\/media\/1413"}],"wp:attachment":[{"href":"https:\/\/agora.xtec.cat\/escolacampclar\/wp-json\/wp\/v2\/media?parent=1412"}],"wp:term":[{"taxonomy":"category","embeddable":true,"href":"https:\/\/agora.xtec.cat\/escolacampclar\/wp-json\/wp\/v2\/categories?post=1412"},{"taxonomy":"post_tag","embeddable":true,"href":"https:\/\/agora.xtec.cat\/escolacampclar\/wp-json\/wp\/v2\/tags?post=1412"}],"curies":[{"name":"wp","href":"https:\/\/api.w.org\/{rel}","templated":true}]}}