{"id":1407,"date":"2016-09-15T09:13:58","date_gmt":"2016-09-15T08:13:58","guid":{"rendered":"http:\/\/agora.xtec.cat\/escolacampclar\/?p=1407"},"modified":"2016-09-15T09:20:50","modified_gmt":"2016-09-15T08:20:50","slug":"els-7-pecats-capitals-a-cicle-mitja","status":"publish","type":"post","link":"https:\/\/agora.xtec.cat\/escolacampclar\/general\/els-7-pecats-capitals-a-cicle-mitja\/","title":{"rendered":"Els 7 pecats capitals a Cicle Mitj\u00e0 i Superior"},"content":{"rendered":"<p>Les festes de Santa Tecla ja s&#8217;aproximen i per aix\u00f2 ahir ens van venir a visitar &#8220;els 7 pecats capitals&#8221;. Ens van explicar moltes coses interessants i despr\u00e9s dos professors es van vestir de Virtut i de Pecat. Finalment ens van ensenyar el ball que fan. Ens ho vam passar molt b\u00e9! <a href=\"https:\/\/drive.google.com\/open?id=0B4n4fVJE2fdrZnA4MGt4UmdUc2M\">\u00a0Aqu\u00ed<\/a> podeu mirar algunes fotos i v\u00eddeos!!!<\/p>\n","protected":false},"excerpt":{"rendered":"<p>Les festes de Santa Tecla ja s&#8217;aproximen i per aix\u00f2 ahir ens van venir a visitar &#8220;els 7 pecats capitals&#8221;. Ens van explicar moltes coses interessants i despr\u00e9s dos professors es van vestir de Virtut i de Pecat. Finalment ens van ensenyar el ball que&hellip;  <a href=\"https:\/\/agora.xtec.cat\/escolacampclar\/general\/els-7-pecats-capitals-a-cicle-mitja\/\" title=\"Read Els 7 pecats capitals a Cicle Mitj\u00e0 i Superior\">Llegeix m\u00e9s\u00bb<\/a><\/p>\n","protected":false},"author":14,"featured_media":1410,"comment_status":"open","ping_status":"open","sticky":false,"template":"","format":"standard","meta":{"_bbp_topic_count":0,"_bbp_reply_count":0,"_bbp_total_topic_count":0,"_bbp_total_reply_count":0,"_bbp_voice_count":0,"_bbp_anonymous_reply_count":0,"_bbp_topic_count_hidden":0,"_bbp_reply_count_hidden":0,"_bbp_forum_subforum_count":0,"footnotes":""},"categories":[25,26,1],"tags":[37,63,44,53],"class_list":["post-1407","post","type-post","status-publish","format-standard","has-post-thumbnail","hentry","category-cicle-mitja","category-cicle-superior","category-general","tag-cicle-mitja-2","tag-cicle-superior","tag-escola-campclar","tag-santa-tecla"],"post_mailing_queue_ids":[],"_links":{"self":[{"href":"https:\/\/agora.xtec.cat\/escolacampclar\/wp-json\/wp\/v2\/posts\/1407","targetHints":{"allow":["GET"]}}],"collection":[{"href":"https:\/\/agora.xtec.cat\/escolacampclar\/wp-json\/wp\/v2\/posts"}],"about":[{"href":"https:\/\/agora.xtec.cat\/escolacampclar\/wp-json\/wp\/v2\/types\/post"}],"author":[{"embeddable":true,"href":"https:\/\/agora.xtec.cat\/escolacampclar\/wp-json\/wp\/v2\/users\/14"}],"replies":[{"embeddable":true,"href":"https:\/\/agora.xtec.cat\/escolacampclar\/wp-json\/wp\/v2\/comments?post=1407"}],"version-history":[{"count":2,"href":"https:\/\/agora.xtec.cat\/escolacampclar\/wp-json\/wp\/v2\/posts\/1407\/revisions"}],"predecessor-version":[{"id":1411,"href":"https:\/\/agora.xtec.cat\/escolacampclar\/wp-json\/wp\/v2\/posts\/1407\/revisions\/1411"}],"wp:featuredmedia":[{"embeddable":true,"href":"https:\/\/agora.xtec.cat\/escolacampclar\/wp-json\/wp\/v2\/media\/1410"}],"wp:attachment":[{"href":"https:\/\/agora.xtec.cat\/escolacampclar\/wp-json\/wp\/v2\/media?parent=1407"}],"wp:term":[{"taxonomy":"category","embeddable":true,"href":"https:\/\/agora.xtec.cat\/escolacampclar\/wp-json\/wp\/v2\/categories?post=1407"},{"taxonomy":"post_tag","embeddable":true,"href":"https:\/\/agora.xtec.cat\/escolacampclar\/wp-json\/wp\/v2\/tags?post=1407"}],"curies":[{"name":"wp","href":"https:\/\/api.w.org\/{rel}","templated":true}]}}