{"id":1378,"date":"2016-06-02T13:16:53","date_gmt":"2016-06-02T12:16:53","guid":{"rendered":"http:\/\/agora.xtec.cat\/escolacampclar\/?p=1378"},"modified":"2016-06-06T10:11:34","modified_gmt":"2016-06-06T09:11:34","slug":"jornades-datletisme-2016","status":"publish","type":"post","link":"https:\/\/agora.xtec.cat\/escolacampclar\/general\/jornades-datletisme-2016\/","title":{"rendered":"Jornades d&#8217;Atletisme 2016"},"content":{"rendered":"<p>Espectacular la segona edici\u00f3 de les Jornades d&#8217;Atletisme de l&#8217;Escola Campclar celebrades a les pistes d&#8217;atletisme del barri.\u00a0Sens dubte, han estat un \u00e8xit de participaci\u00f3 tant d&#8217;alumnes com de mestres.<\/p>\n<p>Tots els cicles han participat en diferents proves com salt de llargada, seixanta metres llisos i tanques, llan\u00e7ament de pes i finalment una prova de resist\u00e8ncia per als m\u00e9s grans.<\/p>\n<p><a href=\"https:\/\/drive.google.com\/folderview?id=0B4n4fVJE2fdrS21KSHNzVzBUMDg&amp;usp=sharing\" target=\"_blank\">En aquest enlla\u00e7 podeu gaudir de les imatges m\u00e9s destacades.<\/a><\/p>\n","protected":false},"excerpt":{"rendered":"<p>Espectacular la segona edici\u00f3 de les Jornades d&#8217;Atletisme de l&#8217;Escola Campclar celebrades a les pistes d&#8217;atletisme del barri.\u00a0Sens dubte, han estat un \u00e8xit de participaci\u00f3 tant d&#8217;alumnes com de mestres.<br \/>\nTots els cicles han participat en diferents proves com salt de llargada, seixanta metres llisos i&hellip;  <a href=\"https:\/\/agora.xtec.cat\/escolacampclar\/general\/jornades-datletisme-2016\/\" title=\"Read Jornades d&#8217;Atletisme 2016\">Llegeix m\u00e9s\u00bb<\/a><\/p>\n","protected":false},"author":14,"featured_media":1380,"comment_status":"open","ping_status":"open","sticky":false,"template":"","format":"standard","meta":{"_bbp_topic_count":0,"_bbp_reply_count":0,"_bbp_total_topic_count":0,"_bbp_total_reply_count":0,"_bbp_voice_count":0,"_bbp_anonymous_reply_count":0,"_bbp_topic_count_hidden":0,"_bbp_reply_count_hidden":0,"_bbp_forum_subforum_count":0,"footnotes":""},"categories":[24,25,26,27,59,1],"tags":[44,107],"class_list":["post-1378","post","type-post","status-publish","format-standard","has-post-thumbnail","hentry","category-cicle-inicial","category-cicle-mitja","category-cicle-superior","category-e-fisica","category-infantil","category-general","tag-escola-campclar","tag-jocs-del-mediterrani"],"post_mailing_queue_ids":[],"_links":{"self":[{"href":"https:\/\/agora.xtec.cat\/escolacampclar\/wp-json\/wp\/v2\/posts\/1378","targetHints":{"allow":["GET"]}}],"collection":[{"href":"https:\/\/agora.xtec.cat\/escolacampclar\/wp-json\/wp\/v2\/posts"}],"about":[{"href":"https:\/\/agora.xtec.cat\/escolacampclar\/wp-json\/wp\/v2\/types\/post"}],"author":[{"embeddable":true,"href":"https:\/\/agora.xtec.cat\/escolacampclar\/wp-json\/wp\/v2\/users\/14"}],"replies":[{"embeddable":true,"href":"https:\/\/agora.xtec.cat\/escolacampclar\/wp-json\/wp\/v2\/comments?post=1378"}],"version-history":[{"count":2,"href":"https:\/\/agora.xtec.cat\/escolacampclar\/wp-json\/wp\/v2\/posts\/1378\/revisions"}],"predecessor-version":[{"id":1381,"href":"https:\/\/agora.xtec.cat\/escolacampclar\/wp-json\/wp\/v2\/posts\/1378\/revisions\/1381"}],"wp:featuredmedia":[{"embeddable":true,"href":"https:\/\/agora.xtec.cat\/escolacampclar\/wp-json\/wp\/v2\/media\/1380"}],"wp:attachment":[{"href":"https:\/\/agora.xtec.cat\/escolacampclar\/wp-json\/wp\/v2\/media?parent=1378"}],"wp:term":[{"taxonomy":"category","embeddable":true,"href":"https:\/\/agora.xtec.cat\/escolacampclar\/wp-json\/wp\/v2\/categories?post=1378"},{"taxonomy":"post_tag","embeddable":true,"href":"https:\/\/agora.xtec.cat\/escolacampclar\/wp-json\/wp\/v2\/tags?post=1378"}],"curies":[{"name":"wp","href":"https:\/\/api.w.org\/{rel}","templated":true}]}}