{"id":1367,"date":"2016-05-30T12:21:35","date_gmt":"2016-05-30T11:21:35","guid":{"rendered":"http:\/\/agora.xtec.cat\/escolacampclar\/?p=1367"},"modified":"2016-05-30T12:21:35","modified_gmt":"2016-05-30T11:21:35","slug":"psicomotricitat-vivenciada","status":"publish","type":"post","link":"https:\/\/agora.xtec.cat\/escolacampclar\/general\/psicomotricitat-vivenciada\/","title":{"rendered":"Psicomotricitat vivenciada"},"content":{"rendered":"<p><span style=\"font-weight: 400;\">Els nens i nenes de 3r juguem al gimn\u00e0s. Ens ho hem passat molt b\u00e9 fent psicomotricitat vivenciada: a partir del joc espont\u00e0ni ens hem mostrat com som a nosaltres mateixos i als companys, hem expressat sentiments i emocions, hem jugat amb el cos i amb els objectes i, finalment ens hem relaxat amb una m\u00fasica molt tranquila. <\/span><\/p>\n<p><span style=\"font-weight: 400;\"><a href=\"https:\/\/drive.google.com\/folderview?id=0B4n4fVJE2fdrY3hOOEE0VHRrR3c&amp;usp=sharing\" target=\"_blank\">Podeu veure un tastet del que hem fet amb la Magda.<\/a><\/span><\/p>\n","protected":false},"excerpt":{"rendered":"<p>Els nens i nenes de 3r juguem al gimn\u00e0s. Ens ho hem passat molt b\u00e9 fent psicomotricitat vivenciada: a partir del joc espont\u00e0ni ens hem mostrat com som a nosaltres mateixos i als companys, hem expressat sentiments i emocions, hem jugat amb el cos i&hellip;  <a href=\"https:\/\/agora.xtec.cat\/escolacampclar\/general\/psicomotricitat-vivenciada\/\" title=\"Read Psicomotricitat vivenciada\">Llegeix m\u00e9s\u00bb<\/a><\/p>\n","protected":false},"author":14,"featured_media":1368,"comment_status":"open","ping_status":"open","sticky":false,"template":"","format":"standard","meta":{"_bbp_topic_count":0,"_bbp_reply_count":0,"_bbp_total_topic_count":0,"_bbp_total_reply_count":0,"_bbp_voice_count":0,"_bbp_anonymous_reply_count":0,"_bbp_topic_count_hidden":0,"_bbp_reply_count_hidden":0,"_bbp_forum_subforum_count":0,"footnotes":""},"categories":[25,27,1],"tags":[41,44,102],"class_list":["post-1367","post","type-post","status-publish","format-standard","has-post-thumbnail","hentry","category-cicle-mitja","category-e-fisica","category-general","tag-educacio-fisica","tag-escola-campclar","tag-psicomotricitat-vivenciada"],"post_mailing_queue_ids":[],"_links":{"self":[{"href":"https:\/\/agora.xtec.cat\/escolacampclar\/wp-json\/wp\/v2\/posts\/1367","targetHints":{"allow":["GET"]}}],"collection":[{"href":"https:\/\/agora.xtec.cat\/escolacampclar\/wp-json\/wp\/v2\/posts"}],"about":[{"href":"https:\/\/agora.xtec.cat\/escolacampclar\/wp-json\/wp\/v2\/types\/post"}],"author":[{"embeddable":true,"href":"https:\/\/agora.xtec.cat\/escolacampclar\/wp-json\/wp\/v2\/users\/14"}],"replies":[{"embeddable":true,"href":"https:\/\/agora.xtec.cat\/escolacampclar\/wp-json\/wp\/v2\/comments?post=1367"}],"version-history":[{"count":1,"href":"https:\/\/agora.xtec.cat\/escolacampclar\/wp-json\/wp\/v2\/posts\/1367\/revisions"}],"predecessor-version":[{"id":1369,"href":"https:\/\/agora.xtec.cat\/escolacampclar\/wp-json\/wp\/v2\/posts\/1367\/revisions\/1369"}],"wp:featuredmedia":[{"embeddable":true,"href":"https:\/\/agora.xtec.cat\/escolacampclar\/wp-json\/wp\/v2\/media\/1368"}],"wp:attachment":[{"href":"https:\/\/agora.xtec.cat\/escolacampclar\/wp-json\/wp\/v2\/media?parent=1367"}],"wp:term":[{"taxonomy":"category","embeddable":true,"href":"https:\/\/agora.xtec.cat\/escolacampclar\/wp-json\/wp\/v2\/categories?post=1367"},{"taxonomy":"post_tag","embeddable":true,"href":"https:\/\/agora.xtec.cat\/escolacampclar\/wp-json\/wp\/v2\/tags?post=1367"}],"curies":[{"name":"wp","href":"https:\/\/api.w.org\/{rel}","templated":true}]}}