{"id":1363,"date":"2016-05-25T13:12:04","date_gmt":"2016-05-25T12:12:04","guid":{"rendered":"http:\/\/agora.xtec.cat\/escolacampclar\/?p=1363"},"modified":"2016-05-25T13:14:15","modified_gmt":"2016-05-25T12:14:15","slug":"tarraco-viva-2","status":"publish","type":"post","link":"https:\/\/agora.xtec.cat\/escolacampclar\/general\/tarraco-viva-2\/","title":{"rendered":"TARRACO VIVA"},"content":{"rendered":"<p>Dins del marc de la Tarraco Viva, els alumnes de 5\u00e8 de les escoles de la ciutat han participat en l&#8217;activitat Juguem com jugaven els nens i les nenes a la Tarraco Romana.<\/p>\n<p>Es tracta d&#8217;una activitat totalment enriquidora donat que els ajuda a con\u00e8ixer la hist\u00f2ria de la ciutat a trav\u00e9s del joc.<\/p>\n<p><a href=\"https:\/\/drive.google.com\/folderview?id=0B4n4fVJE2fdrLS1HTzFEcTB6TDQ&amp;usp=sharing\" target=\"_blank\">Si cliqueu sobre aquestes l\u00ednies podreu veure imatges de la jornada.<\/a><\/p>\n","protected":false},"excerpt":{"rendered":"<p>Dins del marc de la Tarraco Viva, els alumnes de 5\u00e8 de les escoles de la ciutat han participat en l&#8217;activitat Juguem com jugaven els nens i les nenes a la Tarraco Romana.<br \/>\nEs tracta d&#8217;una activitat totalment enriquidora donat que els ajuda a con\u00e8ixer la&hellip;  <a href=\"https:\/\/agora.xtec.cat\/escolacampclar\/general\/tarraco-viva-2\/\" title=\"Read TARRACO VIVA\">Llegeix m\u00e9s\u00bb<\/a><\/p>\n","protected":false},"author":14,"featured_media":1365,"comment_status":"open","ping_status":"open","sticky":false,"template":"","format":"standard","meta":{"_bbp_topic_count":0,"_bbp_reply_count":0,"_bbp_total_topic_count":0,"_bbp_total_reply_count":0,"_bbp_voice_count":0,"_bbp_anonymous_reply_count":0,"_bbp_topic_count_hidden":0,"_bbp_reply_count_hidden":0,"_bbp_forum_subforum_count":0,"footnotes":""},"categories":[26,1],"tags":[44,101],"class_list":["post-1363","post","type-post","status-publish","format-standard","has-post-thumbnail","hentry","category-cicle-superior","category-general","tag-escola-campclar","tag-tarraco-viva"],"post_mailing_queue_ids":[],"_links":{"self":[{"href":"https:\/\/agora.xtec.cat\/escolacampclar\/wp-json\/wp\/v2\/posts\/1363","targetHints":{"allow":["GET"]}}],"collection":[{"href":"https:\/\/agora.xtec.cat\/escolacampclar\/wp-json\/wp\/v2\/posts"}],"about":[{"href":"https:\/\/agora.xtec.cat\/escolacampclar\/wp-json\/wp\/v2\/types\/post"}],"author":[{"embeddable":true,"href":"https:\/\/agora.xtec.cat\/escolacampclar\/wp-json\/wp\/v2\/users\/14"}],"replies":[{"embeddable":true,"href":"https:\/\/agora.xtec.cat\/escolacampclar\/wp-json\/wp\/v2\/comments?post=1363"}],"version-history":[{"count":2,"href":"https:\/\/agora.xtec.cat\/escolacampclar\/wp-json\/wp\/v2\/posts\/1363\/revisions"}],"predecessor-version":[{"id":1366,"href":"https:\/\/agora.xtec.cat\/escolacampclar\/wp-json\/wp\/v2\/posts\/1363\/revisions\/1366"}],"wp:featuredmedia":[{"embeddable":true,"href":"https:\/\/agora.xtec.cat\/escolacampclar\/wp-json\/wp\/v2\/media\/1365"}],"wp:attachment":[{"href":"https:\/\/agora.xtec.cat\/escolacampclar\/wp-json\/wp\/v2\/media?parent=1363"}],"wp:term":[{"taxonomy":"category","embeddable":true,"href":"https:\/\/agora.xtec.cat\/escolacampclar\/wp-json\/wp\/v2\/categories?post=1363"},{"taxonomy":"post_tag","embeddable":true,"href":"https:\/\/agora.xtec.cat\/escolacampclar\/wp-json\/wp\/v2\/tags?post=1363"}],"curies":[{"name":"wp","href":"https:\/\/api.w.org\/{rel}","templated":true}]}}