{"id":1354,"date":"2016-05-24T12:02:45","date_gmt":"2016-05-24T11:02:45","guid":{"rendered":"http:\/\/agora.xtec.cat\/escolacampclar\/?p=1354"},"modified":"2016-05-31T11:48:36","modified_gmt":"2016-05-31T10:48:36","slug":"presentacio-de-tarracvs","status":"publish","type":"post","link":"https:\/\/agora.xtec.cat\/escolacampclar\/general\/presentacio-de-tarracvs\/","title":{"rendered":"Presentaci\u00f3 de Tarracvs"},"content":{"rendered":"<p>El passat dijous l&#8217;alumne Jos\u00e9 Manuel Gabarri Amaya juntament amb el mestre Enric van ser convidats a participar de l&#8217;acte de presentaci\u00f3 de la mascota dels Jocs Mediterranis Tarragona 2017 al Teatre Tarragona. L&#8217;acte va ser presidit pel rei Felip VI.<\/p>\n<p><a href=\"http:\/\/agora.xtec.cat\/escolacampclar\/wp-content\/uploads\/usu687\/2016\/05\/C\u00f2pia-de-IMG_6564.jpg\"><img loading=\"lazy\" decoding=\"async\" class=\"alignnone size-large wp-image-1355\" src=\"http:\/\/agora.xtec.cat\/escolacampclar\/wp-content\/uploads\/usu687\/2016\/05\/C\u00f2pia-de-IMG_6564-1024x768.jpg\" alt=\"C\u00f2pia de IMG_6564\" width=\"1024\" height=\"768\" srcset=\"https:\/\/agora.xtec.cat\/escolacampclar\/wp-content\/uploads\/usu687\/2016\/05\/C\u00f2pia-de-IMG_6564-1024x768.jpg 1024w, https:\/\/agora.xtec.cat\/escolacampclar\/wp-content\/uploads\/usu687\/2016\/05\/C\u00f2pia-de-IMG_6564-300x225.jpg 300w, https:\/\/agora.xtec.cat\/escolacampclar\/wp-content\/uploads\/usu687\/2016\/05\/C\u00f2pia-de-IMG_6564-200x150.jpg 200w\" sizes=\"auto, (max-width: 1024px) 100vw, 1024px\" \/><\/a> <a href=\"http:\/\/agora.xtec.cat\/escolacampclar\/wp-content\/uploads\/usu687\/2016\/05\/C\u00f2pia-de-IMG_6571.jpg\"><img loading=\"lazy\" decoding=\"async\" class=\"alignnone size-large wp-image-1356\" src=\"http:\/\/agora.xtec.cat\/escolacampclar\/wp-content\/uploads\/usu687\/2016\/05\/C\u00f2pia-de-IMG_6571-1024x768.jpg\" alt=\"C\u00f2pia de IMG_6571\" width=\"1024\" height=\"768\" srcset=\"https:\/\/agora.xtec.cat\/escolacampclar\/wp-content\/uploads\/usu687\/2016\/05\/C\u00f2pia-de-IMG_6571-1024x768.jpg 1024w, https:\/\/agora.xtec.cat\/escolacampclar\/wp-content\/uploads\/usu687\/2016\/05\/C\u00f2pia-de-IMG_6571-300x225.jpg 300w, https:\/\/agora.xtec.cat\/escolacampclar\/wp-content\/uploads\/usu687\/2016\/05\/C\u00f2pia-de-IMG_6571-200x150.jpg 200w\" sizes=\"auto, (max-width: 1024px) 100vw, 1024px\" \/><\/a> <a href=\"http:\/\/agora.xtec.cat\/escolacampclar\/wp-content\/uploads\/usu687\/2016\/05\/C\u00f2pia-de-IMG_6572.jpg\"><img loading=\"lazy\" decoding=\"async\" class=\"alignnone size-large wp-image-1357\" src=\"http:\/\/agora.xtec.cat\/escolacampclar\/wp-content\/uploads\/usu687\/2016\/05\/C\u00f2pia-de-IMG_6572-1024x768.jpg\" alt=\"C\u00f2pia de IMG_6572\" width=\"1024\" height=\"768\" srcset=\"https:\/\/agora.xtec.cat\/escolacampclar\/wp-content\/uploads\/usu687\/2016\/05\/C\u00f2pia-de-IMG_6572-1024x768.jpg 1024w, https:\/\/agora.xtec.cat\/escolacampclar\/wp-content\/uploads\/usu687\/2016\/05\/C\u00f2pia-de-IMG_6572-300x225.jpg 300w, https:\/\/agora.xtec.cat\/escolacampclar\/wp-content\/uploads\/usu687\/2016\/05\/C\u00f2pia-de-IMG_6572-200x150.jpg 200w\" sizes=\"auto, (max-width: 1024px) 100vw, 1024px\" \/><\/a> <a href=\"http:\/\/agora.xtec.cat\/escolacampclar\/wp-content\/uploads\/usu687\/2016\/05\/C\u00f2pia-de-IMG_6578.jpg\"><img loading=\"lazy\" decoding=\"async\" class=\"alignnone size-large wp-image-1358\" src=\"http:\/\/agora.xtec.cat\/escolacampclar\/wp-content\/uploads\/usu687\/2016\/05\/C\u00f2pia-de-IMG_6578-1024x768.jpg\" alt=\"C\u00f2pia de IMG_6578\" width=\"1024\" height=\"768\" srcset=\"https:\/\/agora.xtec.cat\/escolacampclar\/wp-content\/uploads\/usu687\/2016\/05\/C\u00f2pia-de-IMG_6578-1024x768.jpg 1024w, https:\/\/agora.xtec.cat\/escolacampclar\/wp-content\/uploads\/usu687\/2016\/05\/C\u00f2pia-de-IMG_6578-300x225.jpg 300w, https:\/\/agora.xtec.cat\/escolacampclar\/wp-content\/uploads\/usu687\/2016\/05\/C\u00f2pia-de-IMG_6578-200x150.jpg 200w\" sizes=\"auto, (max-width: 1024px) 100vw, 1024px\" \/><\/a> <a href=\"http:\/\/agora.xtec.cat\/escolacampclar\/wp-content\/uploads\/usu687\/2016\/05\/C\u00f2pia-de-IMG_6584.jpg\"><img loading=\"lazy\" decoding=\"async\" class=\"alignnone size-large wp-image-1359\" src=\"http:\/\/agora.xtec.cat\/escolacampclar\/wp-content\/uploads\/usu687\/2016\/05\/C\u00f2pia-de-IMG_6584-1024x768.jpg\" alt=\"C\u00f2pia de IMG_6584\" width=\"1024\" height=\"768\" srcset=\"https:\/\/agora.xtec.cat\/escolacampclar\/wp-content\/uploads\/usu687\/2016\/05\/C\u00f2pia-de-IMG_6584-1024x768.jpg 1024w, https:\/\/agora.xtec.cat\/escolacampclar\/wp-content\/uploads\/usu687\/2016\/05\/C\u00f2pia-de-IMG_6584-300x225.jpg 300w, https:\/\/agora.xtec.cat\/escolacampclar\/wp-content\/uploads\/usu687\/2016\/05\/C\u00f2pia-de-IMG_6584-200x150.jpg 200w\" sizes=\"auto, (max-width: 1024px) 100vw, 1024px\" \/><\/a> <a href=\"http:\/\/agora.xtec.cat\/escolacampclar\/wp-content\/uploads\/usu687\/2016\/05\/C\u00f2pia-de-IMG_6561.jpg\"><img loading=\"lazy\" decoding=\"async\" class=\"alignnone size-large wp-image-1360\" src=\"http:\/\/agora.xtec.cat\/escolacampclar\/wp-content\/uploads\/usu687\/2016\/05\/C\u00f2pia-de-IMG_6561-768x1024.jpg\" alt=\"C\u00f2pia de IMG_6561\" width=\"768\" height=\"1024\" srcset=\"https:\/\/agora.xtec.cat\/escolacampclar\/wp-content\/uploads\/usu687\/2016\/05\/C\u00f2pia-de-IMG_6561-768x1024.jpg 768w, https:\/\/agora.xtec.cat\/escolacampclar\/wp-content\/uploads\/usu687\/2016\/05\/C\u00f2pia-de-IMG_6561-225x300.jpg 225w\" sizes=\"auto, (max-width: 768px) 100vw, 768px\" \/><\/a> <a href=\"http:\/\/agora.xtec.cat\/escolacampclar\/wp-content\/uploads\/usu687\/2016\/05\/C\u00f2pia-de-IMG_6562.jpg\"><img loading=\"lazy\" decoding=\"async\" class=\"alignnone  wp-image-1361\" src=\"http:\/\/agora.xtec.cat\/escolacampclar\/wp-content\/uploads\/usu687\/2016\/05\/C\u00f2pia-de-IMG_6562-1024x768.jpg\" alt=\"C\u00f2pia de IMG_6562\" width=\"744\" height=\"558\" srcset=\"https:\/\/agora.xtec.cat\/escolacampclar\/wp-content\/uploads\/usu687\/2016\/05\/C\u00f2pia-de-IMG_6562-1024x768.jpg 1024w, https:\/\/agora.xtec.cat\/escolacampclar\/wp-content\/uploads\/usu687\/2016\/05\/C\u00f2pia-de-IMG_6562-300x225.jpg 300w, https:\/\/agora.xtec.cat\/escolacampclar\/wp-content\/uploads\/usu687\/2016\/05\/C\u00f2pia-de-IMG_6562-200x150.jpg 200w\" sizes=\"auto, (max-width: 744px) 100vw, 744px\" \/><\/a><\/p>\n","protected":false},"excerpt":{"rendered":"<p>El passat dijous l&#8217;alumne Jos\u00e9 Manuel Gabarri Amaya juntament amb el mestre Enric van ser convidats a participar de l&#8217;acte de presentaci\u00f3 de la mascota dels Jocs Mediterranis Tarragona 2017 al Teatre Tarragona. L&#8217;acte va ser presidit pel rei Felip VI.<br \/>\n<a href=\"http:\/\/agora.xtec.cat\/escolacampclar\/wp-content\/uploads\/usu687\/2016\/05\/C\u00f2pia-de-IMG_6564.jpg\"><\/a> <a href=\"http:\/\/agora.xtec.cat\/escolacampclar\/wp-content\/uploads\/usu687\/2016\/05\/C\u00f2pia-de-IMG_6571.jpg\"><\/a> <a&hellip;  <a href=\"https:\/\/agora.xtec.cat\/escolacampclar\/general\/presentacio-de-tarracvs\/\" title=\"Read Presentaci\u00f3 de Tarracvs\">Llegeix m\u00e9s\u00bb<\/a><\/p>\n","protected":false},"author":14,"featured_media":1358,"comment_status":"open","ping_status":"open","sticky":false,"template":"","format":"standard","meta":{"_bbp_topic_count":0,"_bbp_reply_count":0,"_bbp_total_topic_count":0,"_bbp_total_reply_count":0,"_bbp_voice_count":0,"_bbp_anonymous_reply_count":0,"_bbp_topic_count_hidden":0,"_bbp_reply_count_hidden":0,"_bbp_forum_subforum_count":0,"footnotes":""},"categories":[26,27,1],"tags":[],"class_list":["post-1354","post","type-post","status-publish","format-standard","has-post-thumbnail","hentry","category-cicle-superior","category-e-fisica","category-general"],"post_mailing_queue_ids":[],"_links":{"self":[{"href":"https:\/\/agora.xtec.cat\/escolacampclar\/wp-json\/wp\/v2\/posts\/1354","targetHints":{"allow":["GET"]}}],"collection":[{"href":"https:\/\/agora.xtec.cat\/escolacampclar\/wp-json\/wp\/v2\/posts"}],"about":[{"href":"https:\/\/agora.xtec.cat\/escolacampclar\/wp-json\/wp\/v2\/types\/post"}],"author":[{"embeddable":true,"href":"https:\/\/agora.xtec.cat\/escolacampclar\/wp-json\/wp\/v2\/users\/14"}],"replies":[{"embeddable":true,"href":"https:\/\/agora.xtec.cat\/escolacampclar\/wp-json\/wp\/v2\/comments?post=1354"}],"version-history":[{"count":1,"href":"https:\/\/agora.xtec.cat\/escolacampclar\/wp-json\/wp\/v2\/posts\/1354\/revisions"}],"predecessor-version":[{"id":1362,"href":"https:\/\/agora.xtec.cat\/escolacampclar\/wp-json\/wp\/v2\/posts\/1354\/revisions\/1362"}],"wp:featuredmedia":[{"embeddable":true,"href":"https:\/\/agora.xtec.cat\/escolacampclar\/wp-json\/wp\/v2\/media\/1358"}],"wp:attachment":[{"href":"https:\/\/agora.xtec.cat\/escolacampclar\/wp-json\/wp\/v2\/media?parent=1354"}],"wp:term":[{"taxonomy":"category","embeddable":true,"href":"https:\/\/agora.xtec.cat\/escolacampclar\/wp-json\/wp\/v2\/categories?post=1354"},{"taxonomy":"post_tag","embeddable":true,"href":"https:\/\/agora.xtec.cat\/escolacampclar\/wp-json\/wp\/v2\/tags?post=1354"}],"curies":[{"name":"wp","href":"https:\/\/api.w.org\/{rel}","templated":true}]}}