{"id":1298,"date":"2016-04-26T14:53:33","date_gmt":"2016-04-26T13:53:33","guid":{"rendered":"http:\/\/agora.xtec.cat\/escolacampclar\/?p=1298"},"modified":"2016-04-26T14:53:33","modified_gmt":"2016-04-26T13:53:33","slug":"regal-de-sant-jordi-per-als-padrins-de-lectura","status":"publish","type":"post","link":"https:\/\/agora.xtec.cat\/escolacampclar\/general\/regal-de-sant-jordi-per-als-padrins-de-lectura\/","title":{"rendered":"Regal de Sant Jordi per als padrins de lectura"},"content":{"rendered":"<p>Les classes de p5 ens han emocionat amb un bonic detall per celebrar la diada de Sant Jordi. Per sorpresa, s&#8217;han presentat a les classes de 6\u00e8 per fer-nos entrega d&#8217;un original punt de llibre i ens han cantat una bonica can\u00e7\u00f3.<\/p>\n<p><a href=\"https:\/\/drive.google.com\/folderview?id=0B4n4fVJE2fdrd0kwQUc2ZU4xTGc&amp;usp=sharing\" target=\"_blank\">Aqu\u00ed teniu les imatges de la trobada.<\/a><br \/>\n<iframe loading=\"lazy\" src=\"https:\/\/www.youtube.com\/embed\/PLqooxihBLM\" width=\"420\" height=\"315\" frameborder=\"0\" allowfullscreen=\"allowfullscreen\"><\/iframe><\/p>\n","protected":false},"excerpt":{"rendered":"<p>Les classes de p5 ens han emocionat amb un bonic detall per celebrar la diada de Sant Jordi. Per sorpresa, s&#8217;han presentat a les classes de 6\u00e8 per fer-nos entrega d&#8217;un original punt de llibre i ens han cantat una bonica can\u00e7\u00f3.<br \/>\n<a href=\"https:\/\/drive.google.com\/folderview?id=0B4n4fVJE2fdrd0kwQUc2ZU4xTGc&amp;usp=sharing\" target=\"_blank\">Aqu\u00ed teniu&hellip;  <a href=\"https:\/\/agora.xtec.cat\/escolacampclar\/general\/regal-de-sant-jordi-per-als-padrins-de-lectura\/\" title=\"Read Regal de Sant Jordi per als padrins de lectura\">Llegeix m\u00e9s\u00bb<\/a><\/p>\n","protected":false},"author":14,"featured_media":1299,"comment_status":"open","ping_status":"open","sticky":false,"template":"","format":"standard","meta":{"_bbp_topic_count":0,"_bbp_reply_count":0,"_bbp_total_topic_count":0,"_bbp_total_reply_count":0,"_bbp_voice_count":0,"_bbp_anonymous_reply_count":0,"_bbp_topic_count_hidden":0,"_bbp_reply_count_hidden":0,"_bbp_forum_subforum_count":0,"footnotes":""},"categories":[23,26,59,1],"tags":[],"class_list":["post-1298","post","type-post","status-publish","format-standard","has-post-thumbnail","hentry","category-biblioteca","category-cicle-superior","category-infantil","category-general"],"post_mailing_queue_ids":[],"_links":{"self":[{"href":"https:\/\/agora.xtec.cat\/escolacampclar\/wp-json\/wp\/v2\/posts\/1298","targetHints":{"allow":["GET"]}}],"collection":[{"href":"https:\/\/agora.xtec.cat\/escolacampclar\/wp-json\/wp\/v2\/posts"}],"about":[{"href":"https:\/\/agora.xtec.cat\/escolacampclar\/wp-json\/wp\/v2\/types\/post"}],"author":[{"embeddable":true,"href":"https:\/\/agora.xtec.cat\/escolacampclar\/wp-json\/wp\/v2\/users\/14"}],"replies":[{"embeddable":true,"href":"https:\/\/agora.xtec.cat\/escolacampclar\/wp-json\/wp\/v2\/comments?post=1298"}],"version-history":[{"count":1,"href":"https:\/\/agora.xtec.cat\/escolacampclar\/wp-json\/wp\/v2\/posts\/1298\/revisions"}],"predecessor-version":[{"id":1302,"href":"https:\/\/agora.xtec.cat\/escolacampclar\/wp-json\/wp\/v2\/posts\/1298\/revisions\/1302"}],"wp:featuredmedia":[{"embeddable":true,"href":"https:\/\/agora.xtec.cat\/escolacampclar\/wp-json\/wp\/v2\/media\/1299"}],"wp:attachment":[{"href":"https:\/\/agora.xtec.cat\/escolacampclar\/wp-json\/wp\/v2\/media?parent=1298"}],"wp:term":[{"taxonomy":"category","embeddable":true,"href":"https:\/\/agora.xtec.cat\/escolacampclar\/wp-json\/wp\/v2\/categories?post=1298"},{"taxonomy":"post_tag","embeddable":true,"href":"https:\/\/agora.xtec.cat\/escolacampclar\/wp-json\/wp\/v2\/tags?post=1298"}],"curies":[{"name":"wp","href":"https:\/\/api.w.org\/{rel}","templated":true}]}}