{"id":1274,"date":"2016-04-13T15:48:44","date_gmt":"2016-04-13T14:48:44","guid":{"rendered":"http:\/\/agora.xtec.cat\/escolacampclar\/?p=1274"},"modified":"2016-05-02T14:18:06","modified_gmt":"2016-05-02T13:18:06","slug":"la-coral-de-lescola-visita-la-fundacio-onada","status":"publish","type":"post","link":"https:\/\/agora.xtec.cat\/escolacampclar\/general\/la-coral-de-lescola-visita-la-fundacio-onada\/","title":{"rendered":"La coral de l&#8217;escola visita la Fundaci\u00f3 Onada."},"content":{"rendered":"<p>La coral de l&#8217;escola dirigida per la Nohemi ha visitat la Fundaci\u00f3 Onada per realitzar un concert que ha tingut molt d&#8217;\u00e8xit.<\/p>\n<p>Us deixem un v\u00eddeo d&#8217;una part de l&#8217;actuaci\u00f3. Esperem que us agradi.<br \/>\n<iframe loading=\"lazy\" src=\"https:\/\/www.youtube.com\/embed\/sL5edp8Rlus\" width=\"560\" height=\"315\" frameborder=\"0\" allowfullscreen=\"allowfullscreen\"><\/iframe><\/p>\n","protected":false},"excerpt":{"rendered":"<p>La coral de l&#8217;escola dirigida per la Nohemi ha visitat la Fundaci\u00f3 Onada per realitzar un concert que ha tingut molt d&#8217;\u00e8xit.<br \/>\nUs deixem un v\u00eddeo d&#8217;una part de l&#8217;actuaci\u00f3. Esperem que us agradi.<\/p>\n","protected":false},"author":14,"featured_media":1276,"comment_status":"open","ping_status":"open","sticky":false,"template":"","format":"standard","meta":{"_bbp_topic_count":0,"_bbp_reply_count":0,"_bbp_total_topic_count":0,"_bbp_total_reply_count":0,"_bbp_voice_count":0,"_bbp_anonymous_reply_count":0,"_bbp_topic_count_hidden":0,"_bbp_reply_count_hidden":0,"_bbp_forum_subforum_count":0,"footnotes":""},"categories":[1,31],"tags":[],"class_list":["post-1274","post","type-post","status-publish","format-standard","has-post-thumbnail","hentry","category-general","category-musica"],"post_mailing_queue_ids":[],"_links":{"self":[{"href":"https:\/\/agora.xtec.cat\/escolacampclar\/wp-json\/wp\/v2\/posts\/1274","targetHints":{"allow":["GET"]}}],"collection":[{"href":"https:\/\/agora.xtec.cat\/escolacampclar\/wp-json\/wp\/v2\/posts"}],"about":[{"href":"https:\/\/agora.xtec.cat\/escolacampclar\/wp-json\/wp\/v2\/types\/post"}],"author":[{"embeddable":true,"href":"https:\/\/agora.xtec.cat\/escolacampclar\/wp-json\/wp\/v2\/users\/14"}],"replies":[{"embeddable":true,"href":"https:\/\/agora.xtec.cat\/escolacampclar\/wp-json\/wp\/v2\/comments?post=1274"}],"version-history":[{"count":2,"href":"https:\/\/agora.xtec.cat\/escolacampclar\/wp-json\/wp\/v2\/posts\/1274\/revisions"}],"predecessor-version":[{"id":1327,"href":"https:\/\/agora.xtec.cat\/escolacampclar\/wp-json\/wp\/v2\/posts\/1274\/revisions\/1327"}],"wp:featuredmedia":[{"embeddable":true,"href":"https:\/\/agora.xtec.cat\/escolacampclar\/wp-json\/wp\/v2\/media\/1276"}],"wp:attachment":[{"href":"https:\/\/agora.xtec.cat\/escolacampclar\/wp-json\/wp\/v2\/media?parent=1274"}],"wp:term":[{"taxonomy":"category","embeddable":true,"href":"https:\/\/agora.xtec.cat\/escolacampclar\/wp-json\/wp\/v2\/categories?post=1274"},{"taxonomy":"post_tag","embeddable":true,"href":"https:\/\/agora.xtec.cat\/escolacampclar\/wp-json\/wp\/v2\/tags?post=1274"}],"curies":[{"name":"wp","href":"https:\/\/api.w.org\/{rel}","templated":true}]}}