{"id":1184,"date":"2016-03-17T18:10:15","date_gmt":"2016-03-17T17:10:15","guid":{"rendered":"http:\/\/agora.xtec.cat\/escolacampclar\/?p=1184"},"modified":"2016-03-17T18:11:35","modified_gmt":"2016-03-17T17:11:35","slug":"els-alumnes-de-p3-visiten-la-biblioteca-del-centre-civic","status":"publish","type":"post","link":"https:\/\/agora.xtec.cat\/escolacampclar\/general\/els-alumnes-de-p3-visiten-la-biblioteca-del-centre-civic\/","title":{"rendered":"Els alumnes de P3 visiten la Biblioteca del Centre C\u00edvic"},"content":{"rendered":"<p>Els alumnes de P3 van visitar el Centre C\u00edvic de Torreforta.<\/p>\n<p>Al seu pas per la biblioteca i per la ludoteca del centre van gaudir de valent, com ho demostren les imatges que podr\u00e0s veure en el seg\u00fcent enlla\u00e7.<\/p>\n<p><a href=\"https:\/\/drive.google.com\/folderview?id=0B4n4fVJE2fdrMjlmX3g4emFmazA&amp;usp=sharing\" target=\"_blank\">Clica aqu\u00ed si vols veure les imatges.<\/a><\/p>\n","protected":false},"excerpt":{"rendered":"<p>Els alumnes de P3 van visitar el Centre C\u00edvic de Torreforta.<br \/>\nAl seu pas per la biblioteca i per la ludoteca del centre van gaudir de valent, com ho demostren les imatges que podr\u00e0s veure en el seg\u00fcent enlla\u00e7.<br \/>\n<a href=\"https:\/\/drive.google.com\/folderview?id=0B4n4fVJE2fdrMjlmX3g4emFmazA&amp;usp=sharing\" target=\"_blank\">Clica aqu\u00ed si vols veure les&hellip;  <a href=\"https:\/\/agora.xtec.cat\/escolacampclar\/general\/els-alumnes-de-p3-visiten-la-biblioteca-del-centre-civic\/\" title=\"Read Els alumnes de P3 visiten la Biblioteca del Centre C\u00edvic\">Llegeix m\u00e9s\u00bb<\/a><\/p>\n","protected":false},"author":14,"featured_media":0,"comment_status":"open","ping_status":"open","sticky":false,"template":"","format":"standard","meta":{"_bbp_topic_count":0,"_bbp_reply_count":0,"_bbp_total_topic_count":0,"_bbp_total_reply_count":0,"_bbp_voice_count":0,"_bbp_anonymous_reply_count":0,"_bbp_topic_count_hidden":0,"_bbp_reply_count_hidden":0,"_bbp_forum_subforum_count":0,"footnotes":""},"categories":[23,59,1],"tags":[73,70,71,72],"class_list":["post-1184","post","type-post","status-publish","format-standard","hentry","category-biblioteca","category-infantil","category-general","tag-biblioteca","tag-centre-civic","tag-escolacampclar","tag-ludoteca"],"post_mailing_queue_ids":[],"_links":{"self":[{"href":"https:\/\/agora.xtec.cat\/escolacampclar\/wp-json\/wp\/v2\/posts\/1184","targetHints":{"allow":["GET"]}}],"collection":[{"href":"https:\/\/agora.xtec.cat\/escolacampclar\/wp-json\/wp\/v2\/posts"}],"about":[{"href":"https:\/\/agora.xtec.cat\/escolacampclar\/wp-json\/wp\/v2\/types\/post"}],"author":[{"embeddable":true,"href":"https:\/\/agora.xtec.cat\/escolacampclar\/wp-json\/wp\/v2\/users\/14"}],"replies":[{"embeddable":true,"href":"https:\/\/agora.xtec.cat\/escolacampclar\/wp-json\/wp\/v2\/comments?post=1184"}],"version-history":[{"count":1,"href":"https:\/\/agora.xtec.cat\/escolacampclar\/wp-json\/wp\/v2\/posts\/1184\/revisions"}],"predecessor-version":[{"id":1185,"href":"https:\/\/agora.xtec.cat\/escolacampclar\/wp-json\/wp\/v2\/posts\/1184\/revisions\/1185"}],"wp:attachment":[{"href":"https:\/\/agora.xtec.cat\/escolacampclar\/wp-json\/wp\/v2\/media?parent=1184"}],"wp:term":[{"taxonomy":"category","embeddable":true,"href":"https:\/\/agora.xtec.cat\/escolacampclar\/wp-json\/wp\/v2\/categories?post=1184"},{"taxonomy":"post_tag","embeddable":true,"href":"https:\/\/agora.xtec.cat\/escolacampclar\/wp-json\/wp\/v2\/tags?post=1184"}],"curies":[{"name":"wp","href":"https:\/\/api.w.org\/{rel}","templated":true}]}}