{"id":1176,"date":"2016-03-16T17:55:55","date_gmt":"2016-03-16T16:55:55","guid":{"rendered":"http:\/\/agora.xtec.cat\/escolacampclar\/?p=1176"},"modified":"2016-04-04T13:05:01","modified_gmt":"2016-04-04T12:05:01","slug":"els-de-3r-hem-anat-a-la-biblioteca","status":"publish","type":"post","link":"https:\/\/agora.xtec.cat\/escolacampclar\/general\/els-de-3r-hem-anat-a-la-biblioteca\/","title":{"rendered":"Els de 3r hem anat a la Biblioteca"},"content":{"rendered":"<p>Els nens i nenes de 3r hem anat aquest dimarts a la Biblioteca del centre c\u00edvic de Torreforta i all\u00ed ens han explicat un conte relacionat amb les diferents fam\u00edlies d&#8217;instruments de m\u00fasica. Ens hem divertit molt jugant i aprenent!!!<\/p>\n<p><a href=\"https:\/\/drive.google.com\/folderview?id=0B4n4fVJE2fdrMjFTYzlpQmFidVU&amp;usp=sharing\" target=\"_blank\">Cliqueu aqu\u00ed i podreu veure que b\u00e9 ho vam passar!<\/a><\/p>\n<p><a href=\"http:\/\/agora.xtec.cat\/escolacampclar\/wp-content\/uploads\/usu687\/2016\/03\/IMG_20160315_102106-REDUIDA.jpg\"><img loading=\"lazy\" decoding=\"async\" class=\"alignnone size-large wp-image-1177\" src=\"http:\/\/agora.xtec.cat\/escolacampclar\/wp-content\/uploads\/usu687\/2016\/03\/IMG_20160315_102106-REDUIDA-743x1024.jpg\" alt=\"IMG_20160315_102106 REDUIDA\" width=\"743\" height=\"1024\" srcset=\"https:\/\/agora.xtec.cat\/escolacampclar\/wp-content\/uploads\/usu687\/2016\/03\/IMG_20160315_102106-REDUIDA-743x1024.jpg 743w, https:\/\/agora.xtec.cat\/escolacampclar\/wp-content\/uploads\/usu687\/2016\/03\/IMG_20160315_102106-REDUIDA-218x300.jpg 218w, https:\/\/agora.xtec.cat\/escolacampclar\/wp-content\/uploads\/usu687\/2016\/03\/IMG_20160315_102106-REDUIDA.jpg 1184w\" sizes=\"auto, (max-width: 743px) 100vw, 743px\" \/><\/a><\/p>\n","protected":false},"excerpt":{"rendered":"<p>Els nens i nenes de 3r hem anat aquest dimarts a la Biblioteca del centre c\u00edvic de Torreforta i all\u00ed ens han explicat un conte relacionat amb les diferents fam\u00edlies d&#8217;instruments de m\u00fasica. Ens hem divertit molt jugant i aprenent!!!<br \/>\n<a href=\"https:\/\/drive.google.com\/folderview?id=0B4n4fVJE2fdrMjFTYzlpQmFidVU&amp;usp=sharing\" target=\"_blank\">Cliqueu aqu\u00ed i podreu&hellip;  <a href=\"https:\/\/agora.xtec.cat\/escolacampclar\/general\/els-de-3r-hem-anat-a-la-biblioteca\/\" title=\"Read Els de 3r hem anat a la Biblioteca\">Llegeix m\u00e9s\u00bb<\/a><\/p>\n","protected":false},"author":14,"featured_media":1177,"comment_status":"open","ping_status":"open","sticky":false,"template":"","format":"standard","meta":{"_bbp_topic_count":0,"_bbp_reply_count":0,"_bbp_total_topic_count":0,"_bbp_total_reply_count":0,"_bbp_voice_count":0,"_bbp_anonymous_reply_count":0,"_bbp_topic_count_hidden":0,"_bbp_reply_count_hidden":0,"_bbp_forum_subforum_count":0,"footnotes":""},"categories":[25,1],"tags":[60,37,44,68],"class_list":["post-1176","post","type-post","status-publish","format-standard","has-post-thumbnail","hentry","category-cicle-mitja","category-general","tag-biblioteca-viva","tag-cicle-mitja-2","tag-escola-campclar","tag-sortida"],"post_mailing_queue_ids":[],"_links":{"self":[{"href":"https:\/\/agora.xtec.cat\/escolacampclar\/wp-json\/wp\/v2\/posts\/1176","targetHints":{"allow":["GET"]}}],"collection":[{"href":"https:\/\/agora.xtec.cat\/escolacampclar\/wp-json\/wp\/v2\/posts"}],"about":[{"href":"https:\/\/agora.xtec.cat\/escolacampclar\/wp-json\/wp\/v2\/types\/post"}],"author":[{"embeddable":true,"href":"https:\/\/agora.xtec.cat\/escolacampclar\/wp-json\/wp\/v2\/users\/14"}],"replies":[{"embeddable":true,"href":"https:\/\/agora.xtec.cat\/escolacampclar\/wp-json\/wp\/v2\/comments?post=1176"}],"version-history":[{"count":3,"href":"https:\/\/agora.xtec.cat\/escolacampclar\/wp-json\/wp\/v2\/posts\/1176\/revisions"}],"predecessor-version":[{"id":1205,"href":"https:\/\/agora.xtec.cat\/escolacampclar\/wp-json\/wp\/v2\/posts\/1176\/revisions\/1205"}],"wp:featuredmedia":[{"embeddable":true,"href":"https:\/\/agora.xtec.cat\/escolacampclar\/wp-json\/wp\/v2\/media\/1177"}],"wp:attachment":[{"href":"https:\/\/agora.xtec.cat\/escolacampclar\/wp-json\/wp\/v2\/media?parent=1176"}],"wp:term":[{"taxonomy":"category","embeddable":true,"href":"https:\/\/agora.xtec.cat\/escolacampclar\/wp-json\/wp\/v2\/categories?post=1176"},{"taxonomy":"post_tag","embeddable":true,"href":"https:\/\/agora.xtec.cat\/escolacampclar\/wp-json\/wp\/v2\/tags?post=1176"}],"curies":[{"name":"wp","href":"https:\/\/api.w.org\/{rel}","templated":true}]}}