{"id":1170,"date":"2016-03-16T17:14:24","date_gmt":"2016-03-16T16:14:24","guid":{"rendered":"http:\/\/agora.xtec.cat\/escolacampclar\/?p=1170"},"modified":"2016-03-17T08:27:52","modified_gmt":"2016-03-17T07:27:52","slug":"els-nens-de-p5-ens-ballen-la-canco-ani-kuni","status":"publish","type":"post","link":"https:\/\/agora.xtec.cat\/escolacampclar\/general\/els-nens-de-p5-ens-ballen-la-canco-ani-kuni\/","title":{"rendered":"Els nens de P5 ens ballen la can\u00e7\u00f3 ANI KUNI"},"content":{"rendered":"<p>Els alumnes de P5-A i P5-B, hem ballat la can\u00e7\u00f3 ANI KUNI i ens hem divertit molt\u00edssim!!! Mireu que b\u00e9 que ens ha sortit!!!<\/p>\n<p><iframe loading=\"lazy\" src=\"https:\/\/www.youtube.com\/embed\/JW0jaCFxyeQ\" width=\"560\" height=\"315\" frameborder=\"0\" allowfullscreen=\"allowfullscreen\"><\/iframe> <iframe loading=\"lazy\" src=\"https:\/\/www.youtube.com\/embed\/o_K4jcdxkuk\" width=\"560\" height=\"315\" frameborder=\"0\" allowfullscreen=\"allowfullscreen\"><\/iframe><\/p>\n","protected":false},"excerpt":{"rendered":"<p>Els alumnes de P5-A i P5-B, hem ballat la can\u00e7\u00f3 ANI KUNI i ens hem divertit molt\u00edssim!!! Mireu que b\u00e9 que ens ha sortit!!!<\/p>\n","protected":false},"author":14,"featured_media":0,"comment_status":"open","ping_status":"open","sticky":false,"template":"","format":"standard","meta":{"_bbp_topic_count":0,"_bbp_reply_count":0,"_bbp_total_topic_count":0,"_bbp_total_reply_count":0,"_bbp_voice_count":0,"_bbp_anonymous_reply_count":0,"_bbp_topic_count_hidden":0,"_bbp_reply_count_hidden":0,"_bbp_forum_subforum_count":0,"footnotes":""},"categories":[59,1,31],"tags":[42,44,69],"class_list":["post-1170","post","type-post","status-publish","format-standard","hentry","category-infantil","category-general","category-musica","tag-educacio-infantil-2","tag-escola-campclar","tag-musica"],"post_mailing_queue_ids":[],"_links":{"self":[{"href":"https:\/\/agora.xtec.cat\/escolacampclar\/wp-json\/wp\/v2\/posts\/1170","targetHints":{"allow":["GET"]}}],"collection":[{"href":"https:\/\/agora.xtec.cat\/escolacampclar\/wp-json\/wp\/v2\/posts"}],"about":[{"href":"https:\/\/agora.xtec.cat\/escolacampclar\/wp-json\/wp\/v2\/types\/post"}],"author":[{"embeddable":true,"href":"https:\/\/agora.xtec.cat\/escolacampclar\/wp-json\/wp\/v2\/users\/14"}],"replies":[{"embeddable":true,"href":"https:\/\/agora.xtec.cat\/escolacampclar\/wp-json\/wp\/v2\/comments?post=1170"}],"version-history":[{"count":3,"href":"https:\/\/agora.xtec.cat\/escolacampclar\/wp-json\/wp\/v2\/posts\/1170\/revisions"}],"predecessor-version":[{"id":1175,"href":"https:\/\/agora.xtec.cat\/escolacampclar\/wp-json\/wp\/v2\/posts\/1170\/revisions\/1175"}],"wp:attachment":[{"href":"https:\/\/agora.xtec.cat\/escolacampclar\/wp-json\/wp\/v2\/media?parent=1170"}],"wp:term":[{"taxonomy":"category","embeddable":true,"href":"https:\/\/agora.xtec.cat\/escolacampclar\/wp-json\/wp\/v2\/categories?post=1170"},{"taxonomy":"post_tag","embeddable":true,"href":"https:\/\/agora.xtec.cat\/escolacampclar\/wp-json\/wp\/v2\/tags?post=1170"}],"curies":[{"name":"wp","href":"https:\/\/api.w.org\/{rel}","templated":true}]}}