{"id":1160,"date":"2016-03-14T21:45:02","date_gmt":"2016-03-14T20:45:02","guid":{"rendered":"http:\/\/agora.xtec.cat\/escolacampclar\/?p=1160"},"modified":"2016-03-14T21:45:02","modified_gmt":"2016-03-14T20:45:02","slug":"premi-sambori-omnium-2016","status":"publish","type":"post","link":"https:\/\/agora.xtec.cat\/escolacampclar\/general\/premi-sambori-omnium-2016\/","title":{"rendered":"Premi Sambori \u00d2mnium 2016"},"content":{"rendered":"<p>Una de les grans not\u00edcies de la setmana a l&#8217;escola \u00e9s que l&#8217;alumne de 6\u00e8 B, Najim Achaboune, ha guanyat el <a href=\"https:\/\/drive.google.com\/folderview?id=0B4n4fVJE2fdrczB6Z2N3eFM2YVU&amp;usp=sharing\" target=\"_blank\">Premi Sambori<\/a> de literatura organitzat per \u00d2mnium Cultural.<\/p>\n<p>&nbsp;<\/p>\n","protected":false},"excerpt":{"rendered":"<p>Una de les grans not\u00edcies de la setmana a l&#8217;escola \u00e9s que l&#8217;alumne de 6\u00e8 B, Najim Achaboune, ha guanyat el <a href=\"https:\/\/drive.google.com\/folderview?id=0B4n4fVJE2fdrczB6Z2N3eFM2YVU&amp;usp=sharing\" target=\"_blank\">Premi Sambori<\/a> de literatura organitzat per \u00d2mnium Cultural.<br \/>\n&nbsp;<\/p>\n","protected":false},"author":14,"featured_media":1161,"comment_status":"open","ping_status":"open","sticky":false,"template":"","format":"standard","meta":{"_bbp_topic_count":0,"_bbp_reply_count":0,"_bbp_total_topic_count":0,"_bbp_total_reply_count":0,"_bbp_voice_count":0,"_bbp_anonymous_reply_count":0,"_bbp_topic_count_hidden":0,"_bbp_reply_count_hidden":0,"_bbp_forum_subforum_count":0,"footnotes":""},"categories":[23,1],"tags":[44,66,65],"class_list":["post-1160","post","type-post","status-publish","format-standard","has-post-thumbnail","hentry","category-biblioteca","category-general","tag-escola-campclar","tag-omnium","tag-sambori"],"post_mailing_queue_ids":[],"_links":{"self":[{"href":"https:\/\/agora.xtec.cat\/escolacampclar\/wp-json\/wp\/v2\/posts\/1160","targetHints":{"allow":["GET"]}}],"collection":[{"href":"https:\/\/agora.xtec.cat\/escolacampclar\/wp-json\/wp\/v2\/posts"}],"about":[{"href":"https:\/\/agora.xtec.cat\/escolacampclar\/wp-json\/wp\/v2\/types\/post"}],"author":[{"embeddable":true,"href":"https:\/\/agora.xtec.cat\/escolacampclar\/wp-json\/wp\/v2\/users\/14"}],"replies":[{"embeddable":true,"href":"https:\/\/agora.xtec.cat\/escolacampclar\/wp-json\/wp\/v2\/comments?post=1160"}],"version-history":[{"count":1,"href":"https:\/\/agora.xtec.cat\/escolacampclar\/wp-json\/wp\/v2\/posts\/1160\/revisions"}],"predecessor-version":[{"id":1162,"href":"https:\/\/agora.xtec.cat\/escolacampclar\/wp-json\/wp\/v2\/posts\/1160\/revisions\/1162"}],"wp:featuredmedia":[{"embeddable":true,"href":"https:\/\/agora.xtec.cat\/escolacampclar\/wp-json\/wp\/v2\/media\/1161"}],"wp:attachment":[{"href":"https:\/\/agora.xtec.cat\/escolacampclar\/wp-json\/wp\/v2\/media?parent=1160"}],"wp:term":[{"taxonomy":"category","embeddable":true,"href":"https:\/\/agora.xtec.cat\/escolacampclar\/wp-json\/wp\/v2\/categories?post=1160"},{"taxonomy":"post_tag","embeddable":true,"href":"https:\/\/agora.xtec.cat\/escolacampclar\/wp-json\/wp\/v2\/tags?post=1160"}],"curies":[{"name":"wp","href":"https:\/\/api.w.org\/{rel}","templated":true}]}}