{"id":111,"date":"2009-09-11T15:45:08","date_gmt":"2009-09-11T14:45:08","guid":{"rendered":"http:\/\/blocs.xtec.cat\/campclar\/?p=111"},"modified":"2009-09-11T15:45:08","modified_gmt":"2009-09-11T14:45:08","slug":"comencem-el-curs","status":"publish","type":"post","link":"https:\/\/agora.xtec.cat\/escolacampclar\/general\/comencem-el-curs\/","title":{"rendered":"Comencem el curs"},"content":{"rendered":"<p><span><\/p>\n<table style=\"width: 100%\" border=\"0\" cellspacing=\"0\" cellpadding=\"0\">\n<tbody>\n<tr>\n<td>\n<div class=\"shape\" style=\"padding: 4.35pt 7.95pt\">\n<h6><span lang=\"ES-TRAD\">CURS 2009-2010<\/span><\/h6>\n<\/div>\n<p><!--[if !mso]--><\/td>\n<\/tr>\n<\/tbody>\n<\/table>\n<p><\/span><\/p>\n<p><!--[endif]--><!--[if !mso &amp; !vml]--> <!--[endif]--><!--[if !vml]--><!--[endif]--><span style=\"font-family: Arial\" lang=\"CA\"> <\/span><\/p>\n<p class=\"Estndard\" style=\"text-align: justify\"><span style=\"font-size: 10pt;font-family: Arial\" lang=\"CA\"> <\/span><\/p>\n<p class=\"Estndard\" style=\"text-align: justify\"><span style=\"font-size: 11pt;font-family: Arial\" lang=\"CA\"> <\/span><\/p>\n<p class=\"Estndard\" style=\"text-align: justify\"><span style=\"font-size: 11pt;font-family: Arial\" lang=\"CA\">Benvolguts pares i mares:<\/span><\/p>\n<p class=\"Estndard\" style=\"text-align: justify\"><span style=\"font-size: 11pt\" lang=\"CA\"> <\/span><\/p>\n<p class=\"Estndard\" style=\"text-align: center\" align=\"center\"><strong><span style=\"text-decoration: underline\"><span style=\"font-size: 11pt\" lang=\"CA\">ES PREGA LLEGIR MOLT ATENTAMENT AQUESTA CIRCULAR<\/span><\/span><\/strong><\/p>\n<p class=\"Estndard\" style=\"text-align: center\" align=\"center\"><strong><span style=\"text-decoration: underline\"><span style=\"font-size: 11pt\" lang=\"CA\"><span style=\"text-decoration: none\"> <\/span><\/span><\/span><\/strong><\/p>\n<p class=\"Estndard\" style=\"text-align: center\" align=\"center\"><strong><span style=\"text-decoration: underline\"><span style=\"font-size: 11pt\" lang=\"CA\">ES IMPRESCINDIBLE ACOMPLIR LES SEVES INDICACIONS<\/span><\/span><\/strong><\/p>\n<p class=\"Estndard\" style=\"text-align: justify\"><span style=\"font-size: 11pt\" lang=\"CA\"> <\/span><\/p>\n<p class=\"Simple\" style=\"margin-left: 18pt;text-align: justify\"><!--[if !supportLists]--><span style=\"font-size: 12pt\" lang=\"CA\"><span>1)<span style=\"font-family: &quot;Times New Roman&quot;font-style: normal;font-variant: normal;font-weight: normal;font-size: 7pt\"> <\/span><\/span><\/span><!--[endif]--><strong><span style=\"text-decoration: underline\"><span style=\"font-size: 12pt\" lang=\"CA\">Inici del curs i menjador pels alumnes de P-3<\/span><\/span><\/strong><\/p>\n<p class=\"Simple\" style=\"text-align: justify\"><span style=\"font-size: 11pt\" lang=\"CA\"> <\/span><\/p>\n<p class=\"Simple\" style=\"text-align: justify\"><span style=\"font-size: 11pt\" lang=\"CA\">Per tal d\u2019anar-se adaptant poc a poc al nou espai escolar, es recorda l\u2019horari lectiu dels alumnes de P-3:<\/span><\/p>\n<p class=\"Simple\" style=\"text-align: justify\"><span style=\"font-size: 11pt\" lang=\"CA\"> <\/span><\/p>\n<p class=\"Simple\" style=\"text-align: justify\"><span style=\"font-size: 11pt\" lang=\"CA\">Dia 14: de 11 a 13 hores<\/span><\/p>\n<p class=\"Simple\" style=\"text-align: justify\"><span style=\"font-size: 11pt\" lang=\"CA\">Dia 15: de 10 a 13 hores<\/span><\/p>\n<p class=\"Simple\" style=\"text-align: justify\"><span style=\"font-size: 11pt\" lang=\"CA\">Dia 16: de 10 a 13 hores<\/span><\/p>\n<p class=\"Simple\" style=\"text-align: justify\"><span style=\"font-size: 11pt\" lang=\"CA\">A partir del dia 17 de setembre:<span> <\/span>de 9:30<span> <\/span>a 13 h.<span> <\/span>i<span> <\/span>de 15 a 16:30 h.<\/span><\/p>\n<p class=\"Simple\" style=\"text-align: justify\"><span style=\"font-size: 11pt\" lang=\"CA\"> <\/span><\/p>\n<p class=\"Simple\" style=\"text-align: justify\"><span style=\"font-size: 11pt\" lang=\"CA\">ELS ALUMNES DE P-3 COMEN\u00c7ARAN MENJADOR EL DIJOUS DIA 17 DE SETEMBRE.<\/span><\/p>\n<p class=\"Simple\" style=\"text-align: justify\"><span style=\"font-size: 11pt\" lang=\"CA\"> <\/span><\/p>\n<p class=\"Simple\" style=\"text-align: justify\"><span style=\"font-size: 11pt\" lang=\"CA\"> <\/span><\/p>\n<p class=\"Simple\" style=\"margin-left: 18pt;text-align: justify\"><!--[if !supportLists]--><span style=\"font-size: 12pt\" lang=\"CA\"><span>2)<span style=\"font-family: &quot;Times New Roman&quot;font-style: normal;font-variant: normal;font-weight: normal;font-size: 7pt\"> <\/span><\/span><\/span><!--[endif]--><strong><span style=\"text-decoration: underline\"><span style=\"font-size: 12pt\" lang=\"CA\">Inici del curs i menjador pel alumnes de P-4 a 6\u00e8<\/span><\/span><\/strong><\/p>\n<p class=\"Estndard\" style=\"text-align: justify\"><span style=\"text-decoration: underline\"><span style=\"font-size: 11pt\" lang=\"CA\"><span style=\"text-decoration: none\"> <\/span><\/span><\/span><\/p>\n<p class=\"Simple\"><span style=\"font-size: 11pt\" lang=\"CA\">Horari general del curs, de P3, P4 i P5:<span> <\/span>de 9:30 a 13 h<span> <\/span>i<span> <\/span>de 15 a 16:30 h.<\/span><\/p>\n<p class=\"Simple\"><span style=\"font-size: 11pt\" lang=\"CA\">Horari general del curs de PRIM\u00c0RIA:<span> <\/span>de 8:30 a 13 h<span> <\/span>i<span> <\/span>de 15 a 16:30 h.<\/span><\/p>\n<p class=\"Simple\"><span style=\"font-size: 11pt\" lang=\"CA\"><span> <\/span><\/span><\/p>\n<p class=\"Simple\" style=\"text-align: justify\"><span style=\"font-size: 11pt\" lang=\"CA\">ELS ALUMNES DE P-4 a 6\u00e8 COMEN\u00c7ARAN MENJADOR EL MATEIX DIA 14 DE SETEMBRE.<\/span><\/p>\n<p class=\"Estndard\" style=\"text-align: justify\"><span style=\"font-size: 11pt\" lang=\"CA\"> <\/span><\/p>\n<p class=\"Estndard\" style=\"text-align: justify\"><span style=\"font-size: 11pt\" lang=\"CA\"> <\/span><\/p>\n<p class=\"Simple\" style=\"text-align: justify\"><span style=\"font-size: 12pt\" lang=\"CA\">3) <strong><span style=\"text-decoration: underline\">Menjador:<\/span><\/strong><\/span><\/p>\n<p class=\"Simple\" style=\"text-align: justify\"><span style=\"font-size: 11pt\" lang=\"CA\"> <\/span><\/p>\n<p class=\"Simple\" style=\"text-align: justify\"><span style=\"font-size: 11pt\" lang=\"CA\">Sortir\u00e0 una CIRCULAR espec\u00edfica pels alumnes de menjador<\/span><\/p>\n<p class=\"Simple\" style=\"text-align: justify\"><strong><span style=\"font-size: 11pt\" lang=\"CA\">Podran quedar-se els alumnes que:<\/span><\/strong><\/p>\n<p class=\"Simple\" style=\"margin-left: 35.4pt;text-align: justify\"><strong><span style=\"font-size: 11pt\" lang=\"CA\">&#8211; estiguin apuntats al servei de menjador<\/span><\/strong><\/p>\n<p class=\"Simple\" style=\"text-align: justify\"><span style=\"font-size: 11pt\" lang=\"CA\"><span> <\/span><strong>&#8211; no tinguin deutes pendents<\/strong><\/span><\/p>\n<p class=\"Simple\" style=\"text-align: justify\"><span style=\"font-size: 11pt\" lang=\"CA\">Aquest curs el menjar s\u2019elaborar\u00e0 a la cuina de l\u2019escola (no ser\u00e0 transportat) amb la millora que aix\u00f2 suposar\u00e0.<\/span><\/p>\n<p class=\"Simple\" style=\"text-align: justify\"><span style=\"font-size: 11pt\" lang=\"CA\"> <\/span><\/p>\n<p class=\"Simple\" style=\"text-align: justify\"><span style=\"font-size: 12pt\" lang=\"CA\">4)\u00a0 <strong><span style=\"text-decoration: underline\">Bates:<\/span><\/strong><\/span><\/p>\n<p class=\"Simple\" style=\"text-align: justify\"><span style=\"font-size: 11pt\" lang=\"CA\"> <\/span><\/p>\n<p class=\"Simple\" style=\"text-align: justify\"><span style=\"font-size: 11pt\" lang=\"CA\">Disposar de bata \u00e9s obligatori pels alumnes de p\u00e0rvuls i cicle inicial (1r. i 2n. de prim\u00e0ria), <strong>tant per la classe com per al menjador<\/strong>.<\/span><\/p>\n<p class=\"Simple\" style=\"text-align: justify\"><span style=\"font-size: 11pt\" lang=\"CA\">Els models de bata de l&#8217;escola es poden adquirir a<strong> <\/strong>trav\u00e9s de l\u2019AMPA <strong><span> <\/span><\/strong>(ratlles blaves per classe i vermelles per menjador)<\/span><\/p>\n<p class=\"Simple\" style=\"text-align: justify\"><span style=\"font-size: 11pt\" lang=\"CA\"> <\/span><\/p>\n<p class=\"Simple\" style=\"text-align: justify\"><strong><span style=\"text-decoration: underline\"><span style=\"font-size: 11pt\" lang=\"CA\">Es important marcar b\u00e9 les bates, aix\u00ed com qualsevol pe\u00e7a de roba amb el nom i cognoms de l\u2019alumne<span> <\/span>!!!<\/span><\/span><\/strong><\/p>\n<p><span style=\"font-size: 12pt;font-family: Arial;color: black\" lang=\"CA\"><br \/>\n<\/span><\/p>\n<p class=\"Simple\" style=\"text-align: justify\"><span style=\"font-size: 12pt\" lang=\"CA\">5)\u00a0 <strong><span style=\"text-decoration: underline\">Educaci\u00f3 f\u00edsica:<\/span><\/strong><\/span><\/p>\n<p class=\"Simple\" style=\"text-align: justify\"><span style=\"font-size: 12pt\" lang=\"CA\"> <\/span><\/p>\n<p class=\"Simple\" style=\"text-align: justify\"><span style=\"font-size: 11pt\" lang=\"CA\">Per poder realitzar l&#8217;educaci\u00f3 f\u00edsica <strong><span style=\"text-decoration: underline\">\u00e9s obligatori<\/span><span> <\/span>utilitzar l&#8217;equip de l&#8217;escola<\/strong>. L&#8217;equip complet consta de:<\/span><\/p>\n<p class=\"Simple\" style=\"text-align: justify\"><span style=\"font-size: 11pt\" lang=\"CA\">&#8211; sabatilles d&#8217;esport,<span> <\/span>un pantal\u00f3 curt verd i samarreta blanca. Quan fa fred \u00e9s obligatori l&#8217;\u00fas del xandall oficial de l\u2019escola. Es poden adquirir a trav\u00e9s de l\u2019AMPA<\/span><\/p>\n<p class=\"Simple\" style=\"text-align: justify\"><span style=\"font-size: 11pt\" lang=\"CA\"> <\/span><\/p>\n<p class=\"Simple\" style=\"text-align: justify\"><span style=\"font-size: 12pt\" lang=\"CA\">6)<strong> <span style=\"text-decoration: underline\">Visita d\u2019alumnes durant l\u2019horari escolar o a l\u2019hora de l\u2019esbarjo<\/span>:<\/strong><\/span><\/p>\n<p class=\"Simple\" style=\"text-align: justify\"><span style=\"font-size: 11pt\" lang=\"CA\"> <\/span><\/p>\n<p class=\"Simple\" style=\"text-align: justify\"><span style=\"font-size: 11pt\" lang=\"CA\">Els pares no poden interrompre l\u2019activitat escolar durant l\u2019horari de classes. <strong>Cal avisar al conserge cas de ser urgent parlar amb algun nen\/a.<\/strong><\/span><\/p>\n<p class=\"Simple\" style=\"text-align: justify\"><strong><span style=\"font-size: 11pt\" lang=\"CA\"> <\/span><\/strong><\/p>\n<p class=\"Simple\" style=\"text-align: justify\"><strong><span style=\"font-size: 11pt\" lang=\"CA\">Tampoc es pot cridar, passar esmorzars o conversar amb alumnes des de la tanca del recinte escolar. <\/span><\/strong><span style=\"font-size: 11pt\" lang=\"CA\">Si algun pare necessita donar alguna cosa al seu fill <strong>\u00c9S NECESSARI<span> <\/span>DONAR-LI AL CONSERGE, el qual li far\u00e0 arribar a l\u2019alumne.<\/strong> <\/span><\/p>\n<p class=\"Simple\" style=\"text-align: justify\"><span style=\"font-size: 11pt\" lang=\"CA\"> <\/span><\/p>\n<p class=\"MsoNormal\"><span style=\"font-size: 12pt;font-family: Arial\" lang=\"CA\">7) <strong><span style=\"text-decoration: underline\">Entrada dels alumnes<\/span><\/strong><\/span><\/p>\n<p class=\"MsoNormal\"><span style=\"font-size: 11pt;font-family: Arial\" lang=\"CA\"> <\/span><\/p>\n<p class=\"MsoBodyText3\"><span style=\"font-size: 11pt\" lang=\"CA\">Cal ser molt puntuals a les hores d\u2019entrada. Si un alumne arriba tard no podr\u00e0 entrar al centre si no porta justificaci\u00f3 o ve acompanyat dels seus pares per donar-la.<\/span><\/p>\n<p class=\"MsoHeading7\"><span style=\"font-size: 11pt\" lang=\"CA\"> <\/span><\/p>\n<p class=\"MsoHeading7\"><span style=\"font-size: 11pt\" lang=\"CA\">&#8211; Alumnes de P3 i P4 s\u00f3n acompanyats pels pares fins la porta de la classe on els rebr\u00e0 la professora.<\/span><\/p>\n<p class=\"MsoNormal\" style=\"text-align: justify\"><strong><span style=\"font-size: 11pt;font-family: Arial\" lang=\"CA\">&#8211; Alumnes de P5 s\u00f3n acompanyats pels pares fins l\u2019entrada de l\u2019edifici de P\u00e0rvuls i s\u00f3n recollits per les professores.<\/span><\/strong><\/p>\n<p class=\"MsoHeading7\"><span style=\"font-size: 11pt\" lang=\"CA\"> <\/span><\/p>\n<p class=\"MsoHeading7\"><span style=\"font-size: 11pt\" lang=\"CA\">&#8211; Els alumnes de Prim\u00e0ria pujaran sols cap a les classes on els rebr\u00e0 el professor\/a. Els pares no han de pujar a les classes. Nom\u00e9s es pot fer quan hagi una causa molt justificada, la qual hauran d\u2019explicar al professor que hi ha a l\u2019entrada o a les escales abans de pujar a la classe.<\/span><\/p>\n<p class=\"MsoNormal\" style=\"text-align: justify\"><strong><span style=\"font-size: 11pt;font-family: Arial\" lang=\"CA\"> <\/span><\/strong><\/p>\n<p class=\"MsoNormal\" style=\"text-align: justify\"><span style=\"font-size: 11pt;font-family: Arial\" lang=\"CA\">Per raons de seguretat, durant les hores escolars <strong>cap alumne pot sortir del centre sense l\u2019autoritzaci\u00f3 oportuna o sense que ho hagin comunicat els seus pares al tutor\/a.<\/strong><\/span><\/p>\n<p class=\"MsoNormal\" style=\"text-align: justify\"><strong><span style=\"font-size: 11pt;font-family: Arial\" lang=\"CA\">ELS PARES HAN D\u2019ADVERTIR CLARAMENT ELS SEUS FILLS D\u2019AQUESTA INSTRUCCI\u00d3, EL SEU INCOMPLIMENT SUPOSA UNA FALTA MOLT GREU.<\/span><\/strong><\/p>\n<p class=\"MsoNormal\" style=\"text-align: justify\"><span style=\"font-size: 11pt;font-family: Arial\" lang=\"CA\"> <\/span><\/p>\n<p class=\"MsoBodyText3\"><span style=\"font-size: 12pt\" lang=\"CA\">8) <\/span><strong><span style=\"text-decoration: underline\"><span style=\"font-size: 12pt\" lang=\"CA\">Sortida dels alumnes<\/span><\/span><\/strong><\/p>\n<p class=\"MsoBodyText3\"><strong><span style=\"font-size: 11pt\" lang=\"CA\"> <\/span><\/strong><\/p>\n<p class=\"MsoBodyText3\"><span style=\"font-size: 11pt\" lang=\"CA\">Els pares dels alumnes de P3 i P4 aniran a la porta de les classes a recollir els seus fills. Els pares dels alumnes de P5 els rebran al costat de l\u2019edifici de P\u00e0rvuls.<\/span><\/p>\n<p class=\"MsoNormal\" style=\"text-align: justify\"><span style=\"font-size: 11pt;font-family: Arial\" lang=\"CA\">Els pares dels alumnes de Prim\u00e0ria ( de 1r a 6\u00e8 ) es poden esperar al recinte escolar (zona de patis), sempre i quan no es molesti la sortida dels alumnes. Cal deixar lliure la zona del porxo de l\u2019edifici central.<\/span><\/p>\n<p class=\"MsoNormal\" style=\"text-align: justify\"><span style=\"font-size: 11pt;font-family: Arial\" lang=\"CA\"> <\/span><\/p>\n<p class=\"MsoNormal\" style=\"text-align: justify\"><strong><span style=\"font-size: 11pt;font-family: Arial\" lang=\"CA\">Cas que algun pare tingu\u00e9s problemes per venir a buscar el seu fill (per motius d\u2019algun incident, accident, etc.) s\u2019ha de comunicar a l\u2019escola el m\u00e9s aviat possible:<span> <\/span><span style=\"text-decoration: underline\">Tel\u00e8fon<span> <\/span>977 54 82 80.<\/span> No \u00e9s permesa la utilitzaci\u00f3 de tel\u00e8fons m\u00f2bils per part dels alumnes. Es pot trucar a l\u2019escola en cas de necessitat.<\/span><\/strong><\/p>\n<p class=\"MsoNormal\" style=\"text-align: justify\"><strong><span style=\"text-decoration: underline\"><span style=\"font-size: 11pt;font-family: Arial\" lang=\"CA\"><span style=\"text-decoration: none\"> <\/span><\/span><\/span><\/strong><\/p>\n<p class=\"MsoNormal\" style=\"text-align: justify\"><strong><span style=\"font-size: 11pt;font-family: Arial\" lang=\"CA\"> <\/span><\/strong><\/p>\n<p class=\"MsoNormal\" style=\"text-align: justify\"><span style=\"font-size: 12pt;font-family: Arial\" lang=\"CA\">9) <strong><span style=\"text-decoration: underline\">Actuaci\u00f3 de l\u2019escola en cas de malaltia o accident dels alumnes<\/span><\/strong><\/span><\/p>\n<p class=\"MsoNormal\" style=\"text-align: justify\"><span style=\"font-size: 11pt;font-family: Arial\" lang=\"CA\"> <\/span><\/p>\n<p class=\"MsoNormal\" style=\"text-align: justify\"><strong><span style=\"font-size: 11pt;font-family: Arial\" lang=\"CA\">Cas de trobar-se malament un alumne, s\u2019avisar\u00e0 per tel\u00e8fon a la fam\u00edlia perqu\u00e8 el vinguin a buscar.<\/span><\/strong><span style=\"font-size: 11pt;font-family: Arial\" lang=\"CA\"> <strong>Per aix\u00f2 \u00c9S IMPRESCINDIBLE DISPOSAR DEL N\u00daMERO DE TEL\u00c8FON DELS FAMILIARS<\/strong>.<\/span><\/p>\n<p class=\"MsoNormal\" style=\"text-align: justify\"><span style=\"font-size: 8pt;font-family: Arial\" lang=\"CA\"> <\/span><\/p>\n<p class=\"MsoNormal\" style=\"text-align: justify\"><strong><span style=\"font-size: 11pt;font-family: Arial\" lang=\"CA\">Cas de patir un accident, si es considera greu el portem a urg\u00e8ncies i s\u2019avisa a la fam\u00edlia perqu\u00e8 hi vagi. Si no es considera urgent s\u2019avisa la fam\u00edlia perqu\u00e8 vingui a l\u2019escola i el portin a curar.<\/span><\/strong><\/p>\n<p class=\"MsoNormal\" style=\"text-align: justify\"><span style=\"font-size: 8pt;font-family: Arial\" lang=\"CA\"> <\/span><\/p>\n<p class=\"MsoNormal\" style=\"text-align: justify\"><strong><span style=\"font-size: 11pt;font-family: Arial\" lang=\"CA\">En el cas de considerar que un alumne tingui febre o que pot est\u00e0 infectat per un par\u00e0sit (polls, etc, &#8230;), no podr\u00e0 assistir a classes fins que desaparegui la malaltia o infecci\u00f3. <\/span><\/strong><\/p>\n<p class=\"MsoNormal\" style=\"text-align: justify\"><strong><span style=\"font-size: 11pt;font-family: Arial\" lang=\"CA\"> <\/span><\/strong><\/p>\n<p class=\"MsoNormal\" style=\"text-align: justify\"><strong><span style=\"font-size: 11pt;font-family: Arial\" lang=\"CA\">Per altres casos (grip A o d\u2019altres) s\u2019actuar\u00e0 d\u2019acord amb les directrius que dictin les autoritats.<\/span><\/strong><\/p>\n<p class=\"MsoNormal\" style=\"text-align: justify\"><strong><span style=\"font-size: 11pt;font-family: Arial\" lang=\"CA\"> <\/span><\/strong><\/p>\n<p class=\"MsoNormal\" style=\"text-align: justify\"><strong><span style=\"font-size: 11pt;font-family: Arial\" lang=\"CA\"> <\/span><\/strong><\/p>\n<p class=\"MsoNormal\" style=\"text-align: justify\"><span style=\"font-size: 12pt;font-family: Arial\" lang=\"CA\">10) <\/span><strong><span style=\"text-decoration: underline\"><span style=\"font-size: 12pt;font-family: Arial\" lang=\"CA\">Pla d\u2019emerg\u00e8ncia i simulacres d\u2019evacuaci\u00f3 i confinament<\/span><\/span><\/strong><\/p>\n<p class=\"MsoNormal\" style=\"text-align: justify\"><strong><span style=\"text-decoration: underline\"><span style=\"font-size: 11pt;font-family: Arial\" lang=\"CA\"><span style=\"text-decoration: none\"> <\/span><\/span><\/span><\/strong><\/p>\n<p class=\"MsoNormal\" style=\"text-align: justify\"><span style=\"font-size: 11pt;font-family: Arial\" lang=\"CA\">Dins del Pla d\u2019emerg\u00e8ncia de l\u2019escola, es realitzaran al llarg del curs SIMULACRES D\u2019EVACUACI\u00d3 I CONFINAMENT. L\u2019objectiu d\u2019aquests simulacres <\/span><strong><span style=\"font-size: 11pt;font-family: Arial\" lang=\"CA\">\u00e9s crear uns h\u00e0bits de comportament preventiu i d\u2019autoprotecci\u00f3 per afrontar una situaci\u00f3 d\u2019emerg\u00e8ncia sense improvisacions. <\/span><\/strong><span style=\"font-size: 11pt;font-family: Arial\" lang=\"CA\">Cas de trobar-se les fam\u00edlies en el centre durant aquests simulacres es prega la seva col\u00b7laboraci\u00f3 i seguiment de les indicacions que facin els responsables.<\/span><\/p>\n<p class=\"MsoNormal\" style=\"text-align: justify\"><span style=\"font-size: 11pt;font-family: Arial\" lang=\"CA\"> <\/span><\/p>\n<p class=\"Simple\" style=\"text-align: justify\"><span style=\"font-size: 12pt\" lang=\"CA\">11)\u00a0 <strong><span style=\"text-decoration: underline\">Aportaci\u00f3 de les fam\u00edlies per despeses comuns:<\/span><\/strong><\/span><\/p>\n<p class=\"MsoNormal\"><span style=\"font-size: 11pt\" lang=\"CA\"> <\/span><\/p>\n<p class=\"Simple\" style=\"text-align: justify\"><strong><span style=\"font-size: 11pt\" lang=\"CA\">60 euros per tot el curs.<\/span><\/strong><\/p>\n<p class=\"Simple\" style=\"text-align: justify\"><span style=\"font-size: 11pt\" lang=\"CA\">Aquesta aportaci\u00f3 \u00e9s b\u00e0sicament per folis, llibres, carpetes, contes, fotoc\u00f2pies, material de pl\u00e0stica, material d\u2019escriptura, agenda escolar, etc. (dep\u00e8n del curs de l\u2019alumne). <strong>Si no disposen de l\u2019impr\u00e8s bancari<\/strong>, <strong>cal demanar-lo a Secretaria.<\/strong><\/span><\/p>\n<p class=\"Simple\" style=\"text-align: justify\"><strong><span style=\"font-size: 11pt\" lang=\"CA\"> <\/span><\/strong><\/p>\n<p class=\"Simple\" style=\"text-align: justify\"><strong><span style=\"font-size: 11pt\" lang=\"CA\">LA C\u00d2PIA CONFORME<\/span><\/strong><strong><span style=\"font-size: 11pt\" lang=\"CA\"> S\u2019HA FET L\u2019INGR\u00c9S CAL ENTREGAR-LA A LA SECRETARIA DE L\u2019ESCOLA<\/span><\/strong><\/p>\n<p class=\"MsoNormal\" style=\"text-align: justify\"><span style=\"font-size: 11pt;font-family: Arial\" lang=\"CA\"> <\/span><\/p>\n<p class=\"MsoNormal\" style=\"text-align: justify\"><span style=\"font-size: 12pt;font-family: Arial\" lang=\"CA\">12)<\/span><strong><span style=\"font-size: 12pt;font-family: Arial\" lang=\"CA\"> <span style=\"text-decoration: underline\">Programa de reutilitzaci\u00f3 de llibres<\/span><\/span><\/strong><\/p>\n<p class=\"MsoNormal\" style=\"text-align: justify\"><span style=\"font-size: 11pt;font-family: Arial\" lang=\"CA\"> <\/span><\/p>\n<p class=\"MsoNormal\" style=\"text-align: justify\"><strong><span style=\"font-size: 11pt;font-family: Arial\" lang=\"CA\">40 euros per tot els curs.<\/span><\/strong><\/p>\n<p class=\"MsoNormal\" style=\"text-align: justify\"><span style=\"font-size: 11pt;font-family: Arial\" lang=\"CA\">Els alumnes d\u2019Educaci\u00f3 Prim\u00e0ria no compren llibres de text. Fan l\u2019aportaci\u00f3 i disposen de tots els llibres i materials del seu nivell. En acabar el curs, els llibres s\u00f3n dipositats al col\u00b7legi en bones condicions d\u2019\u00fas. Cas de no fer-ho o de lliurar-los en mal estat, se\u2019ls podr\u00e0 exigir una quota especial per poder-los reposar.<\/span><\/p>\n<p class=\"MsoNormal\" style=\"text-align: justify\"><span style=\"font-size: 11pt;font-family: Arial\" lang=\"CA\"> <\/span><\/p>\n<p class=\"MsoNormal\" style=\"text-align: justify\"><span style=\"font-size: 11pt;font-family: Arial\" lang=\"CA\"> <\/span><\/p>\n<p class=\"MsoNormal\" style=\"text-align: justify\"><span style=\"font-size: 11pt;font-family: Arial\" lang=\"CA\"> <\/span><\/p>\n<p class=\"MsoNormal\" style=\"text-align: justify\"><span style=\"font-size: 11pt;font-family: Arial\" lang=\"CA\"> <\/span><\/p>\n<p class=\"MsoNormal\" style=\"text-align: justify\"><span style=\"font-size: 11pt;font-family: Arial\" lang=\"CA\"> <\/span><\/p>\n<p class=\"MsoNormal\" style=\"text-align: justify\"><span style=\"font-size: 12pt;font-family: Arial\" lang=\"CA\"> <\/span><\/p>\n<p class=\"MsoNormal\" style=\"text-align: justify\"><span style=\"font-size: 12pt;font-family: Arial\" lang=\"CA\"> <\/span><\/p>\n<p class=\"MsoNormal\" style=\"text-align: justify\"><span style=\"font-size: 12pt;font-family: Arial\" lang=\"CA\">13) <strong><span style=\"text-decoration: underline\">HORARIS D\u2019ATENCI\u00d3 A LES FAM\u00cdLIES:<\/span><\/strong><\/span><\/p>\n<p class=\"MsoNormal\" style=\"text-align: justify\"><span style=\"font-size: 12pt;font-family: Arial\" lang=\"CA\"> <\/span><\/p>\n<p class=\"MsoNormal\" style=\"margin-left: 177pt;text-align: justify\"><strong><span style=\"font-size: 11pt;font-family: Arial\" lang=\"CA\">PROFESSORS i PROFESSORES:<span> <\/span><\/span><\/strong><span style=\"font-size: 11pt;font-family: Arial\" lang=\"CA\">Sempre que es vulgui quedar amb el tutor\/a o qualsevol professor cal convenir-ho pr\u00e8viament, o trucar per tel\u00e8fon:<span> <\/span><strong>977 54 82 80 <\/strong>i acordar dia i hora.<\/span><\/p>\n<p class=\"MsoNormal\" style=\"text-align: justify\"><span style=\"font-size: 11pt;font-family: Arial\" lang=\"CA\"> <\/span><\/p>\n<p class=\"MsoNormal\" style=\"text-align: justify\"><strong><span style=\"font-size: 11pt;font-family: Arial\" lang=\"CA\">SECRETARIA \/ DIRECCI\u00d3:<span> <\/span><\/span><\/strong><span style=\"font-size: 11pt;font-family: Arial\" lang=\"CA\">Dilluns, dimecres i divendres: de 8,30 a 10,30 h<\/span><\/p>\n<p class=\"MsoNormal\" style=\"text-align: justify\"><span style=\"font-size: 11pt;font-family: Arial\" lang=\"CA\"> <\/span><\/p>\n<p class=\"MsoNormal\" style=\"text-align: justify\"><strong><span style=\"font-size: 11pt;font-family: Arial\" lang=\"CA\">SERVEI DE MENJADOR:<span> <\/span><\/span><\/strong><span style=\"font-size: 11pt;font-family: Arial\" lang=\"CA\">Tots els dies, de 8,30 a 10,30 del mat\u00ed<\/span><\/p>\n<p class=\"MsoBodyTextIndent2\"><span style=\"font-size: 11pt\" lang=\"CA\">Els alumnes que es quedin algun dia espor\u00e0dicament, han de pagar el menjador tamb\u00e9 en aquest horari.<\/span><\/p>\n<p class=\"MsoHeading7\"><span style=\"font-size: 11pt\" lang=\"CA\"> <\/span><\/p>\n<p class=\"MsoNormal\"><span lang=\"CA\"> <\/span><\/p>\n<p class=\"MsoNormal\"><span style=\"font-size: 11pt\" lang=\"CA\">Per qualsevol dubte o informaci\u00f3 podeu dirigir-vos al professorat o a la Direcci\u00f3 del centre en les hores establertes.<\/span><\/p>\n<p class=\"MsoNormal\"><span style=\"font-size: 11pt\" lang=\"CA\">Tarragona, 14 de setembre de 2009<\/span><\/p>\n","protected":false},"excerpt":{"rendered":"<p>CURS 2009-2010<\/p>\n<p>Benvolguts pares i mares:<\/p>\n<p>ES PREGA LLEGIR MOLT ATENTAMENT AQUESTA CIRCULAR<\/p>\n<p>ES IMPRESCINDIBLE ACOMPLIR LES SEVES INDICACIONS<\/p>\n<p>1) Inici del curs i menjador pels alumnes de P-3<\/p>\n<p>Per tal d\u2019anar-se adaptant poc a poc al nou espai escolar, es recorda&hellip;  <a href=\"https:\/\/agora.xtec.cat\/escolacampclar\/general\/comencem-el-curs\/\" title=\"Read Comencem el curs\">Llegeix m\u00e9s\u00bb<\/a><\/p>\n","protected":false},"author":1,"featured_media":0,"comment_status":"open","ping_status":"open","sticky":false,"template":"","format":"standard","meta":{"_bbp_topic_count":0,"_bbp_reply_count":0,"_bbp_total_topic_count":0,"_bbp_total_reply_count":0,"_bbp_voice_count":0,"_bbp_anonymous_reply_count":0,"_bbp_topic_count_hidden":0,"_bbp_reply_count_hidden":0,"_bbp_forum_subforum_count":0,"footnotes":""},"categories":[1],"tags":[33],"class_list":["post-111","post","type-post","status-publish","format-standard","hentry","category-general","tag-afegeix-una-etiqueta"],"post_mailing_queue_ids":[],"_links":{"self":[{"href":"https:\/\/agora.xtec.cat\/escolacampclar\/wp-json\/wp\/v2\/posts\/111","targetHints":{"allow":["GET"]}}],"collection":[{"href":"https:\/\/agora.xtec.cat\/escolacampclar\/wp-json\/wp\/v2\/posts"}],"about":[{"href":"https:\/\/agora.xtec.cat\/escolacampclar\/wp-json\/wp\/v2\/types\/post"}],"author":[{"embeddable":true,"href":"https:\/\/agora.xtec.cat\/escolacampclar\/wp-json\/wp\/v2\/users\/1"}],"replies":[{"embeddable":true,"href":"https:\/\/agora.xtec.cat\/escolacampclar\/wp-json\/wp\/v2\/comments?post=111"}],"version-history":[{"count":0,"href":"https:\/\/agora.xtec.cat\/escolacampclar\/wp-json\/wp\/v2\/posts\/111\/revisions"}],"wp:attachment":[{"href":"https:\/\/agora.xtec.cat\/escolacampclar\/wp-json\/wp\/v2\/media?parent=111"}],"wp:term":[{"taxonomy":"category","embeddable":true,"href":"https:\/\/agora.xtec.cat\/escolacampclar\/wp-json\/wp\/v2\/categories?post=111"},{"taxonomy":"post_tag","embeddable":true,"href":"https:\/\/agora.xtec.cat\/escolacampclar\/wp-json\/wp\/v2\/tags?post=111"}],"curies":[{"name":"wp","href":"https:\/\/api.w.org\/{rel}","templated":true}]}}