{"id":1027,"date":"2015-10-19T20:40:49","date_gmt":"2015-10-19T18:40:49","guid":{"rendered":"http:\/\/blocs.xtec.cat\/campclar\/?p=1027"},"modified":"2015-12-02T11:19:20","modified_gmt":"2015-12-02T10:19:20","slug":"laventura-de-la-vida-llampec-ens-visita","status":"publish","type":"post","link":"https:\/\/agora.xtec.cat\/escolacampclar\/general\/laventura-de-la-vida-llampec-ens-visita\/","title":{"rendered":"L&#8217;Aventura de la Vida.Llampec ens visita."},"content":{"rendered":"<p><a href=\"https:\/\/youtu.be\/W6CWyCq3tQM\">https:\/\/youtu.be\/W6CWyCq3tQM<\/a><\/p>\n<p><a href=\"http:\/\/https:\/\/youtu.be\/W6CWyCq3tQM\">L&#8217;Aventura de la Vida<\/a><\/p>\n","protected":false},"excerpt":{"rendered":"<p>El gat Llampec visita la nostra escola,ens saluda i anima en l&#8217;aventura de conversar i tamb\u00e9 es comenta qu\u00e8,al mes d&#8217;abril anirem a la r\u00e0dio. L&#8217;alumnat ho ha passat dall\u00f2 m\u00e9s b\u00e9 i comen\u00e7a aquest nou curs amb moltes ganes de treballar els materials de l&#8217;aventura de conversar i els h\u00e0bits saludables.&hellip;  <a href=\"https:\/\/agora.xtec.cat\/escolacampclar\/general\/laventura-de-la-vida-llampec-ens-visita\/\" title=\"Read L&#8217;Aventura de la Vida.Llampec ens visita.\">Llegeix m\u00e9s\u00bb<\/a><\/p>\n","protected":false},"author":1,"featured_media":1061,"comment_status":"open","ping_status":"open","sticky":false,"template":"","format":"standard","meta":{"_bbp_topic_count":0,"_bbp_reply_count":0,"_bbp_total_topic_count":0,"_bbp_total_reply_count":0,"_bbp_voice_count":0,"_bbp_anonymous_reply_count":0,"_bbp_topic_count_hidden":0,"_bbp_reply_count_hidden":0,"_bbp_forum_subforum_count":0,"footnotes":""},"categories":[25,1],"tags":[],"class_list":["post-1027","post","type-post","status-publish","format-standard","has-post-thumbnail","hentry","category-cicle-mitja","category-general"],"post_mailing_queue_ids":[],"_links":{"self":[{"href":"https:\/\/agora.xtec.cat\/escolacampclar\/wp-json\/wp\/v2\/posts\/1027","targetHints":{"allow":["GET"]}}],"collection":[{"href":"https:\/\/agora.xtec.cat\/escolacampclar\/wp-json\/wp\/v2\/posts"}],"about":[{"href":"https:\/\/agora.xtec.cat\/escolacampclar\/wp-json\/wp\/v2\/types\/post"}],"author":[{"embeddable":true,"href":"https:\/\/agora.xtec.cat\/escolacampclar\/wp-json\/wp\/v2\/users\/1"}],"replies":[{"embeddable":true,"href":"https:\/\/agora.xtec.cat\/escolacampclar\/wp-json\/wp\/v2\/comments?post=1027"}],"version-history":[{"count":1,"href":"https:\/\/agora.xtec.cat\/escolacampclar\/wp-json\/wp\/v2\/posts\/1027\/revisions"}],"predecessor-version":[{"id":1060,"href":"https:\/\/agora.xtec.cat\/escolacampclar\/wp-json\/wp\/v2\/posts\/1027\/revisions\/1060"}],"wp:featuredmedia":[{"embeddable":true,"href":"https:\/\/agora.xtec.cat\/escolacampclar\/wp-json\/wp\/v2\/media\/1061"}],"wp:attachment":[{"href":"https:\/\/agora.xtec.cat\/escolacampclar\/wp-json\/wp\/v2\/media?parent=1027"}],"wp:term":[{"taxonomy":"category","embeddable":true,"href":"https:\/\/agora.xtec.cat\/escolacampclar\/wp-json\/wp\/v2\/categories?post=1027"},{"taxonomy":"post_tag","embeddable":true,"href":"https:\/\/agora.xtec.cat\/escolacampclar\/wp-json\/wp\/v2\/tags?post=1027"}],"curies":[{"name":"wp","href":"https:\/\/api.w.org\/{rel}","templated":true}]}}