{"id":1006,"date":"2015-05-22T19:49:03","date_gmt":"2015-05-22T17:49:03","guid":{"rendered":"http:\/\/blocs.xtec.cat\/campclar\/?p=1006"},"modified":"2015-05-22T19:49:03","modified_gmt":"2015-05-22T17:49:03","slug":"jardi-botanic-de-barcelona","status":"publish","type":"post","link":"https:\/\/agora.xtec.cat\/escolacampclar\/cicle-superior\/jardi-botanic-de-barcelona\/","title":{"rendered":"Jard\u00ed Bot\u00e0nic de Barcelona"},"content":{"rendered":"<p><a href=\"https:\/\/drive.google.com\/folderview?id=0B_hSY_BkOs75V1VKdnVaaG5RcjQ&amp;usp=sharing\" target=\"_blank\">Fotos de la visita dels alumnes de 5\u00e8 al Jard\u00ed Bot\u00e0nic de Barcelona.<\/a><\/p>\n","protected":false},"excerpt":{"rendered":"<p><a href=\"https:\/\/drive.google.com\/folderview?id=0B_hSY_BkOs75V1VKdnVaaG5RcjQ&amp;usp=sharing\" target=\"_blank\">Fotos de la visita dels alumnes de 5\u00e8 al Jard\u00ed Bot\u00e0nic de Barcelona.<\/a><\/p>\n","protected":false},"author":1,"featured_media":0,"comment_status":"open","ping_status":"open","sticky":false,"template":"","format":"standard","meta":{"_bbp_topic_count":0,"_bbp_reply_count":0,"_bbp_total_topic_count":0,"_bbp_total_reply_count":0,"_bbp_voice_count":0,"_bbp_anonymous_reply_count":0,"_bbp_topic_count_hidden":0,"_bbp_reply_count_hidden":0,"_bbp_forum_subforum_count":0,"footnotes":""},"categories":[26],"tags":[],"class_list":["post-1006","post","type-post","status-publish","format-standard","hentry","category-cicle-superior"],"post_mailing_queue_ids":[],"_links":{"self":[{"href":"https:\/\/agora.xtec.cat\/escolacampclar\/wp-json\/wp\/v2\/posts\/1006","targetHints":{"allow":["GET"]}}],"collection":[{"href":"https:\/\/agora.xtec.cat\/escolacampclar\/wp-json\/wp\/v2\/posts"}],"about":[{"href":"https:\/\/agora.xtec.cat\/escolacampclar\/wp-json\/wp\/v2\/types\/post"}],"author":[{"embeddable":true,"href":"https:\/\/agora.xtec.cat\/escolacampclar\/wp-json\/wp\/v2\/users\/1"}],"replies":[{"embeddable":true,"href":"https:\/\/agora.xtec.cat\/escolacampclar\/wp-json\/wp\/v2\/comments?post=1006"}],"version-history":[{"count":0,"href":"https:\/\/agora.xtec.cat\/escolacampclar\/wp-json\/wp\/v2\/posts\/1006\/revisions"}],"wp:attachment":[{"href":"https:\/\/agora.xtec.cat\/escolacampclar\/wp-json\/wp\/v2\/media?parent=1006"}],"wp:term":[{"taxonomy":"category","embeddable":true,"href":"https:\/\/agora.xtec.cat\/escolacampclar\/wp-json\/wp\/v2\/categories?post=1006"},{"taxonomy":"post_tag","embeddable":true,"href":"https:\/\/agora.xtec.cat\/escolacampclar\/wp-json\/wp\/v2\/tags?post=1006"}],"curies":[{"name":"wp","href":"https:\/\/api.w.org\/{rel}","templated":true}]}}