{"id":5288,"date":"2025-01-31T11:04:25","date_gmt":"2025-01-31T10:04:25","guid":{"rendered":"https:\/\/agora.xtec.cat\/escolacamins\/?p=5288"},"modified":"2025-01-31T11:08:21","modified_gmt":"2025-01-31T10:08:21","slug":"celebrem-el-dia-de-la-pau-i-la-no-violencia","status":"publish","type":"post","link":"https:\/\/agora.xtec.cat\/escolacamins\/general\/celebrem-el-dia-de-la-pau-i-la-no-violencia\/","title":{"rendered":"CELEBREM EL DIA DE LA PAU I LA NO VIOL\u00c8NCIA"},"content":{"rendered":"<p><span style=\"font-weight: 400;\">Avui celebrem el Dia de la Pau i la No-Viol\u00e8ncia. La pau no \u00e9s nom\u00e9s una paraula, sin\u00f3 un comprom\u00eds diari que es viu a trav\u00e9s de les nostres relacions, els nostres gestos i les nostres paraules.<\/span><\/p>\n<p><span style=\"font-weight: 400;\">Com b\u00e9 diu una frase que ens inspira a tots i a totes: &#8220;L\u2019amor \u00e9s la for\u00e7a m\u00e9s poderosa del m\u00f3n, perqu\u00e8 no t\u00e9 l\u00edmits ni fronteres&#8221;. \u00c9s important que cada dia ens recordem que la pau comen\u00e7a dins nostre i que, amb amor i respecte, podem contribuir a fer d\u2019aquest m\u00f3n un lloc millor per a tothom.<\/span><\/p>\n<p><span style=\"font-weight: 400;\">Els i les alumnes d\u2019Infantil i Prim\u00e0ria de l\u2019escola hem tingut l\u2019oportunitat de compartir una activitat especial. Hem cantat la can\u00e7\u00f3 \u201cEl m\u00f3n seria m\u00e9s feli\u00e7\u201d, versionada per a l&#8217;ocasi\u00f3. Ha estat un moment molt emotiu que ha fet que aquesta celebraci\u00f3 sigui encara m\u00e9s memorable.<\/span><\/p>\n<p><span style=\"font-weight: 400;\">Esperem que us agradi i que tots i totes puguem continuar promovent la pau i l&#8217;amor, no nom\u00e9s avui, sin\u00f3 cada dia. Que el nostre m\u00f3n sigui cada cop m\u00e9s feli\u00e7 i ple d&#8217;harmonia.\u00a0<\/span><\/p>\n<p><span style=\"font-weight: 400;\">Feli\u00e7 Dia de la Pau! \u270c\ufe0f\ud83c\udf0d<\/span><\/p>\n<p><iframe loading=\"lazy\" src=\"\/\/player.vimeo.com\/video\/1052225427?title=0&amp;byline=0&amp;portrait=0&amp;color=8dc7dc\" width=\"425\" height=\"350\" allowfullscreen=\"allowfullscreen\"><\/iframe><\/p>\n","protected":false},"excerpt":{"rendered":"<p>Avui celebrem el Dia de la Pau i la No-Viol\u00e8ncia. La pau no \u00e9s nom\u00e9s una paraula, sin\u00f3 un comprom\u00eds diari que es viu a trav\u00e9s de les nostres relacions, els nostres gestos i les nostres paraules.<br \/>\nEls i les alumnes d\u2019Infantil i Prim\u00e0ria de l\u2019escola hem tingut l\u2019oportunitat de compartir una activitat especial. Hem cantat la can\u00e7\u00f3 \u201cEl m\u00f3n seria m\u00e9s feli\u00e7\u201d, versionada per a l&#8217;ocasi\u00f3. Ha estat un moment molt emotiu que ha fet que aquesta celebraci\u00f3 sigui encara m\u00e9s memorable.<\/p>\n","protected":false},"author":8,"featured_media":5289,"comment_status":"open","ping_status":"closed","sticky":false,"template":"","format":"standard","meta":{"_bbp_topic_count":0,"_bbp_reply_count":0,"_bbp_total_topic_count":0,"_bbp_total_reply_count":0,"_bbp_voice_count":0,"_bbp_anonymous_reply_count":0,"_bbp_topic_count_hidden":0,"_bbp_reply_count_hidden":0,"_bbp_forum_subforum_count":0,"site-sidebar-layout":"default","site-content-layout":"","ast-site-content-layout":"","site-content-style":"default","site-sidebar-style":"default","ast-global-header-display":"","ast-banner-title-visibility":"","ast-main-header-display":"","ast-hfb-above-header-display":"","ast-hfb-below-header-display":"","ast-hfb-mobile-header-display":"","site-post-title":"","ast-breadcrumbs-content":"","ast-featured-img":"","footer-sml-layout":"","theme-transparent-header-meta":"","adv-header-id-meta":"","stick-header-meta":"","header-above-stick-meta":"","header-main-stick-meta":"","header-below-stick-meta":"","astra-migrate-meta-layouts":"default","ast-page-background-enabled":"default","ast-page-background-meta":{"desktop":{"background-color":"var(--ast-global-color-4)","background-image":"","background-repeat":"repeat","background-position":"center center","background-size":"auto","background-attachment":"scroll","background-type":"","background-media":"","overlay-type":"","overlay-color":"","overlay-opacity":"","overlay-gradient":""},"tablet":{"background-color":"","background-image":"","background-repeat":"repeat","background-position":"center center","background-size":"auto","background-attachment":"scroll","background-type":"","background-media":"","overlay-type":"","overlay-color":"","overlay-opacity":"","overlay-gradient":""},"mobile":{"background-color":"","background-image":"","background-repeat":"repeat","background-position":"center center","background-size":"auto","background-attachment":"scroll","background-type":"","background-media":"","overlay-type":"","overlay-color":"","overlay-opacity":"","overlay-gradient":""}},"ast-content-background-meta":{"desktop":{"background-color":"var(--ast-global-color-5)","background-image":"","background-repeat":"repeat","background-position":"center center","background-size":"auto","background-attachment":"scroll","background-type":"","background-media":"","overlay-type":"","overlay-color":"","overlay-opacity":"","overlay-gradient":""},"tablet":{"background-color":"var(--ast-global-color-5)","background-image":"","background-repeat":"repeat","background-position":"center center","background-size":"auto","background-attachment":"scroll","background-type":"","background-media":"","overlay-type":"","overlay-color":"","overlay-opacity":"","overlay-gradient":""},"mobile":{"background-color":"var(--ast-global-color-5)","background-image":"","background-repeat":"repeat","background-position":"center center","background-size":"auto","background-attachment":"scroll","background-type":"","background-media":"","overlay-type":"","overlay-color":"","overlay-opacity":"","overlay-gradient":""}},"footnotes":""},"categories":[1,84,233,119,169],"tags":[189,295,260,157,140,300,290],"class_list":["post-5288","post","type-post","status-publish","format-standard","has-post-thumbnail","hentry","category-general","category-activitats-especials","category-festes","category-musica","category-portada","tag-activitat-especial","tag-banyoles","tag-escola-camins","tag-festes","tag-musica","tag-treball-en-equip","tag-treball-en-grup"],"post_mailing_queue_ids":[],"_links":{"self":[{"href":"https:\/\/agora.xtec.cat\/escolacamins\/wp-json\/wp\/v2\/posts\/5288","targetHints":{"allow":["GET"]}}],"collection":[{"href":"https:\/\/agora.xtec.cat\/escolacamins\/wp-json\/wp\/v2\/posts"}],"about":[{"href":"https:\/\/agora.xtec.cat\/escolacamins\/wp-json\/wp\/v2\/types\/post"}],"author":[{"embeddable":true,"href":"https:\/\/agora.xtec.cat\/escolacamins\/wp-json\/wp\/v2\/users\/8"}],"replies":[{"embeddable":true,"href":"https:\/\/agora.xtec.cat\/escolacamins\/wp-json\/wp\/v2\/comments?post=5288"}],"version-history":[{"count":2,"href":"https:\/\/agora.xtec.cat\/escolacamins\/wp-json\/wp\/v2\/posts\/5288\/revisions"}],"predecessor-version":[{"id":5292,"href":"https:\/\/agora.xtec.cat\/escolacamins\/wp-json\/wp\/v2\/posts\/5288\/revisions\/5292"}],"wp:featuredmedia":[{"embeddable":true,"href":"https:\/\/agora.xtec.cat\/escolacamins\/wp-json\/wp\/v2\/media\/5289"}],"wp:attachment":[{"href":"https:\/\/agora.xtec.cat\/escolacamins\/wp-json\/wp\/v2\/media?parent=5288"}],"wp:term":[{"taxonomy":"category","embeddable":true,"href":"https:\/\/agora.xtec.cat\/escolacamins\/wp-json\/wp\/v2\/categories?post=5288"},{"taxonomy":"post_tag","embeddable":true,"href":"https:\/\/agora.xtec.cat\/escolacamins\/wp-json\/wp\/v2\/tags?post=5288"}],"curies":[{"name":"wp","href":"https:\/\/api.w.org\/{rel}","templated":true}]}}