{"id":974,"date":"2017-11-10T16:57:57","date_gmt":"2017-11-10T15:57:57","guid":{"rendered":"http:\/\/agora.xtec.cat\/escolaboragran\/?p=974"},"modified":"2018-01-01T19:30:48","modified_gmt":"2018-01-01T18:30:48","slug":"trobada-esportiva-de-6e","status":"publish","type":"post","link":"https:\/\/agora.xtec.cat\/escolaboragran\/esports-i-salut\/trobada-esportiva-de-6e\/","title":{"rendered":"Trobada Esportiva de 6\u00e8"},"content":{"rendered":"<p style=\"text-align: justify;\">El dijous 9 de novembre els i les alumnes de sis\u00e8 vam anar a la Draga a fer la trobada esportiva.<br \/>\nEns ho vam passar molt b\u00e9. Ens vam divertir jugant amb els companys. Vam con\u00e8ixer i practicar jocs que no sab\u00edem que existien. Vam fer nous amics.<br \/>\n<span style=\"color: #999999;\">Redactors: alumnes de 6\u00e8<\/span><\/p>\n<p><a href=\"https:\/\/photos.google.com\/share\/AF1QipN8QiIY_o3lGGSroCRlM4UJF4FJnfkJsAmUDR-my_RyIcZbotAa8fGIhQRbtqfpDA\/photo\/AF1QipPuuSVQwnbvKeOR_B9EtNWALaUr-qo-ZHD61bGW?key=a25oRkxCYkljVUEwaER3MDBUMk1UckdWRldaeGxB\" target=\"_blank\" rel=\"noopener noreferrer\"><img decoding=\"async\" class=\"aligncenter\" style=\"max-width: 300px; max-height: 300px;\" src=\"https:\/\/lh3.googleusercontent.com\/1M0SHB68kig4y1P6XDLHMyDj4T3je9esInek9ARhe7pcC2q41Cl80mwHZIFo-sE_oQQoHRouDfrEzXYbomaab7_BsZ3c_tu0WvaMjXCZfTmFJqrB19wn_w4mja1jFeEeQvn7jVmfFSudOeDpyGX-xC0eEUHXiXh1nvTV5lGNJ6UBb4mKqbAElzXXm0aWbRBT_MZD9T7WdpqMAh1Nlij7sECuZ8bNC8Tw9Tleo9xQSa1TDnkFvc7wUz6E9BD5Z7Uv5W6xkt2x9m57NIgUsOE8OJxxOoTehX58gu-m5DJULkgVXE-0m33pm7tE-lg56Qu9NJiTQGf6fGOkKziS3iOa0f6nAooaZUYJpzunW8HeAdhTz4C8vCTC4d7K6WmzXOf2L0IjPoJSuW0sNs2xxM8dhIXRpEppg8E0trwo2Xy9e9xyv7oDyUOLbh-7Eec0fqkZkYjDqaUo4Qrx_MOozzGOIGuC67b6NnryhtoELVzlaQXmlcV9SvYcK-R0KRc88BPh1KQ2p58QbUCG2d_2DByJseW3cgoN1VN_wEwgu15mgRt75jhD_Gw3CF8a5O_jpZafjd1Kg2VQmLIychdxNFked33bhdEoxPsFY0ImDIsH3fDOLgAe2cxeS0R8xeM6_PpsRdi41zGQ8gx7MSDKZ05ztSASqbc0ohu5Dyk6=w800-h600-no\" \/><\/a><\/p>\n<p>Podeu veure m\u00e9s fotos en <a href=\"http:\/\/www.ceplaestany.cat\/Zonamultim%C3%A8dia\/Fotos\/tabid\/109\/AlbumID\/392-778\/Default.aspx\" target=\"_blank\" rel=\"noopener noreferrer\">el web del Consell Esportiu<\/a> del Pla de l\u2019Estany.<\/p>\n","protected":false},"excerpt":{"rendered":"<p>El dijous 9 de novembre els i les alumnes de sis\u00e8 vam anar a la Draga a fer la trobada esportiva. Ens ho vam passar molt b\u00e9. Ens vam divertir jugant amb els companys. Vam con\u00e8ixer i practicar jocs que no sab\u00edem que existien. Vam fer nous amics. Redactors: alumnes de 6\u00e8 Podeu veure m\u00e9s [&hellip;]<\/p>\n","protected":false},"author":4,"featured_media":0,"comment_status":"closed","ping_status":"closed","sticky":false,"template":"","format":"standard","meta":{"_bbp_topic_count":0,"_bbp_reply_count":0,"_bbp_total_topic_count":0,"_bbp_total_reply_count":0,"_bbp_voice_count":0,"_bbp_anonymous_reply_count":0,"_bbp_topic_count_hidden":0,"_bbp_reply_count_hidden":0,"_bbp_forum_subforum_count":0,"site-sidebar-layout":"default","site-content-layout":"","ast-site-content-layout":"","site-content-style":"default","site-sidebar-style":"default","ast-global-header-display":"","ast-banner-title-visibility":"","ast-main-header-display":"","ast-hfb-above-header-display":"","ast-hfb-below-header-display":"","ast-hfb-mobile-header-display":"","site-post-title":"","ast-breadcrumbs-content":"","ast-featured-img":"","footer-sml-layout":"","theme-transparent-header-meta":"","adv-header-id-meta":"","stick-header-meta":"","header-above-stick-meta":"","header-main-stick-meta":"","header-below-stick-meta":"","astra-migrate-meta-layouts":"default","ast-page-background-enabled":"default","ast-page-background-meta":{"desktop":{"background-color":"var(--ast-global-color-4)","background-image":"","background-repeat":"repeat","background-position":"center center","background-size":"auto","background-attachment":"scroll","background-type":"","background-media":"","overlay-type":"","overlay-color":"","overlay-opacity":"","overlay-gradient":""},"tablet":{"background-color":"","background-image":"","background-repeat":"repeat","background-position":"center center","background-size":"auto","background-attachment":"scroll","background-type":"","background-media":"","overlay-type":"","overlay-color":"","overlay-opacity":"","overlay-gradient":""},"mobile":{"background-color":"","background-image":"","background-repeat":"repeat","background-position":"center center","background-size":"auto","background-attachment":"scroll","background-type":"","background-media":"","overlay-type":"","overlay-color":"","overlay-opacity":"","overlay-gradient":""}},"ast-content-background-meta":{"desktop":{"background-color":"var(--ast-global-color-5)","background-image":"","background-repeat":"repeat","background-position":"center center","background-size":"auto","background-attachment":"scroll","background-type":"","background-media":"","overlay-type":"","overlay-color":"","overlay-opacity":"","overlay-gradient":""},"tablet":{"background-color":"var(--ast-global-color-5)","background-image":"","background-repeat":"repeat","background-position":"center center","background-size":"auto","background-attachment":"scroll","background-type":"","background-media":"","overlay-type":"","overlay-color":"","overlay-opacity":"","overlay-gradient":""},"mobile":{"background-color":"var(--ast-global-color-5)","background-image":"","background-repeat":"repeat","background-position":"center center","background-size":"auto","background-attachment":"scroll","background-type":"","background-media":"","overlay-type":"","overlay-color":"","overlay-opacity":"","overlay-gradient":""}},"footnotes":""},"categories":[62],"tags":[],"class_list":["post-974","post","type-post","status-publish","format-standard","hentry","category-esports-i-salut"],"post_mailing_queue_ids":[],"_links":{"self":[{"href":"https:\/\/agora.xtec.cat\/escolaboragran\/wp-json\/wp\/v2\/posts\/974","targetHints":{"allow":["GET"]}}],"collection":[{"href":"https:\/\/agora.xtec.cat\/escolaboragran\/wp-json\/wp\/v2\/posts"}],"about":[{"href":"https:\/\/agora.xtec.cat\/escolaboragran\/wp-json\/wp\/v2\/types\/post"}],"author":[{"embeddable":true,"href":"https:\/\/agora.xtec.cat\/escolaboragran\/wp-json\/wp\/v2\/users\/4"}],"replies":[{"embeddable":true,"href":"https:\/\/agora.xtec.cat\/escolaboragran\/wp-json\/wp\/v2\/comments?post=974"}],"version-history":[{"count":3,"href":"https:\/\/agora.xtec.cat\/escolaboragran\/wp-json\/wp\/v2\/posts\/974\/revisions"}],"predecessor-version":[{"id":1170,"href":"https:\/\/agora.xtec.cat\/escolaboragran\/wp-json\/wp\/v2\/posts\/974\/revisions\/1170"}],"wp:attachment":[{"href":"https:\/\/agora.xtec.cat\/escolaboragran\/wp-json\/wp\/v2\/media?parent=974"}],"wp:term":[{"taxonomy":"category","embeddable":true,"href":"https:\/\/agora.xtec.cat\/escolaboragran\/wp-json\/wp\/v2\/categories?post=974"},{"taxonomy":"post_tag","embeddable":true,"href":"https:\/\/agora.xtec.cat\/escolaboragran\/wp-json\/wp\/v2\/tags?post=974"}],"curies":[{"name":"wp","href":"https:\/\/api.w.org\/{rel}","templated":true}]}}