{"id":7828,"date":"2026-03-30T21:32:38","date_gmt":"2026-03-30T19:32:38","guid":{"rendered":"https:\/\/agora.xtec.cat\/escolaboragran\/?p=7828"},"modified":"2026-04-21T16:11:42","modified_gmt":"2026-04-21T14:11:42","slug":"explicacio-climograma","status":"publish","type":"post","link":"https:\/\/agora.xtec.cat\/escolaboragran\/climograma\/explicacio-climograma\/","title":{"rendered":"Explicaci\u00f3 Climograma"},"content":{"rendered":"\n<div class=\"wp-block-media-text is-stacked-on-mobile\" style=\"grid-template-columns:30% auto\"><figure class=\"wp-block-media-text__media\"><a href=\"https:\/\/agora.xtec.cat\/escolaboragran\/wp-content\/uploads\/usu747\/2026\/03\/Gen26_EstacioMeteo01a_web.jpg\" target=\"_blank\" rel=\" noreferrer noopener\"><img loading=\"lazy\" decoding=\"async\" width=\"400\" height=\"300\" src=\"https:\/\/agora.xtec.cat\/escolaboragran\/wp-content\/uploads\/usu747\/2026\/01\/EstacioMeteorologica01_web.jpg\" alt=\"\" class=\"wp-image-7562 size-full\" srcset=\"https:\/\/agora.xtec.cat\/escolaboragran\/wp-content\/uploads\/usu747\/2026\/01\/EstacioMeteorologica01_web.jpg 400w, https:\/\/agora.xtec.cat\/escolaboragran\/wp-content\/uploads\/usu747\/2026\/01\/EstacioMeteorologica01_web-300x225.jpg 300w\" sizes=\"auto, (max-width: 400px) 100vw, 400px\" \/><\/a><\/figure><div class=\"wp-block-media-text__content\">\n<p>A l\u2019espai de l\u2019\u00c0trium tenim una estaci\u00f3 meteorol\u00f2gica anal\u00f2gica adquirida l&#8217;octubre de 2025 gr\u00e0cies a l&#8217;AFA.<\/p>\n\n\n\n<p>\u00c9s una estaci\u00f3 resistent als rajos UV i cont\u00e9: un panell giratori, un pluvi\u00f2metre i un panell amb un term\u00f2metre de m\u00e0xima i m\u00ednima, un bar\u00f2metre i un higr\u00f2metre.<\/p>\n<\/div><\/div>\n\n\n\n<p>Aquest curs cicle mitj\u00e0 i cicle superior estem col\u00b7laborant per elaborar una gr\u00e0fica de la temperatura di\u00e0ria de Seriny\u00e0.<br>L\u2019alumnat de cicle mitj\u00e0, cada dia a l\u2019hora d\u2019entrar a classe, va a mirar l&#8217;estaci\u00f3 i anota la temperatura: actual, m\u00ednima i la m\u00e0xima del dia anterior. Quan acaba el mes, l\u2019alumnat de 5\u00e8 recollim les dades i les passem a l\u2019ordinador per elaborar la gr\u00e0fica de la temperatura d\u2019aquell mes.<\/p>\n\n\n\n<figure class=\"wp-block-table\"><table class=\"has-fixed-layout\"><tbody><tr><td class=\"has-text-align-center\" data-align=\"center\"><a href=\"https:\/\/agora.xtec.cat\/escolaboragran\/wp-content\/uploads\/usu747\/2022\/01\/Climograma01_Set2025.png\" target=\"_blank\" rel=\"noreferrer noopener\"><img loading=\"lazy\" decoding=\"async\" width=\"300\" height=\"185\" class=\"wp-image-7432\" style=\"width: 300px;\" src=\"https:\/\/agora.xtec.cat\/escolaboragran\/wp-content\/uploads\/usu747\/2022\/01\/Climograma01_Set2025.png\" alt=\"\" srcset=\"https:\/\/agora.xtec.cat\/escolaboragran\/wp-content\/uploads\/usu747\/2022\/01\/Climograma01_Set2025.png 709w, https:\/\/agora.xtec.cat\/escolaboragran\/wp-content\/uploads\/usu747\/2022\/01\/Climograma01_Set2025-300x185.png 300w\" sizes=\"auto, (max-width: 300px) 100vw, 300px\" \/><\/a><\/td><td class=\"has-text-align-center\" data-align=\"center\"><a href=\"https:\/\/agora.xtec.cat\/escolaboragran\/wp-content\/uploads\/usu747\/2022\/01\/Climograma02_Oct2025.png\" target=\"_blank\" rel=\"noreferrer noopener\"><img loading=\"lazy\" decoding=\"async\" width=\"300\" height=\"185\" class=\"wp-image-7433\" style=\"width: 300px;\" src=\"https:\/\/agora.xtec.cat\/escolaboragran\/wp-content\/uploads\/usu747\/2022\/01\/Climograma02_Oct2025.png\" alt=\"\" srcset=\"https:\/\/agora.xtec.cat\/escolaboragran\/wp-content\/uploads\/usu747\/2022\/01\/Climograma02_Oct2025.png 710w, https:\/\/agora.xtec.cat\/escolaboragran\/wp-content\/uploads\/usu747\/2022\/01\/Climograma02_Oct2025-300x185.png 300w\" sizes=\"auto, (max-width: 300px) 100vw, 300px\" \/><\/a><\/td><\/tr><tr><td class=\"has-text-align-center\" data-align=\"center\"><a href=\"https:\/\/agora.xtec.cat\/escolaboragran\/wp-content\/uploads\/usu747\/2022\/01\/Climograma03_Nov2025.png\" target=\"_blank\" rel=\"noreferrer noopener\"><img loading=\"lazy\" decoding=\"async\" width=\"300\" height=\"186\" class=\"wp-image-7513\" style=\"width: 300px;\" src=\"https:\/\/agora.xtec.cat\/escolaboragran\/wp-content\/uploads\/usu747\/2022\/01\/Climograma03_Nov2025.png\" alt=\"\" srcset=\"https:\/\/agora.xtec.cat\/escolaboragran\/wp-content\/uploads\/usu747\/2022\/01\/Climograma03_Nov2025.png 713w, https:\/\/agora.xtec.cat\/escolaboragran\/wp-content\/uploads\/usu747\/2022\/01\/Climograma03_Nov2025-300x186.png 300w\" sizes=\"auto, (max-width: 300px) 100vw, 300px\" \/><\/a><\/td><td class=\"has-text-align-center\" data-align=\"center\"><a href=\"https:\/\/agora.xtec.cat\/escolaboragran\/wp-content\/uploads\/usu747\/2022\/01\/Climograma04_Des2025.png\" target=\"_blank\" rel=\"noreferrer noopener\"><img loading=\"lazy\" decoding=\"async\" width=\"300\" height=\"186\" class=\"wp-image-7529\" style=\"width: 300px;\" src=\"https:\/\/agora.xtec.cat\/escolaboragran\/wp-content\/uploads\/usu747\/2022\/01\/Climograma04_Des2025.png\" alt=\"\" srcset=\"https:\/\/agora.xtec.cat\/escolaboragran\/wp-content\/uploads\/usu747\/2022\/01\/Climograma04_Des2025.png 709w, https:\/\/agora.xtec.cat\/escolaboragran\/wp-content\/uploads\/usu747\/2022\/01\/Climograma04_Des2025-300x186.png 300w\" sizes=\"auto, (max-width: 300px) 100vw, 300px\" \/><\/a><\/td><\/tr><tr><td class=\"has-text-align-center\" data-align=\"center\"><a href=\"https:\/\/agora.xtec.cat\/escolaboragran\/wp-content\/uploads\/usu747\/2022\/01\/Climograma05_Gen2026.png\" target=\"_blank\" rel=\"noreferrer noopener\"><img loading=\"lazy\" decoding=\"async\" width=\"300\" height=\"185\" class=\"wp-image-7626\" style=\"width: 300px;\" src=\"https:\/\/agora.xtec.cat\/escolaboragran\/wp-content\/uploads\/usu747\/2022\/01\/Climograma05_Gen2026.png\" alt=\"\" srcset=\"https:\/\/agora.xtec.cat\/escolaboragran\/wp-content\/uploads\/usu747\/2022\/01\/Climograma05_Gen2026.png 708w, https:\/\/agora.xtec.cat\/escolaboragran\/wp-content\/uploads\/usu747\/2022\/01\/Climograma05_Gen2026-300x185.png 300w\" sizes=\"auto, (max-width: 300px) 100vw, 300px\" \/><\/a><\/td><td class=\"has-text-align-center\" data-align=\"center\"><a href=\"https:\/\/agora.xtec.cat\/escolaboragran\/wp-content\/uploads\/usu747\/2022\/01\/Climograma06_Feb2026.png\" target=\"_blank\" rel=\"noreferrer noopener\"><img loading=\"lazy\" decoding=\"async\" width=\"300\" height=\"186\" class=\"wp-image-7826\" style=\"width: 300px;\" src=\"https:\/\/agora.xtec.cat\/escolaboragran\/wp-content\/uploads\/usu747\/2022\/01\/Climograma06_Feb2026.png\" alt=\"\" srcset=\"https:\/\/agora.xtec.cat\/escolaboragran\/wp-content\/uploads\/usu747\/2022\/01\/Climograma06_Feb2026.png 705w, https:\/\/agora.xtec.cat\/escolaboragran\/wp-content\/uploads\/usu747\/2022\/01\/Climograma06_Feb2026-300x186.png 300w\" sizes=\"auto, (max-width: 300px) 100vw, 300px\" \/><\/a><\/td><\/tr><tr><td class=\"has-text-align-center\" data-align=\"center\"><a href=\"https:\/\/agora.xtec.cat\/escolaboragran\/wp-content\/uploads\/usu747\/2026\/03\/Climograma07_Mar2026.png\" target=\"_blank\" rel=\"noreferrer noopener\"><img loading=\"lazy\" decoding=\"async\" width=\"300\" height=\"185\" class=\"wp-image-7885\" style=\"width: 300px;\" src=\"https:\/\/agora.xtec.cat\/escolaboragran\/wp-content\/uploads\/usu747\/2026\/03\/Climograma07_Mar2026.png\" alt=\"\" srcset=\"https:\/\/agora.xtec.cat\/escolaboragran\/wp-content\/uploads\/usu747\/2026\/03\/Climograma07_Mar2026.png 707w, https:\/\/agora.xtec.cat\/escolaboragran\/wp-content\/uploads\/usu747\/2026\/03\/Climograma07_Mar2026-300x185.png 300w\" sizes=\"auto, (max-width: 300px) 100vw, 300px\" \/><\/a><\/td><td class=\"has-text-align-center\" data-align=\"center\"><\/td><\/tr><tr><td class=\"has-text-align-center\" data-align=\"center\"><\/td><td class=\"has-text-align-center\" data-align=\"center\"><\/td><\/tr><\/tbody><\/table><\/figure>\n","protected":false},"excerpt":{"rendered":"<p>A l\u2019espai de l\u2019\u00c0trium tenim una estaci\u00f3 meteorol\u00f2gica anal\u00f2gica adquirida l&#8217;octubre de 2025 gr\u00e0cies a l&#8217;AFA. \u00c9s una estaci\u00f3 resistent als rajos UV i cont\u00e9: un panell giratori, un pluvi\u00f2metre i un panell amb un term\u00f2metre de m\u00e0xima i m\u00ednima, un bar\u00f2metre i un higr\u00f2metre. Aquest curs cicle mitj\u00e0 i cicle superior estem col\u00b7laborant per [&hellip;]<\/p>\n","protected":false},"author":4,"featured_media":0,"comment_status":"closed","ping_status":"closed","sticky":false,"template":"","format":"standard","meta":{"_bbp_topic_count":0,"_bbp_reply_count":0,"_bbp_total_topic_count":0,"_bbp_total_reply_count":0,"_bbp_voice_count":0,"_bbp_anonymous_reply_count":0,"_bbp_topic_count_hidden":0,"_bbp_reply_count_hidden":0,"_bbp_forum_subforum_count":0,"site-sidebar-layout":"default","site-content-layout":"","ast-site-content-layout":"default","site-content-style":"default","site-sidebar-style":"default","ast-global-header-display":"","ast-banner-title-visibility":"","ast-main-header-display":"","ast-hfb-above-header-display":"","ast-hfb-below-header-display":"","ast-hfb-mobile-header-display":"","site-post-title":"","ast-breadcrumbs-content":"","ast-featured-img":"","footer-sml-layout":"","theme-transparent-header-meta":"","adv-header-id-meta":"","stick-header-meta":"","header-above-stick-meta":"","header-main-stick-meta":"","header-below-stick-meta":"","astra-migrate-meta-layouts":"set","ast-page-background-enabled":"default","ast-page-background-meta":{"desktop":{"background-color":"var(--ast-global-color-4)","background-image":"","background-repeat":"repeat","background-position":"center center","background-size":"auto","background-attachment":"scroll","background-type":"","background-media":"","overlay-type":"","overlay-color":"","overlay-opacity":"","overlay-gradient":""},"tablet":{"background-color":"","background-image":"","background-repeat":"repeat","background-position":"center center","background-size":"auto","background-attachment":"scroll","background-type":"","background-media":"","overlay-type":"","overlay-color":"","overlay-opacity":"","overlay-gradient":""},"mobile":{"background-color":"","background-image":"","background-repeat":"repeat","background-position":"center center","background-size":"auto","background-attachment":"scroll","background-type":"","background-media":"","overlay-type":"","overlay-color":"","overlay-opacity":"","overlay-gradient":""}},"ast-content-background-meta":{"desktop":{"background-color":"var(--ast-global-color-5)","background-image":"","background-repeat":"repeat","background-position":"center center","background-size":"auto","background-attachment":"scroll","background-type":"","background-media":"","overlay-type":"","overlay-color":"","overlay-opacity":"","overlay-gradient":""},"tablet":{"background-color":"var(--ast-global-color-5)","background-image":"","background-repeat":"repeat","background-position":"center center","background-size":"auto","background-attachment":"scroll","background-type":"","background-media":"","overlay-type":"","overlay-color":"","overlay-opacity":"","overlay-gradient":""},"mobile":{"background-color":"var(--ast-global-color-5)","background-image":"","background-repeat":"repeat","background-position":"center center","background-size":"auto","background-attachment":"scroll","background-type":"","background-media":"","overlay-type":"","overlay-color":"","overlay-opacity":"","overlay-gradient":""}},"footnotes":""},"categories":[89],"tags":[],"class_list":["post-7828","post","type-post","status-publish","format-standard","hentry","category-climograma"],"post_mailing_queue_ids":[],"_links":{"self":[{"href":"https:\/\/agora.xtec.cat\/escolaboragran\/wp-json\/wp\/v2\/posts\/7828","targetHints":{"allow":["GET"]}}],"collection":[{"href":"https:\/\/agora.xtec.cat\/escolaboragran\/wp-json\/wp\/v2\/posts"}],"about":[{"href":"https:\/\/agora.xtec.cat\/escolaboragran\/wp-json\/wp\/v2\/types\/post"}],"author":[{"embeddable":true,"href":"https:\/\/agora.xtec.cat\/escolaboragran\/wp-json\/wp\/v2\/users\/4"}],"replies":[{"embeddable":true,"href":"https:\/\/agora.xtec.cat\/escolaboragran\/wp-json\/wp\/v2\/comments?post=7828"}],"version-history":[{"count":6,"href":"https:\/\/agora.xtec.cat\/escolaboragran\/wp-json\/wp\/v2\/posts\/7828\/revisions"}],"predecessor-version":[{"id":7887,"href":"https:\/\/agora.xtec.cat\/escolaboragran\/wp-json\/wp\/v2\/posts\/7828\/revisions\/7887"}],"wp:attachment":[{"href":"https:\/\/agora.xtec.cat\/escolaboragran\/wp-json\/wp\/v2\/media?parent=7828"}],"wp:term":[{"taxonomy":"category","embeddable":true,"href":"https:\/\/agora.xtec.cat\/escolaboragran\/wp-json\/wp\/v2\/categories?post=7828"},{"taxonomy":"post_tag","embeddable":true,"href":"https:\/\/agora.xtec.cat\/escolaboragran\/wp-json\/wp\/v2\/tags?post=7828"}],"curies":[{"name":"wp","href":"https:\/\/api.w.org\/{rel}","templated":true}]}}