{"id":7746,"date":"2026-02-26T13:23:05","date_gmt":"2026-02-26T12:23:05","guid":{"rendered":"https:\/\/agora.xtec.cat\/escolaboragran\/?p=7746"},"modified":"2026-02-27T12:49:00","modified_gmt":"2026-02-27T11:49:00","slug":"padrins-lectors-2","status":"publish","type":"post","link":"https:\/\/agora.xtec.cat\/escolaboragran\/1r-2n\/padrins-lectors-2\/","title":{"rendered":"Padrins lectors"},"content":{"rendered":"\n<figure class=\"wp-block-image aligncenter size-full is-resized\"><a href=\"https:\/\/photos.google.com\/share\/AF1QipP90LB0bgwf5nfSDptUyN9rARj4e_qjNs91V9p-cIwPsOdv_aX2NhDE5jWKhvacdw\/photo\/AF1QipPBFPem8JtD1IAHCVWkUbMbyNkwdfUfFkJcw6yf?key=U0E4N0JPYjJUT1ZiZGFoVWRQcDhrSkdUSFhLNlRB\" target=\"_blank\" rel=\" noreferrer noopener\"><img loading=\"lazy\" decoding=\"async\" width=\"614\" height=\"461\" src=\"https:\/\/agora.xtec.cat\/escolaboragran\/wp-content\/uploads\/usu747\/2026\/02\/Feb26_PadrinsLectorsCS_CI16_web-e1771847529189.jpeg\" alt=\"\" class=\"wp-image-7747\" style=\"width:350px\" srcset=\"https:\/\/agora.xtec.cat\/escolaboragran\/wp-content\/uploads\/usu747\/2026\/02\/Feb26_PadrinsLectorsCS_CI16_web-e1771847529189.jpeg 614w, https:\/\/agora.xtec.cat\/escolaboragran\/wp-content\/uploads\/usu747\/2026\/02\/Feb26_PadrinsLectorsCS_CI16_web-e1771847529189-300x225.jpeg 300w\" sizes=\"auto, (max-width: 614px) 100vw, 614px\" \/><\/a><\/figure>\n\n\n\n<p class=\"has-text-align-center\">Hem comen\u00e7at els padrins lectors, una activitat molt arrelada a la nostra escola on grans i petits comparteixen una estona de lectura a la setmana. Aquest any 5\u00e8 apadrina a 1r i 6\u00e8 apadrina a 2n. Despr\u00e9s de la lectura compartida, padrins i fillols omplen el diari de lectura on recullen la valoraci\u00f3  del llibre que acaben de llegir.<\/p>\n\n\n\n<p>Per veure m\u00e9s fotos, clica <a href=\"https:\/\/forms.gle\/mWYDRiJim4K7EnR36\" target=\"_blank\" rel=\"noreferrer noopener\">aqu\u00ed<\/a><\/p>\n\n\n\n<p><\/p>\n","protected":false},"excerpt":{"rendered":"<p>Hem comen\u00e7at els padrins lectors, una activitat molt arrelada a la nostra escola on grans i petits comparteixen una estona de lectura a la setmana. Aquest any 5\u00e8 apadrina a 1r i 6\u00e8 apadrina a 2n. Despr\u00e9s de la lectura compartida, padrins i fillols omplen el diari de lectura on recullen la valoraci\u00f3 del llibre [&hellip;]<\/p>\n","protected":false},"author":15,"featured_media":7747,"comment_status":"closed","ping_status":"closed","sticky":false,"template":"","format":"standard","meta":{"_bbp_topic_count":0,"_bbp_reply_count":0,"_bbp_total_topic_count":0,"_bbp_total_reply_count":0,"_bbp_voice_count":0,"_bbp_anonymous_reply_count":0,"_bbp_topic_count_hidden":0,"_bbp_reply_count_hidden":0,"_bbp_forum_subforum_count":0,"site-sidebar-layout":"default","site-content-layout":"","ast-site-content-layout":"default","site-content-style":"default","site-sidebar-style":"default","ast-global-header-display":"","ast-banner-title-visibility":"","ast-main-header-display":"","ast-hfb-above-header-display":"","ast-hfb-below-header-display":"","ast-hfb-mobile-header-display":"","site-post-title":"","ast-breadcrumbs-content":"","ast-featured-img":"","footer-sml-layout":"","theme-transparent-header-meta":"","adv-header-id-meta":"","stick-header-meta":"","header-above-stick-meta":"","header-main-stick-meta":"","header-below-stick-meta":"","astra-migrate-meta-layouts":"set","ast-page-background-enabled":"default","ast-page-background-meta":{"desktop":{"background-color":"var(--ast-global-color-4)","background-image":"","background-repeat":"repeat","background-position":"center center","background-size":"auto","background-attachment":"scroll","background-type":"","background-media":"","overlay-type":"","overlay-color":"","overlay-opacity":"","overlay-gradient":""},"tablet":{"background-color":"","background-image":"","background-repeat":"repeat","background-position":"center center","background-size":"auto","background-attachment":"scroll","background-type":"","background-media":"","overlay-type":"","overlay-color":"","overlay-opacity":"","overlay-gradient":""},"mobile":{"background-color":"","background-image":"","background-repeat":"repeat","background-position":"center center","background-size":"auto","background-attachment":"scroll","background-type":"","background-media":"","overlay-type":"","overlay-color":"","overlay-opacity":"","overlay-gradient":""}},"ast-content-background-meta":{"desktop":{"background-color":"var(--ast-global-color-5)","background-image":"","background-repeat":"repeat","background-position":"center center","background-size":"auto","background-attachment":"scroll","background-type":"","background-media":"","overlay-type":"","overlay-color":"","overlay-opacity":"","overlay-gradient":""},"tablet":{"background-color":"var(--ast-global-color-5)","background-image":"","background-repeat":"repeat","background-position":"center center","background-size":"auto","background-attachment":"scroll","background-type":"","background-media":"","overlay-type":"","overlay-color":"","overlay-opacity":"","overlay-gradient":""},"mobile":{"background-color":"var(--ast-global-color-5)","background-image":"","background-repeat":"repeat","background-position":"center center","background-size":"auto","background-attachment":"scroll","background-type":"","background-media":"","overlay-type":"","overlay-color":"","overlay-opacity":"","overlay-gradient":""}},"footnotes":""},"categories":[3,9,4],"tags":[],"class_list":["post-7746","post","type-post","status-publish","format-standard","has-post-thumbnail","hentry","category-1r-2n","category-5e-6e","category-portada"],"post_mailing_queue_ids":[],"_links":{"self":[{"href":"https:\/\/agora.xtec.cat\/escolaboragran\/wp-json\/wp\/v2\/posts\/7746","targetHints":{"allow":["GET"]}}],"collection":[{"href":"https:\/\/agora.xtec.cat\/escolaboragran\/wp-json\/wp\/v2\/posts"}],"about":[{"href":"https:\/\/agora.xtec.cat\/escolaboragran\/wp-json\/wp\/v2\/types\/post"}],"author":[{"embeddable":true,"href":"https:\/\/agora.xtec.cat\/escolaboragran\/wp-json\/wp\/v2\/users\/15"}],"replies":[{"embeddable":true,"href":"https:\/\/agora.xtec.cat\/escolaboragran\/wp-json\/wp\/v2\/comments?post=7746"}],"version-history":[{"count":5,"href":"https:\/\/agora.xtec.cat\/escolaboragran\/wp-json\/wp\/v2\/posts\/7746\/revisions"}],"predecessor-version":[{"id":7756,"href":"https:\/\/agora.xtec.cat\/escolaboragran\/wp-json\/wp\/v2\/posts\/7746\/revisions\/7756"}],"wp:featuredmedia":[{"embeddable":true,"href":"https:\/\/agora.xtec.cat\/escolaboragran\/wp-json\/wp\/v2\/media\/7747"}],"wp:attachment":[{"href":"https:\/\/agora.xtec.cat\/escolaboragran\/wp-json\/wp\/v2\/media?parent=7746"}],"wp:term":[{"taxonomy":"category","embeddable":true,"href":"https:\/\/agora.xtec.cat\/escolaboragran\/wp-json\/wp\/v2\/categories?post=7746"},{"taxonomy":"post_tag","embeddable":true,"href":"https:\/\/agora.xtec.cat\/escolaboragran\/wp-json\/wp\/v2\/tags?post=7746"}],"curies":[{"name":"wp","href":"https:\/\/api.w.org\/{rel}","templated":true}]}}