{"id":7329,"date":"2025-10-17T13:04:00","date_gmt":"2025-10-17T11:04:00","guid":{"rendered":"https:\/\/agora.xtec.cat\/escolaboragran\/?p=7329"},"modified":"2025-11-10T21:41:42","modified_gmt":"2025-11-10T20:41:42","slug":"taller-benestar-a-laula","status":"publish","type":"post","link":"https:\/\/agora.xtec.cat\/escolaboragran\/5e-6e\/taller-benestar-a-laula\/","title":{"rendered":"Taller: Benestar a l&#8217;aula"},"content":{"rendered":"<p style=\"text-align: justify;\">Un dijous al mat\u00ed va venir l\u2019Anna Ramoneda a fer-nos un taller sobre el benestar a l\u2019aula.<br \/>\nPrimer ens va preguntar qu\u00e8 volia dir la paraula ab\u00fas i ens va parlar de: la viol\u00e8ncia social, viol\u00e8ncia verbal, viol\u00e8ncia f\u00edsica, viol\u00e8ncia sexual i intimidaci\u00f3 f\u00edsica.<br \/>\nTamb\u00e9 vam fer un joc que consistia a girar-nos i a trav\u00e9s de la m\u00e0 hav\u00edem de respondre diferents preguntes com: que obrin la m\u00e0 les persones que estan a gust en aquesta classe, que tanquin la m\u00e0 les persones que senten que les deixen de banda&#8230;<br \/>\nPer acabar, ens van donar un paper i vam escriure o dibuixar si hav\u00edem vist o patit alguna situaci\u00f3 d\u2019assetjament o viol\u00e8ncia a l\u2019escola o fora de l\u2019escola.<br \/>\nAquest taller ens ajudar\u00e0 a aconseguir que tots i totes ens sentim a gust a l\u2019aula. Moltes gr\u00e0cies, Anna, ens ha agradat molt.<br \/>\n<em>Redactors: Marc i Mag\u00ed<\/em><\/p>\n<p><a href=\"https:\/\/photos.google.com\/share\/AF1QipOjoYX32b4PaYEvf27zOO6pjhVqzyG3b-P6HjkjGZ_Ah1Vt1hlH-zMDYcik6XhQpA\/photo\/AF1QipPkiuy8YX4jlTe1KWqAYN0zjjaddYTdAKCczWEi?key=emp1WC1WUGVxdTRKekY2NzZnY3ZXMTNmMjhydUJR\" target=\"_blank\" rel=\"noopener\"><img decoding=\"async\" class=\"aligncenter\" style=\"max-width: 300px; max-height: 300px;\" src=\"https:\/\/lh3.googleusercontent.com\/pw\/AP1GczMViabuAq59FxtHY1nSoL2nhWhLO9yWvS2IAbIftqfhcBSCR3QBksS-zQ_E3AkbTb4e2uXkm2Zkj-8swpGlpOXmri6dmMH3LUWB_hH_8wrlFoqkpYgqzR8Oo6tyb-6DiSMVX2ewnybCynGnHK056XkjBA=w800-h600-no--s-no-gm?authuser=0\" \/><\/a><\/p>\n","protected":false},"excerpt":{"rendered":"<p>Un dijous al mat\u00ed va venir l\u2019Anna Ramoneda a fer-nos un taller sobre el benestar a l\u2019aula. Primer ens va preguntar qu\u00e8 volia dir la paraula ab\u00fas i ens va parlar de: la viol\u00e8ncia social, viol\u00e8ncia verbal, viol\u00e8ncia f\u00edsica, viol\u00e8ncia sexual i intimidaci\u00f3 f\u00edsica. Tamb\u00e9 vam fer un joc que consistia a girar-nos i a [&hellip;]<\/p>\n","protected":false},"author":30,"featured_media":0,"comment_status":"closed","ping_status":"closed","sticky":false,"template":"","format":"standard","meta":{"_bbp_topic_count":0,"_bbp_reply_count":0,"_bbp_total_topic_count":0,"_bbp_total_reply_count":0,"_bbp_voice_count":0,"_bbp_anonymous_reply_count":0,"_bbp_topic_count_hidden":0,"_bbp_reply_count_hidden":0,"_bbp_forum_subforum_count":0,"site-sidebar-layout":"default","site-content-layout":"","ast-site-content-layout":"","site-content-style":"default","site-sidebar-style":"default","ast-global-header-display":"","ast-banner-title-visibility":"","ast-main-header-display":"","ast-hfb-above-header-display":"","ast-hfb-below-header-display":"","ast-hfb-mobile-header-display":"","site-post-title":"","ast-breadcrumbs-content":"","ast-featured-img":"","footer-sml-layout":"","theme-transparent-header-meta":"","adv-header-id-meta":"","stick-header-meta":"","header-above-stick-meta":"","header-main-stick-meta":"","header-below-stick-meta":"","astra-migrate-meta-layouts":"default","ast-page-background-enabled":"default","ast-page-background-meta":{"desktop":{"background-color":"var(--ast-global-color-4)","background-image":"","background-repeat":"repeat","background-position":"center center","background-size":"auto","background-attachment":"scroll","background-type":"","background-media":"","overlay-type":"","overlay-color":"","overlay-opacity":"","overlay-gradient":""},"tablet":{"background-color":"","background-image":"","background-repeat":"repeat","background-position":"center center","background-size":"auto","background-attachment":"scroll","background-type":"","background-media":"","overlay-type":"","overlay-color":"","overlay-opacity":"","overlay-gradient":""},"mobile":{"background-color":"","background-image":"","background-repeat":"repeat","background-position":"center center","background-size":"auto","background-attachment":"scroll","background-type":"","background-media":"","overlay-type":"","overlay-color":"","overlay-opacity":"","overlay-gradient":""}},"ast-content-background-meta":{"desktop":{"background-color":"var(--ast-global-color-5)","background-image":"","background-repeat":"repeat","background-position":"center center","background-size":"auto","background-attachment":"scroll","background-type":"","background-media":"","overlay-type":"","overlay-color":"","overlay-opacity":"","overlay-gradient":""},"tablet":{"background-color":"var(--ast-global-color-5)","background-image":"","background-repeat":"repeat","background-position":"center center","background-size":"auto","background-attachment":"scroll","background-type":"","background-media":"","overlay-type":"","overlay-color":"","overlay-opacity":"","overlay-gradient":""},"mobile":{"background-color":"var(--ast-global-color-5)","background-image":"","background-repeat":"repeat","background-position":"center center","background-size":"auto","background-attachment":"scroll","background-type":"","background-media":"","overlay-type":"","overlay-color":"","overlay-opacity":"","overlay-gradient":""}},"footnotes":""},"categories":[9],"tags":[],"class_list":["post-7329","post","type-post","status-publish","format-standard","hentry","category-5e-6e"],"post_mailing_queue_ids":[],"_links":{"self":[{"href":"https:\/\/agora.xtec.cat\/escolaboragran\/wp-json\/wp\/v2\/posts\/7329","targetHints":{"allow":["GET"]}}],"collection":[{"href":"https:\/\/agora.xtec.cat\/escolaboragran\/wp-json\/wp\/v2\/posts"}],"about":[{"href":"https:\/\/agora.xtec.cat\/escolaboragran\/wp-json\/wp\/v2\/types\/post"}],"author":[{"embeddable":true,"href":"https:\/\/agora.xtec.cat\/escolaboragran\/wp-json\/wp\/v2\/users\/30"}],"replies":[{"embeddable":true,"href":"https:\/\/agora.xtec.cat\/escolaboragran\/wp-json\/wp\/v2\/comments?post=7329"}],"version-history":[{"count":5,"href":"https:\/\/agora.xtec.cat\/escolaboragran\/wp-json\/wp\/v2\/posts\/7329\/revisions"}],"predecessor-version":[{"id":7349,"href":"https:\/\/agora.xtec.cat\/escolaboragran\/wp-json\/wp\/v2\/posts\/7329\/revisions\/7349"}],"wp:attachment":[{"href":"https:\/\/agora.xtec.cat\/escolaboragran\/wp-json\/wp\/v2\/media?parent=7329"}],"wp:term":[{"taxonomy":"category","embeddable":true,"href":"https:\/\/agora.xtec.cat\/escolaboragran\/wp-json\/wp\/v2\/categories?post=7329"},{"taxonomy":"post_tag","embeddable":true,"href":"https:\/\/agora.xtec.cat\/escolaboragran\/wp-json\/wp\/v2\/tags?post=7329"}],"curies":[{"name":"wp","href":"https:\/\/api.w.org\/{rel}","templated":true}]}}