{"id":6525,"date":"2024-02-27T23:08:42","date_gmt":"2024-02-27T22:08:42","guid":{"rendered":"https:\/\/agora.xtec.cat\/escolaboragran\/?p=6525"},"modified":"2024-05-10T21:25:23","modified_gmt":"2024-05-10T19:25:23","slug":"dia-de-la-pau-escolar","status":"publish","type":"post","link":"https:\/\/agora.xtec.cat\/escolaboragran\/festes-i-celebracions\/dia-de-la-pau-escolar\/","title":{"rendered":"Dia de la Pau escolar"},"content":{"rendered":"<p style=\"text-align: justify;\">Aquest curs hem jugat a donar una altra cara als objectes violents. Hem transformat el dibuix d&#8217;un element b\u00e8l\u00b7lic (pistoles, bombes, tancs&#8230;) en un element pacifista.<br \/>\nLa tarda del dia de la Pau escolar tots plegats ens vam reunir a l&#8217;entrada de l&#8217;escola. Cada grup va ensenyar i explicar els dibuixos i la seva transformaci\u00f3: peixos, regadores, cotxes, papallones, globus&#8230; Per acabar vam cantar la can\u00e7\u00f3 &#8220;Mirall de pau&#8221;. Algunes fam\u00edlies van venir a escoltar-nos per compartir aquest bonic moment.<br \/>\n<em>Redactors: Arnau, Biel, Maiol i Oriol T<\/em><\/p>\n<p><a href=\"https:\/\/photos.google.com\/share\/AF1QipOcGjdp47ClAGcNgOUq4aInj1VOcJuEMOcWqgLoVrarziIIgdY4n2dfNQB3qLoePw\/photo\/AF1QipOAw_L3QBDiJ7ufKi3njn7z9FQbz9dfse8mc6J-?key=N1dXaDg3WUZqUXplWlpadG03dnQwTGJBRWdELS13\" target=\"_blank\" rel=\"noopener\"><img decoding=\"async\" class=\"aligncenter\" style=\"max-width: 300px; max-height: 300px;\" src=\"https:\/\/lh3.googleusercontent.com\/pw\/AP1GczN71LAyA7oxg7_R2fnWc_KnRC5CuXyrndyc1JUcYUizQmRkg7chKz6pJQqnKNE1jy5jlVzwLOONuZPqZ4aBc0QH8PWvyomF5N68XeJmZnS-dJXKuTI7CwtGrEny0lkNkocc8zhvb5UyrE3pXeMyOBcBkw=w800-h600-no--s-no-gm?authuser=0\" \/><\/a><\/p>\n","protected":false},"excerpt":{"rendered":"<p>Aquest curs hem jugat a donar una altra cara als objectes violents. Hem transformat el dibuix d&#8217;un element b\u00e8l\u00b7lic (pistoles, bombes, tancs&#8230;) en un element pacifista. La tarda del dia de la Pau escolar tots plegats ens vam reunir a l&#8217;entrada de l&#8217;escola. Cada grup va ensenyar i explicar els dibuixos i la seva transformaci\u00f3: [&hellip;]<\/p>\n","protected":false},"author":4,"featured_media":0,"comment_status":"closed","ping_status":"closed","sticky":false,"template":"","format":"standard","meta":{"_bbp_topic_count":0,"_bbp_reply_count":0,"_bbp_total_topic_count":0,"_bbp_total_reply_count":0,"_bbp_voice_count":0,"_bbp_anonymous_reply_count":0,"_bbp_topic_count_hidden":0,"_bbp_reply_count_hidden":0,"_bbp_forum_subforum_count":0,"site-sidebar-layout":"default","site-content-layout":"","ast-site-content-layout":"","site-content-style":"default","site-sidebar-style":"default","ast-global-header-display":"","ast-banner-title-visibility":"","ast-main-header-display":"","ast-hfb-above-header-display":"","ast-hfb-below-header-display":"","ast-hfb-mobile-header-display":"","site-post-title":"","ast-breadcrumbs-content":"","ast-featured-img":"","footer-sml-layout":"","theme-transparent-header-meta":"","adv-header-id-meta":"","stick-header-meta":"","header-above-stick-meta":"","header-main-stick-meta":"","header-below-stick-meta":"","astra-migrate-meta-layouts":"default","ast-page-background-enabled":"default","ast-page-background-meta":{"desktop":{"background-color":"var(--ast-global-color-4)","background-image":"","background-repeat":"repeat","background-position":"center center","background-size":"auto","background-attachment":"scroll","background-type":"","background-media":"","overlay-type":"","overlay-color":"","overlay-opacity":"","overlay-gradient":""},"tablet":{"background-color":"","background-image":"","background-repeat":"repeat","background-position":"center center","background-size":"auto","background-attachment":"scroll","background-type":"","background-media":"","overlay-type":"","overlay-color":"","overlay-opacity":"","overlay-gradient":""},"mobile":{"background-color":"","background-image":"","background-repeat":"repeat","background-position":"center center","background-size":"auto","background-attachment":"scroll","background-type":"","background-media":"","overlay-type":"","overlay-color":"","overlay-opacity":"","overlay-gradient":""}},"ast-content-background-meta":{"desktop":{"background-color":"var(--ast-global-color-5)","background-image":"","background-repeat":"repeat","background-position":"center center","background-size":"auto","background-attachment":"scroll","background-type":"","background-media":"","overlay-type":"","overlay-color":"","overlay-opacity":"","overlay-gradient":""},"tablet":{"background-color":"var(--ast-global-color-5)","background-image":"","background-repeat":"repeat","background-position":"center center","background-size":"auto","background-attachment":"scroll","background-type":"","background-media":"","overlay-type":"","overlay-color":"","overlay-opacity":"","overlay-gradient":""},"mobile":{"background-color":"var(--ast-global-color-5)","background-image":"","background-repeat":"repeat","background-position":"center center","background-size":"auto","background-attachment":"scroll","background-type":"","background-media":"","overlay-type":"","overlay-color":"","overlay-opacity":"","overlay-gradient":""}},"footnotes":""},"categories":[63],"tags":[],"class_list":["post-6525","post","type-post","status-publish","format-standard","hentry","category-festes-i-celebracions"],"post_mailing_queue_ids":[],"_links":{"self":[{"href":"https:\/\/agora.xtec.cat\/escolaboragran\/wp-json\/wp\/v2\/posts\/6525","targetHints":{"allow":["GET"]}}],"collection":[{"href":"https:\/\/agora.xtec.cat\/escolaboragran\/wp-json\/wp\/v2\/posts"}],"about":[{"href":"https:\/\/agora.xtec.cat\/escolaboragran\/wp-json\/wp\/v2\/types\/post"}],"author":[{"embeddable":true,"href":"https:\/\/agora.xtec.cat\/escolaboragran\/wp-json\/wp\/v2\/users\/4"}],"replies":[{"embeddable":true,"href":"https:\/\/agora.xtec.cat\/escolaboragran\/wp-json\/wp\/v2\/comments?post=6525"}],"version-history":[{"count":6,"href":"https:\/\/agora.xtec.cat\/escolaboragran\/wp-json\/wp\/v2\/posts\/6525\/revisions"}],"predecessor-version":[{"id":6677,"href":"https:\/\/agora.xtec.cat\/escolaboragran\/wp-json\/wp\/v2\/posts\/6525\/revisions\/6677"}],"wp:attachment":[{"href":"https:\/\/agora.xtec.cat\/escolaboragran\/wp-json\/wp\/v2\/media?parent=6525"}],"wp:term":[{"taxonomy":"category","embeddable":true,"href":"https:\/\/agora.xtec.cat\/escolaboragran\/wp-json\/wp\/v2\/categories?post=6525"},{"taxonomy":"post_tag","embeddable":true,"href":"https:\/\/agora.xtec.cat\/escolaboragran\/wp-json\/wp\/v2\/tags?post=6525"}],"curies":[{"name":"wp","href":"https:\/\/api.w.org\/{rel}","templated":true}]}}