{"id":6060,"date":"2023-05-21T18:50:07","date_gmt":"2023-05-21T16:50:07","guid":{"rendered":"https:\/\/agora.xtec.cat\/escolaboragran\/?p=6060"},"modified":"2023-06-27T18:34:03","modified_gmt":"2023-06-27T16:34:03","slug":"eleccions-bora-gran-2023","status":"publish","type":"post","link":"https:\/\/agora.xtec.cat\/escolaboragran\/5e-6e\/eleccions-bora-gran-2023\/","title":{"rendered":"Eleccions Bora Gran 2023"},"content":{"rendered":"<p style=\"text-align: justify;\">Unes eleccions molt disputades!<br \/>\nL\u2019alumnat de sis\u00e8 va fer unes eleccions on hi participaven 5 partits diferents: \u00c0necs per Seriny\u00e0, Junts x el poble, Units per Seriny\u00e0, Boracat i Som Seriny\u00e0.<br \/>\nVan presentar a la resta de l\u2019alumnat els seus programes electorals i dies despr\u00e9s es van dur a terme les votacions.<br \/>\nVan votar 115 persones tan presencialment com per vot via correu electr\u00f2nic. Els resultats van ser:<br \/>\n1r- \u00c0necs per Seriny\u00e0 amb 36 vots.<br \/>\n2n- Junts x el poble amb 27 vots.<br \/>\n3r- Units per Seriny\u00e0 amb 20 vots.<br \/>\n4t- Boracat amb 17 vots.<br \/>\n5\u00e9- Som Seriny\u00e0 amb 11 vots.<br \/>\nI 4 vots en blanc.<br \/>\nEntre negociacions el grup d&#8217;\u00c0necs per Seriny\u00e0 i Junts x el poble es van unir fent majoria absoluta. En conclusi\u00f3 els guanyadors\/res d\u2019aquestes eleccions han sigut el grup d\u2019\u00c0necs per Seriny\u00e0 i Junts x el poble.<br \/>\nA tots els altres partits tamb\u00e9 els volem felicitar pel gran treball que han fet!<\/p>\n<p><a href=\"https:\/\/photos.google.com\/share\/AF1QipNdAPABH6_lC5oDfKZKAit5V0EEXNZuOIe7Yx_Fyc_JjzZy5zLSunot3dYQ4kqqrg\/photo\/AF1QipNzQ_3W7bCWTn18wfPNJkTwqRzqtYzLXgflRexP?key=cUo3NEpjMWt2QmFfamhPR1JNdEdjRGZrTEdCamJ3\" target=\"_blank\" rel=\"noopener\"><img decoding=\"async\" class=\"aligncenter\" style=\"max-width: 300px; max-height: 300px;\" src=\"https:\/\/lh3.googleusercontent.com\/pw\/AJFCJaV5UWt8jqXjQC7QW4qM_a4bmqcJPWJK4bFV9i9DDP7F_BNAZd80RWfsRUwBBvW88jBKvgPC6GhLk2IlfGmmPG-oCrRO7Y4MXVTmECNz_Jso6bw7PuayepIuNyTlYll9XK4oY_klK4WeNX-AHww86ysa8A=w800-h600-no--s-no?authuser=0\" \/><\/a><\/p>\n","protected":false},"excerpt":{"rendered":"<p>Unes eleccions molt disputades! L\u2019alumnat de sis\u00e8 va fer unes eleccions on hi participaven 5 partits diferents: \u00c0necs per Seriny\u00e0, Junts x el poble, Units per Seriny\u00e0, Boracat i Som Seriny\u00e0. Van presentar a la resta de l\u2019alumnat els seus programes electorals i dies despr\u00e9s es van dur a terme les votacions. Van votar 115 [&hellip;]<\/p>\n","protected":false},"author":4,"featured_media":0,"comment_status":"closed","ping_status":"closed","sticky":false,"template":"","format":"standard","meta":{"_bbp_topic_count":0,"_bbp_reply_count":0,"_bbp_total_topic_count":0,"_bbp_total_reply_count":0,"_bbp_voice_count":0,"_bbp_anonymous_reply_count":0,"_bbp_topic_count_hidden":0,"_bbp_reply_count_hidden":0,"_bbp_forum_subforum_count":0,"site-sidebar-layout":"default","site-content-layout":"","ast-site-content-layout":"","site-content-style":"default","site-sidebar-style":"default","ast-global-header-display":"","ast-banner-title-visibility":"","ast-main-header-display":"","ast-hfb-above-header-display":"","ast-hfb-below-header-display":"","ast-hfb-mobile-header-display":"","site-post-title":"","ast-breadcrumbs-content":"","ast-featured-img":"","footer-sml-layout":"","theme-transparent-header-meta":"","adv-header-id-meta":"","stick-header-meta":"","header-above-stick-meta":"","header-main-stick-meta":"","header-below-stick-meta":"","astra-migrate-meta-layouts":"default","ast-page-background-enabled":"default","ast-page-background-meta":{"desktop":{"background-color":"var(--ast-global-color-4)","background-image":"","background-repeat":"repeat","background-position":"center center","background-size":"auto","background-attachment":"scroll","background-type":"","background-media":"","overlay-type":"","overlay-color":"","overlay-opacity":"","overlay-gradient":""},"tablet":{"background-color":"","background-image":"","background-repeat":"repeat","background-position":"center center","background-size":"auto","background-attachment":"scroll","background-type":"","background-media":"","overlay-type":"","overlay-color":"","overlay-opacity":"","overlay-gradient":""},"mobile":{"background-color":"","background-image":"","background-repeat":"repeat","background-position":"center center","background-size":"auto","background-attachment":"scroll","background-type":"","background-media":"","overlay-type":"","overlay-color":"","overlay-opacity":"","overlay-gradient":""}},"ast-content-background-meta":{"desktop":{"background-color":"var(--ast-global-color-5)","background-image":"","background-repeat":"repeat","background-position":"center center","background-size":"auto","background-attachment":"scroll","background-type":"","background-media":"","overlay-type":"","overlay-color":"","overlay-opacity":"","overlay-gradient":""},"tablet":{"background-color":"var(--ast-global-color-5)","background-image":"","background-repeat":"repeat","background-position":"center center","background-size":"auto","background-attachment":"scroll","background-type":"","background-media":"","overlay-type":"","overlay-color":"","overlay-opacity":"","overlay-gradient":""},"mobile":{"background-color":"var(--ast-global-color-5)","background-image":"","background-repeat":"repeat","background-position":"center center","background-size":"auto","background-attachment":"scroll","background-type":"","background-media":"","overlay-type":"","overlay-color":"","overlay-opacity":"","overlay-gradient":""}},"footnotes":""},"categories":[9],"tags":[],"class_list":["post-6060","post","type-post","status-publish","format-standard","hentry","category-5e-6e"],"post_mailing_queue_ids":[],"_links":{"self":[{"href":"https:\/\/agora.xtec.cat\/escolaboragran\/wp-json\/wp\/v2\/posts\/6060","targetHints":{"allow":["GET"]}}],"collection":[{"href":"https:\/\/agora.xtec.cat\/escolaboragran\/wp-json\/wp\/v2\/posts"}],"about":[{"href":"https:\/\/agora.xtec.cat\/escolaboragran\/wp-json\/wp\/v2\/types\/post"}],"author":[{"embeddable":true,"href":"https:\/\/agora.xtec.cat\/escolaboragran\/wp-json\/wp\/v2\/users\/4"}],"replies":[{"embeddable":true,"href":"https:\/\/agora.xtec.cat\/escolaboragran\/wp-json\/wp\/v2\/comments?post=6060"}],"version-history":[{"count":3,"href":"https:\/\/agora.xtec.cat\/escolaboragran\/wp-json\/wp\/v2\/posts\/6060\/revisions"}],"predecessor-version":[{"id":6066,"href":"https:\/\/agora.xtec.cat\/escolaboragran\/wp-json\/wp\/v2\/posts\/6060\/revisions\/6066"}],"wp:attachment":[{"href":"https:\/\/agora.xtec.cat\/escolaboragran\/wp-json\/wp\/v2\/media?parent=6060"}],"wp:term":[{"taxonomy":"category","embeddable":true,"href":"https:\/\/agora.xtec.cat\/escolaboragran\/wp-json\/wp\/v2\/categories?post=6060"},{"taxonomy":"post_tag","embeddable":true,"href":"https:\/\/agora.xtec.cat\/escolaboragran\/wp-json\/wp\/v2\/tags?post=6060"}],"curies":[{"name":"wp","href":"https:\/\/api.w.org\/{rel}","templated":true}]}}