{"id":5950,"date":"2023-04-10T12:13:47","date_gmt":"2023-04-10T10:13:47","guid":{"rendered":"https:\/\/agora.xtec.cat\/escolaboragran\/?p=5950"},"modified":"2023-04-10T12:15:22","modified_gmt":"2023-04-10T10:15:22","slug":"tallers-4t-i-cs","status":"publish","type":"post","link":"https:\/\/agora.xtec.cat\/escolaboragran\/setmanaartistica2023\/tallers-4t-i-cs\/","title":{"rendered":"Tallers 4t i CS"},"content":{"rendered":"<p style=\"text-align: justify;\">L\u2019alumnat de 4t i cicle superior hem treballat en diversos tallers:<br \/>\nDina Goldstein: fot\u00f2grafa que crea quadres amb un llenguatge visual matisat que situa all\u00f2 quotidi\u00e0 en entorns inusuals.<br \/>\nDolors Puigdemont: Artista i mestra que per problemes d&#8217;asma, va decidir treballar amb altres materials com la malla met\u00e0l\u2022lica galvanitzada, fent cossos geom\u00e8trics que roden i reflecteixen la seva ombra.<br \/>\nSalvador Dal\u00ed: A partir de l&#8217;obra &#8220;Figura a la finestra&#8221;, presentem una de les obres de l&#8217;autor abans d&#8217;entrar en la seva etapa surrealista.<br \/>\nHeather Hansen: artista visual, dissenyadora i ballarina que utilitza el moviment de la dansa com a creaci\u00f3 d\u2019art amb teles de grans dimensions.<br \/>\nTamb\u00e9 hem decorat diversos espais de l\u2019escola: els porxos de les aules, l\u2019atrium, les rajoles dels lavabos i la tanca de l\u2019escola amb peces de ganxet amb l\u2019ajuda d\u2019\u00e0vies de Seriny\u00e0 i pintant grafitis amb en Toni Corp\u00e0s. Ho hem arrodonit amb un taller de fotografia amb en Toni Vargas i fent murals ef\u00edmers dins figures geom\u00e8triques a la pista del pati de dalt.<\/p>\n<p><a href=\"https:\/\/photos.google.com\/share\/AF1QipM4AcaiDWwwi5WeOtfT6CDEXjzvYWXUNOgp1XUhGL4MP7FFIOMbE7Tg3nyKTh3FLQ\/photo\/AF1QipNjZwp1O8f28t_pY_waEXruJy5Wsa-RdZ2vzq5F?key=YmYyN01tUkNuNGZKWUhwVTJIT25mdlh1Q0dob213\" target=\"_blank\" rel=\"noopener\"><img decoding=\"async\" class=\"aligncenter\" style=\"max-width: 300px; max-height: 300px;\" src=\"https:\/\/lh3.googleusercontent.com\/pw\/AMWts8A_vL_bxSLg-Jmr_1C26avYhoU3LuaumRjV4Abn1w-Gvf4ng570LTNZIxLmR4OAZTJjZZJQqry94mViBnyFYFwU67pLeaIaFMIro-qfIZjDhs_76njAosur7UKrhCEjF84iRZgbdRJwWABrmWuwr1dkUg=w800-h600-no--s-no?authuser=0\" \/><\/a><\/p>\n","protected":false},"excerpt":{"rendered":"<p>L\u2019alumnat de 4t i cicle superior hem treballat en diversos tallers: Dina Goldstein: fot\u00f2grafa que crea quadres amb un llenguatge visual matisat que situa all\u00f2 quotidi\u00e0 en entorns inusuals. Dolors Puigdemont: Artista i mestra que per problemes d&#8217;asma, va decidir treballar amb altres materials com la malla met\u00e0l\u2022lica galvanitzada, fent cossos geom\u00e8trics que roden i [&hellip;]<\/p>\n","protected":false},"author":4,"featured_media":0,"comment_status":"closed","ping_status":"closed","sticky":false,"template":"","format":"standard","meta":{"_bbp_topic_count":0,"_bbp_reply_count":0,"_bbp_total_topic_count":0,"_bbp_total_reply_count":0,"_bbp_voice_count":0,"_bbp_anonymous_reply_count":0,"_bbp_topic_count_hidden":0,"_bbp_reply_count_hidden":0,"_bbp_forum_subforum_count":0,"site-sidebar-layout":"default","site-content-layout":"","ast-site-content-layout":"","site-content-style":"default","site-sidebar-style":"default","ast-global-header-display":"","ast-banner-title-visibility":"","ast-main-header-display":"","ast-hfb-above-header-display":"","ast-hfb-below-header-display":"","ast-hfb-mobile-header-display":"","site-post-title":"","ast-breadcrumbs-content":"","ast-featured-img":"","footer-sml-layout":"","theme-transparent-header-meta":"","adv-header-id-meta":"","stick-header-meta":"","header-above-stick-meta":"","header-main-stick-meta":"","header-below-stick-meta":"","astra-migrate-meta-layouts":"default","ast-page-background-enabled":"default","ast-page-background-meta":{"desktop":{"background-color":"var(--ast-global-color-4)","background-image":"","background-repeat":"repeat","background-position":"center center","background-size":"auto","background-attachment":"scroll","background-type":"","background-media":"","overlay-type":"","overlay-color":"","overlay-opacity":"","overlay-gradient":""},"tablet":{"background-color":"","background-image":"","background-repeat":"repeat","background-position":"center center","background-size":"auto","background-attachment":"scroll","background-type":"","background-media":"","overlay-type":"","overlay-color":"","overlay-opacity":"","overlay-gradient":""},"mobile":{"background-color":"","background-image":"","background-repeat":"repeat","background-position":"center center","background-size":"auto","background-attachment":"scroll","background-type":"","background-media":"","overlay-type":"","overlay-color":"","overlay-opacity":"","overlay-gradient":""}},"ast-content-background-meta":{"desktop":{"background-color":"var(--ast-global-color-5)","background-image":"","background-repeat":"repeat","background-position":"center center","background-size":"auto","background-attachment":"scroll","background-type":"","background-media":"","overlay-type":"","overlay-color":"","overlay-opacity":"","overlay-gradient":""},"tablet":{"background-color":"var(--ast-global-color-5)","background-image":"","background-repeat":"repeat","background-position":"center center","background-size":"auto","background-attachment":"scroll","background-type":"","background-media":"","overlay-type":"","overlay-color":"","overlay-opacity":"","overlay-gradient":""},"mobile":{"background-color":"var(--ast-global-color-5)","background-image":"","background-repeat":"repeat","background-position":"center center","background-size":"auto","background-attachment":"scroll","background-type":"","background-media":"","overlay-type":"","overlay-color":"","overlay-opacity":"","overlay-gradient":""}},"footnotes":""},"categories":[93],"tags":[],"class_list":["post-5950","post","type-post","status-publish","format-standard","hentry","category-setmanaartistica2023"],"post_mailing_queue_ids":[],"_links":{"self":[{"href":"https:\/\/agora.xtec.cat\/escolaboragran\/wp-json\/wp\/v2\/posts\/5950","targetHints":{"allow":["GET"]}}],"collection":[{"href":"https:\/\/agora.xtec.cat\/escolaboragran\/wp-json\/wp\/v2\/posts"}],"about":[{"href":"https:\/\/agora.xtec.cat\/escolaboragran\/wp-json\/wp\/v2\/types\/post"}],"author":[{"embeddable":true,"href":"https:\/\/agora.xtec.cat\/escolaboragran\/wp-json\/wp\/v2\/users\/4"}],"replies":[{"embeddable":true,"href":"https:\/\/agora.xtec.cat\/escolaboragran\/wp-json\/wp\/v2\/comments?post=5950"}],"version-history":[{"count":3,"href":"https:\/\/agora.xtec.cat\/escolaboragran\/wp-json\/wp\/v2\/posts\/5950\/revisions"}],"predecessor-version":[{"id":5953,"href":"https:\/\/agora.xtec.cat\/escolaboragran\/wp-json\/wp\/v2\/posts\/5950\/revisions\/5953"}],"wp:attachment":[{"href":"https:\/\/agora.xtec.cat\/escolaboragran\/wp-json\/wp\/v2\/media?parent=5950"}],"wp:term":[{"taxonomy":"category","embeddable":true,"href":"https:\/\/agora.xtec.cat\/escolaboragran\/wp-json\/wp\/v2\/categories?post=5950"},{"taxonomy":"post_tag","embeddable":true,"href":"https:\/\/agora.xtec.cat\/escolaboragran\/wp-json\/wp\/v2\/tags?post=5950"}],"curies":[{"name":"wp","href":"https:\/\/api.w.org\/{rel}","templated":true}]}}