{"id":5347,"date":"2022-04-13T16:48:04","date_gmt":"2022-04-13T14:48:04","guid":{"rendered":"https:\/\/agora.xtec.cat\/escolaboragran\/?p=5347"},"modified":"2022-05-03T21:11:15","modified_gmt":"2022-05-03T19:11:15","slug":"danses-del-mon","status":"publish","type":"post","link":"https:\/\/agora.xtec.cat\/escolaboragran\/lavoltaalmon2022\/danses-del-mon\/","title":{"rendered":"Danses del m\u00f3n"},"content":{"rendered":"<p style=\"text-align: justify;\">Durant la setmana fant\u00e0stica vam fer un taller de danses del m\u00f3n. Vam aprendre a ballar &#8220;la raspa&#8221;, una dansa tradicional de M\u00e9xic amb el t\u00edpic barret mexic\u00e0. Despr\u00e9s vam aprendre el &#8220;funga alafia&#8221; una dansa africana de benvinguda que tamb\u00e9 es pot cantar; i vam acabar el taller amb un &#8220;sirtaki&#8221; una de les danses m\u00e9s tradicionals de Gr\u00e8cia. Podeu clicar a la imatge i veure el v\u00eddeo.<\/p>\n<table style=\"width: 100%; border-collapse: collapse; border-color: #000000; background-color: transparent;\">\n<tbody>\n<tr>\n<td style=\"width: 33.3333%; border-color: transparent; background-color: transparent; text-align: justify;\"><a href=\"https:\/\/youtu.be\/0vlk4VWIKrw\" target=\"_blank\" rel=\"noopener\"><br \/>\n<img loading=\"lazy\" decoding=\"async\" class=\"wp-image-5352 aligncenter\" src=\"https:\/\/agora.xtec.cat\/escolaboragran\/wp-content\/uploads\/usu747\/2022\/04\/funga.png\" alt=\"\" width=\"366\" height=\"206\" srcset=\"https:\/\/agora.xtec.cat\/escolaboragran\/wp-content\/uploads\/usu747\/2022\/04\/funga.png 854w, https:\/\/agora.xtec.cat\/escolaboragran\/wp-content\/uploads\/usu747\/2022\/04\/funga-300x169.png 300w, https:\/\/agora.xtec.cat\/escolaboragran\/wp-content\/uploads\/usu747\/2022\/04\/funga-768x432.png 768w\" sizes=\"auto, (max-width: 366px) 100vw, 366px\" \/><\/a><\/td>\n<td style=\"width: 33.3333%; border-color: transparent; background-color: transparent; text-align: justify;\"><a href=\"https:\/\/youtu.be\/1X0FMieGPRw\" target=\"_blank\" rel=\"noopener\"><img loading=\"lazy\" decoding=\"async\" class=\"wp-image-5350 aligncenter\" src=\"https:\/\/agora.xtec.cat\/escolaboragran\/wp-content\/uploads\/usu747\/2022\/04\/sirtaki-1024x576.jpg\" alt=\"\" width=\"354\" height=\"199\" srcset=\"https:\/\/agora.xtec.cat\/escolaboragran\/wp-content\/uploads\/usu747\/2022\/04\/sirtaki-1024x576.jpg 1024w, https:\/\/agora.xtec.cat\/escolaboragran\/wp-content\/uploads\/usu747\/2022\/04\/sirtaki-300x169.jpg 300w, https:\/\/agora.xtec.cat\/escolaboragran\/wp-content\/uploads\/usu747\/2022\/04\/sirtaki-768x432.jpg 768w, https:\/\/agora.xtec.cat\/escolaboragran\/wp-content\/uploads\/usu747\/2022\/04\/sirtaki-1536x864.jpg 1536w, https:\/\/agora.xtec.cat\/escolaboragran\/wp-content\/uploads\/usu747\/2022\/04\/sirtaki.jpg 2048w\" sizes=\"auto, (max-width: 354px) 100vw, 354px\" \/><\/a><\/td>\n<td style=\"width: 33.3333%; border-color: transparent; background-color: transparent; text-align: justify;\"><a href=\"https:\/\/youtu.be\/M_xFlE4oaJM\" target=\"_blank\" rel=\"noopener\"><img loading=\"lazy\" decoding=\"async\" class=\"wp-image-5349 aligncenter\" src=\"https:\/\/agora.xtec.cat\/escolaboragran\/wp-content\/uploads\/usu747\/2022\/04\/raspa-768x1024.jpg\" alt=\"\" width=\"250\" height=\"334\" srcset=\"https:\/\/agora.xtec.cat\/escolaboragran\/wp-content\/uploads\/usu747\/2022\/04\/raspa-768x1024.jpg 768w, https:\/\/agora.xtec.cat\/escolaboragran\/wp-content\/uploads\/usu747\/2022\/04\/raspa-225x300.jpg 225w, https:\/\/agora.xtec.cat\/escolaboragran\/wp-content\/uploads\/usu747\/2022\/04\/raspa-1152x1536.jpg 1152w, https:\/\/agora.xtec.cat\/escolaboragran\/wp-content\/uploads\/usu747\/2022\/04\/raspa.jpg 1536w\" sizes=\"auto, (max-width: 250px) 100vw, 250px\" \/><\/a><\/td>\n<\/tr>\n<\/tbody>\n<\/table>\n<p>&nbsp;<\/p>\n","protected":false},"excerpt":{"rendered":"<p>Durant la setmana fant\u00e0stica vam fer un taller de danses del m\u00f3n. Vam aprendre a ballar &#8220;la raspa&#8221;, una dansa tradicional de M\u00e9xic amb el t\u00edpic barret mexic\u00e0. Despr\u00e9s vam aprendre el &#8220;funga alafia&#8221; una dansa africana de benvinguda que tamb\u00e9 es pot cantar; i vam acabar el taller amb un &#8220;sirtaki&#8221; una de les [&hellip;]<\/p>\n","protected":false},"author":15,"featured_media":5357,"comment_status":"closed","ping_status":"closed","sticky":false,"template":"","format":"standard","meta":{"_bbp_topic_count":0,"_bbp_reply_count":0,"_bbp_total_topic_count":0,"_bbp_total_reply_count":0,"_bbp_voice_count":0,"_bbp_anonymous_reply_count":0,"_bbp_topic_count_hidden":0,"_bbp_reply_count_hidden":0,"_bbp_forum_subforum_count":0,"site-sidebar-layout":"default","site-content-layout":"","ast-site-content-layout":"","site-content-style":"default","site-sidebar-style":"default","ast-global-header-display":"","ast-banner-title-visibility":"","ast-main-header-display":"","ast-hfb-above-header-display":"","ast-hfb-below-header-display":"","ast-hfb-mobile-header-display":"","site-post-title":"","ast-breadcrumbs-content":"","ast-featured-img":"","footer-sml-layout":"","theme-transparent-header-meta":"","adv-header-id-meta":"","stick-header-meta":"","header-above-stick-meta":"","header-main-stick-meta":"","header-below-stick-meta":"","astra-migrate-meta-layouts":"default","ast-page-background-enabled":"default","ast-page-background-meta":{"desktop":{"background-color":"var(--ast-global-color-4)","background-image":"","background-repeat":"repeat","background-position":"center center","background-size":"auto","background-attachment":"scroll","background-type":"","background-media":"","overlay-type":"","overlay-color":"","overlay-opacity":"","overlay-gradient":""},"tablet":{"background-color":"","background-image":"","background-repeat":"repeat","background-position":"center center","background-size":"auto","background-attachment":"scroll","background-type":"","background-media":"","overlay-type":"","overlay-color":"","overlay-opacity":"","overlay-gradient":""},"mobile":{"background-color":"","background-image":"","background-repeat":"repeat","background-position":"center center","background-size":"auto","background-attachment":"scroll","background-type":"","background-media":"","overlay-type":"","overlay-color":"","overlay-opacity":"","overlay-gradient":""}},"ast-content-background-meta":{"desktop":{"background-color":"var(--ast-global-color-5)","background-image":"","background-repeat":"repeat","background-position":"center center","background-size":"auto","background-attachment":"scroll","background-type":"","background-media":"","overlay-type":"","overlay-color":"","overlay-opacity":"","overlay-gradient":""},"tablet":{"background-color":"var(--ast-global-color-5)","background-image":"","background-repeat":"repeat","background-position":"center center","background-size":"auto","background-attachment":"scroll","background-type":"","background-media":"","overlay-type":"","overlay-color":"","overlay-opacity":"","overlay-gradient":""},"mobile":{"background-color":"var(--ast-global-color-5)","background-image":"","background-repeat":"repeat","background-position":"center center","background-size":"auto","background-attachment":"scroll","background-type":"","background-media":"","overlay-type":"","overlay-color":"","overlay-opacity":"","overlay-gradient":""}},"footnotes":""},"categories":[92],"tags":[],"class_list":["post-5347","post","type-post","status-publish","format-standard","has-post-thumbnail","hentry","category-lavoltaalmon2022"],"post_mailing_queue_ids":[],"_links":{"self":[{"href":"https:\/\/agora.xtec.cat\/escolaboragran\/wp-json\/wp\/v2\/posts\/5347","targetHints":{"allow":["GET"]}}],"collection":[{"href":"https:\/\/agora.xtec.cat\/escolaboragran\/wp-json\/wp\/v2\/posts"}],"about":[{"href":"https:\/\/agora.xtec.cat\/escolaboragran\/wp-json\/wp\/v2\/types\/post"}],"author":[{"embeddable":true,"href":"https:\/\/agora.xtec.cat\/escolaboragran\/wp-json\/wp\/v2\/users\/15"}],"replies":[{"embeddable":true,"href":"https:\/\/agora.xtec.cat\/escolaboragran\/wp-json\/wp\/v2\/comments?post=5347"}],"version-history":[{"count":3,"href":"https:\/\/agora.xtec.cat\/escolaboragran\/wp-json\/wp\/v2\/posts\/5347\/revisions"}],"predecessor-version":[{"id":5370,"href":"https:\/\/agora.xtec.cat\/escolaboragran\/wp-json\/wp\/v2\/posts\/5347\/revisions\/5370"}],"wp:featuredmedia":[{"embeddable":true,"href":"https:\/\/agora.xtec.cat\/escolaboragran\/wp-json\/wp\/v2\/media\/5357"}],"wp:attachment":[{"href":"https:\/\/agora.xtec.cat\/escolaboragran\/wp-json\/wp\/v2\/media?parent=5347"}],"wp:term":[{"taxonomy":"category","embeddable":true,"href":"https:\/\/agora.xtec.cat\/escolaboragran\/wp-json\/wp\/v2\/categories?post=5347"},{"taxonomy":"post_tag","embeddable":true,"href":"https:\/\/agora.xtec.cat\/escolaboragran\/wp-json\/wp\/v2\/tags?post=5347"}],"curies":[{"name":"wp","href":"https:\/\/api.w.org\/{rel}","templated":true}]}}