{"id":5267,"date":"2022-03-20T20:16:41","date_gmt":"2022-03-20T19:16:41","guid":{"rendered":"https:\/\/agora.xtec.cat\/escolaboragran\/?p=5267"},"modified":"2022-04-24T20:26:18","modified_gmt":"2022-04-24T18:26:18","slug":"exploracions-al-lab","status":"publish","type":"post","link":"https:\/\/agora.xtec.cat\/escolaboragran\/i3-i4-i5\/exploracions-al-lab\/","title":{"rendered":"Exploracions al LAB"},"content":{"rendered":"<p style=\"text-align: justify;\">L\u2019alumnat d\u2019Educaci\u00f3 infantil vam visitar el LAB 0_6 que, per uns dies, s\u2019ha instal\u00b7lat al Parc Tecnol\u00f2gic de la Universitat de Girona. El LAB \u00c9s un espai de ci\u00e8ncia en lliure elecci\u00f3, en el qual totes les propostes afavoreixen la mobilitzaci\u00f3 d\u2019idees cient\u00edfiques en els infants.<br \/>\nLes nenes i els nens van gaudir molt de l\u2019experi\u00e8ncia! Van poder explorar amb els diversos materials, fer-se preguntes, provar i contrastar&#8230; en un ambient confortable i ben organitzat.<br \/>\nA les fotos podreu veure algunes de les propostes.<\/p>\n<p style=\"text-align: justify;\"><a href=\"https:\/\/photos.google.com\/share\/AF1QipOrFPopF7v_1sl-pzrkJLTJqEBiGlxTKUg4AbPTkuFsDdf8i0U-30YVQFi2-e8LXg\/photo\/AF1QipPm_9hXkJtSrkiy-JA8gj5CNQ19kb6FC9apJgTo?key=YmxmQ0pMTzJEU19RZDZEZjR5THhZbGhRbnV4bDd3\" target=\"_blank\" rel=\"noopener\"><img decoding=\"async\" class=\"aligncenter\" style=\"max-width: 300px; max-height: 300px;\" src=\"https:\/\/lh3.googleusercontent.com\/kgvp065MS4oNg0Azaieha6IebU5nRUnIFzHsSpE38Tk78tTdmcgPU-5eK3kfK8VgEgSONPtNdqmSnGlINbKHkgd17IXC1MVEIhjwpLZ96vJe9pIREclT_D5w4ioIrYThbpMkSFrm1-i16tF2y8_dBw-y3VYGgTZ7NnXtSyXzwJOrgO_Gen_SuylKsRKnK9LlyZrXc5Xb6y0ZMj-Ywqlrf0sIqoKtDzsye-1vZlFD8kvXuUHlPo54ZYij3YffpfxJ5gOuD7vmyVyGSPLJGzHn2LQQQislG_SSzixTjT2y5jdHkr1XP0oJYa2RbNcBwafnYb_96fdjT8kHNPFsvFa7W9WCchrxxfSIf4X6b5NluhbSnlk4uHDHLUj6wDr0_folNfT_djeBuPf3uoGMzVZ8WjWVAHSN2vCTo6e-aVwEzH7rWV01ntpunL8k4p3W-XSNoOv5lzNLxam3j1GuVaMuIyPbCUzPcK6CokI44SqM4JMYEQX9HYDkxHIYmqUfPkPLPhGWISCZKy4Cx7M_nKrgk_delPTsMawmgE1LSDUjOnSKaFtUO0-SqBEY0--OqxqRaJhQDvdo6p7fnrhY2ZH_wd6jLATrMEdUqjaQAseK0dTh9qw5bDD6O8dsycSga2SjccyNzwNLDXRIsjqkLdfbrekzahvQYV9W0saH8OQdgxhPIClQvikjT7kQe5hd5-U8gfssPGAtmHZV0pNVuIgvwC-LM0xZWbuyhKKrqFZ1y9nk4TLyQHyQB9Gq9C_mVNg=w639-h458-no?authuser=0\" \/><\/a><\/p>\n","protected":false},"excerpt":{"rendered":"<p>L\u2019alumnat d\u2019Educaci\u00f3 infantil vam visitar el LAB 0_6 que, per uns dies, s\u2019ha instal\u00b7lat al Parc Tecnol\u00f2gic de la Universitat de Girona. El LAB \u00c9s un espai de ci\u00e8ncia en lliure elecci\u00f3, en el qual totes les propostes afavoreixen la mobilitzaci\u00f3 d\u2019idees cient\u00edfiques en els infants. Les nenes i els nens van gaudir molt de [&hellip;]<\/p>\n","protected":false},"author":4,"featured_media":0,"comment_status":"closed","ping_status":"closed","sticky":false,"template":"","format":"standard","meta":{"_bbp_topic_count":0,"_bbp_reply_count":0,"_bbp_total_topic_count":0,"_bbp_total_reply_count":0,"_bbp_voice_count":0,"_bbp_anonymous_reply_count":0,"_bbp_topic_count_hidden":0,"_bbp_reply_count_hidden":0,"_bbp_forum_subforum_count":0,"site-sidebar-layout":"default","site-content-layout":"","ast-site-content-layout":"","site-content-style":"default","site-sidebar-style":"default","ast-global-header-display":"","ast-banner-title-visibility":"","ast-main-header-display":"","ast-hfb-above-header-display":"","ast-hfb-below-header-display":"","ast-hfb-mobile-header-display":"","site-post-title":"","ast-breadcrumbs-content":"","ast-featured-img":"","footer-sml-layout":"","theme-transparent-header-meta":"","adv-header-id-meta":"","stick-header-meta":"","header-above-stick-meta":"","header-main-stick-meta":"","header-below-stick-meta":"","astra-migrate-meta-layouts":"default","ast-page-background-enabled":"default","ast-page-background-meta":{"desktop":{"background-color":"var(--ast-global-color-4)","background-image":"","background-repeat":"repeat","background-position":"center center","background-size":"auto","background-attachment":"scroll","background-type":"","background-media":"","overlay-type":"","overlay-color":"","overlay-opacity":"","overlay-gradient":""},"tablet":{"background-color":"","background-image":"","background-repeat":"repeat","background-position":"center center","background-size":"auto","background-attachment":"scroll","background-type":"","background-media":"","overlay-type":"","overlay-color":"","overlay-opacity":"","overlay-gradient":""},"mobile":{"background-color":"","background-image":"","background-repeat":"repeat","background-position":"center center","background-size":"auto","background-attachment":"scroll","background-type":"","background-media":"","overlay-type":"","overlay-color":"","overlay-opacity":"","overlay-gradient":""}},"ast-content-background-meta":{"desktop":{"background-color":"var(--ast-global-color-5)","background-image":"","background-repeat":"repeat","background-position":"center center","background-size":"auto","background-attachment":"scroll","background-type":"","background-media":"","overlay-type":"","overlay-color":"","overlay-opacity":"","overlay-gradient":""},"tablet":{"background-color":"var(--ast-global-color-5)","background-image":"","background-repeat":"repeat","background-position":"center center","background-size":"auto","background-attachment":"scroll","background-type":"","background-media":"","overlay-type":"","overlay-color":"","overlay-opacity":"","overlay-gradient":""},"mobile":{"background-color":"var(--ast-global-color-5)","background-image":"","background-repeat":"repeat","background-position":"center center","background-size":"auto","background-attachment":"scroll","background-type":"","background-media":"","overlay-type":"","overlay-color":"","overlay-opacity":"","overlay-gradient":""}},"footnotes":""},"categories":[2],"tags":[],"class_list":["post-5267","post","type-post","status-publish","format-standard","hentry","category-i3-i4-i5"],"post_mailing_queue_ids":[],"_links":{"self":[{"href":"https:\/\/agora.xtec.cat\/escolaboragran\/wp-json\/wp\/v2\/posts\/5267","targetHints":{"allow":["GET"]}}],"collection":[{"href":"https:\/\/agora.xtec.cat\/escolaboragran\/wp-json\/wp\/v2\/posts"}],"about":[{"href":"https:\/\/agora.xtec.cat\/escolaboragran\/wp-json\/wp\/v2\/types\/post"}],"author":[{"embeddable":true,"href":"https:\/\/agora.xtec.cat\/escolaboragran\/wp-json\/wp\/v2\/users\/4"}],"replies":[{"embeddable":true,"href":"https:\/\/agora.xtec.cat\/escolaboragran\/wp-json\/wp\/v2\/comments?post=5267"}],"version-history":[{"count":3,"href":"https:\/\/agora.xtec.cat\/escolaboragran\/wp-json\/wp\/v2\/posts\/5267\/revisions"}],"predecessor-version":[{"id":5281,"href":"https:\/\/agora.xtec.cat\/escolaboragran\/wp-json\/wp\/v2\/posts\/5267\/revisions\/5281"}],"wp:attachment":[{"href":"https:\/\/agora.xtec.cat\/escolaboragran\/wp-json\/wp\/v2\/media?parent=5267"}],"wp:term":[{"taxonomy":"category","embeddable":true,"href":"https:\/\/agora.xtec.cat\/escolaboragran\/wp-json\/wp\/v2\/categories?post=5267"},{"taxonomy":"post_tag","embeddable":true,"href":"https:\/\/agora.xtec.cat\/escolaboragran\/wp-json\/wp\/v2\/tags?post=5267"}],"curies":[{"name":"wp","href":"https:\/\/api.w.org\/{rel}","templated":true}]}}