{"id":5148,"date":"2022-01-23T19:10:31","date_gmt":"2022-01-23T18:10:31","guid":{"rendered":"https:\/\/agora.xtec.cat\/escolaboragran\/?p=5148"},"modified":"2023-05-16T17:09:17","modified_gmt":"2023-05-16T15:09:17","slug":"els-noms-dels-nostres-espais","status":"publish","type":"post","link":"https:\/\/agora.xtec.cat\/escolaboragran\/coneixemserinya\/els-noms-dels-nostres-espais\/","title":{"rendered":"Els noms dels nostres espais"},"content":{"rendered":"<p style=\"text-align: justify;\">Seguint amb el projecte Coneixem Seriny\u00e0, vol\u00edem crear un ambient acollidor que recoll\u00eds els noms dels diferents espais de l\u2019escola, que s\u00f3n noms d\u2019espais i llocs del poble, Seriny\u00e0.<br \/>\nVam decidir fer l\u2019enc\u00e0rrec a l\u2019alumnat de 4t, que va acceptar la proposta amb ganes, i vam demanar la col\u00b7laboraci\u00f3 a l\u2019Albert Mademont, que ens va ser de gran ajuda. L\u2019Albert ens va guiar, ajudar i ensenyar t\u00e8cniques d\u2019scrapbook. Han estat unes sessions molt enriquidores per a tots i totes.<br \/>\nAprofitem per donar les gr\u00e0cies a l\u2019Albert per la seva col\u00b7laboraci\u00f3 i predisposici\u00f3.<br \/>\nAqu\u00ed podreu veure el resultat. Han quedat molt bonics!<\/p>\n<p><a href=\"https:\/\/photos.google.com\/share\/AF1QipPTMxkLHPimD7-eQPALYrj0E9rwHfUxp0qLZtnnJONoNmglMbulVRQEknCWWZfFqg\/photo\/AF1QipPfcNs3WWyzH02WffYCyymYSJedm89w02-A_xJK?key=SVFCa3lSSXRnLXd0VmVCSUREMWpFeFJBY3hTczRR\" target=\"_blank\" rel=\"noopener\"><img decoding=\"async\" class=\"aligncenter\" style=\"max-width: 300px; max-height: 300px;\" src=\"https:\/\/lh3.googleusercontent.com\/pw\/AJFCJaUPhtFdhimGiF_3ghbjf37Y-iygKTbWAs1QFKayVOJkb8mRZSSi7fgLJCt-H3cLSx3mEOtjfVePj7L2e-0lX28PxL0aF_WeSAmcX5wzx_1lsoLt6NOAg_ZRLzkZugwYA8TemzzG2K_kIwtFBpkrEZ6dMw=w800-h600-no--s-no?authuser=0\" \/><\/a><\/p>\n","protected":false},"excerpt":{"rendered":"<p>Seguint amb el projecte Coneixem Seriny\u00e0, vol\u00edem crear un ambient acollidor que recoll\u00eds els noms dels diferents espais de l\u2019escola, que s\u00f3n noms d\u2019espais i llocs del poble, Seriny\u00e0. Vam decidir fer l\u2019enc\u00e0rrec a l\u2019alumnat de 4t, que va acceptar la proposta amb ganes, i vam demanar la col\u00b7laboraci\u00f3 a l\u2019Albert Mademont, que ens va [&hellip;]<\/p>\n","protected":false},"author":4,"featured_media":0,"comment_status":"closed","ping_status":"closed","sticky":false,"template":"","format":"standard","meta":{"_bbp_topic_count":0,"_bbp_reply_count":0,"_bbp_total_topic_count":0,"_bbp_total_reply_count":0,"_bbp_voice_count":0,"_bbp_anonymous_reply_count":0,"_bbp_topic_count_hidden":0,"_bbp_reply_count_hidden":0,"_bbp_forum_subforum_count":0,"site-sidebar-layout":"default","site-content-layout":"","ast-site-content-layout":"","site-content-style":"default","site-sidebar-style":"default","ast-global-header-display":"","ast-banner-title-visibility":"","ast-main-header-display":"","ast-hfb-above-header-display":"","ast-hfb-below-header-display":"","ast-hfb-mobile-header-display":"","site-post-title":"","ast-breadcrumbs-content":"","ast-featured-img":"","footer-sml-layout":"","theme-transparent-header-meta":"","adv-header-id-meta":"","stick-header-meta":"","header-above-stick-meta":"","header-main-stick-meta":"","header-below-stick-meta":"","astra-migrate-meta-layouts":"default","ast-page-background-enabled":"default","ast-page-background-meta":{"desktop":{"background-color":"var(--ast-global-color-4)","background-image":"","background-repeat":"repeat","background-position":"center center","background-size":"auto","background-attachment":"scroll","background-type":"","background-media":"","overlay-type":"","overlay-color":"","overlay-opacity":"","overlay-gradient":""},"tablet":{"background-color":"","background-image":"","background-repeat":"repeat","background-position":"center center","background-size":"auto","background-attachment":"scroll","background-type":"","background-media":"","overlay-type":"","overlay-color":"","overlay-opacity":"","overlay-gradient":""},"mobile":{"background-color":"","background-image":"","background-repeat":"repeat","background-position":"center center","background-size":"auto","background-attachment":"scroll","background-type":"","background-media":"","overlay-type":"","overlay-color":"","overlay-opacity":"","overlay-gradient":""}},"ast-content-background-meta":{"desktop":{"background-color":"var(--ast-global-color-5)","background-image":"","background-repeat":"repeat","background-position":"center center","background-size":"auto","background-attachment":"scroll","background-type":"","background-media":"","overlay-type":"","overlay-color":"","overlay-opacity":"","overlay-gradient":""},"tablet":{"background-color":"var(--ast-global-color-5)","background-image":"","background-repeat":"repeat","background-position":"center center","background-size":"auto","background-attachment":"scroll","background-type":"","background-media":"","overlay-type":"","overlay-color":"","overlay-opacity":"","overlay-gradient":""},"mobile":{"background-color":"var(--ast-global-color-5)","background-image":"","background-repeat":"repeat","background-position":"center center","background-size":"auto","background-attachment":"scroll","background-type":"","background-media":"","overlay-type":"","overlay-color":"","overlay-opacity":"","overlay-gradient":""}},"footnotes":""},"categories":[60],"tags":[],"class_list":["post-5148","post","type-post","status-publish","format-standard","hentry","category-coneixemserinya"],"post_mailing_queue_ids":[],"_links":{"self":[{"href":"https:\/\/agora.xtec.cat\/escolaboragran\/wp-json\/wp\/v2\/posts\/5148","targetHints":{"allow":["GET"]}}],"collection":[{"href":"https:\/\/agora.xtec.cat\/escolaboragran\/wp-json\/wp\/v2\/posts"}],"about":[{"href":"https:\/\/agora.xtec.cat\/escolaboragran\/wp-json\/wp\/v2\/types\/post"}],"author":[{"embeddable":true,"href":"https:\/\/agora.xtec.cat\/escolaboragran\/wp-json\/wp\/v2\/users\/4"}],"replies":[{"embeddable":true,"href":"https:\/\/agora.xtec.cat\/escolaboragran\/wp-json\/wp\/v2\/comments?post=5148"}],"version-history":[{"count":3,"href":"https:\/\/agora.xtec.cat\/escolaboragran\/wp-json\/wp\/v2\/posts\/5148\/revisions"}],"predecessor-version":[{"id":6059,"href":"https:\/\/agora.xtec.cat\/escolaboragran\/wp-json\/wp\/v2\/posts\/5148\/revisions\/6059"}],"wp:attachment":[{"href":"https:\/\/agora.xtec.cat\/escolaboragran\/wp-json\/wp\/v2\/media?parent=5148"}],"wp:term":[{"taxonomy":"category","embeddable":true,"href":"https:\/\/agora.xtec.cat\/escolaboragran\/wp-json\/wp\/v2\/categories?post=5148"},{"taxonomy":"post_tag","embeddable":true,"href":"https:\/\/agora.xtec.cat\/escolaboragran\/wp-json\/wp\/v2\/tags?post=5148"}],"curies":[{"name":"wp","href":"https:\/\/api.w.org\/{rel}","templated":true}]}}