{"id":5008,"date":"2021-11-05T10:52:13","date_gmt":"2021-11-05T09:52:13","guid":{"rendered":"https:\/\/agora.xtec.cat\/escolaboragran\/?p=5008"},"modified":"2021-12-23T17:02:31","modified_gmt":"2021-12-23T16:02:31","slug":"octubre-i-tardor-activitats-de-cohesio","status":"publish","type":"post","link":"https:\/\/agora.xtec.cat\/escolaboragran\/festes-i-celebracions\/octubre-i-tardor-activitats-de-cohesio\/","title":{"rendered":"Octubre i tardor, activitats de cohesi\u00f3!"},"content":{"rendered":"<p style=\"text-align: justify;\">Mica en mica anem recuperant el format d\u2019activitats i din\u00e0miques que tant valor\u00e0vem altres cursos i que tan b\u00e9 ens anaven a tots i totes. A part que aquest curs ens \u00e9s m\u00e9s f\u00e0cil poder compartir espais, trobar-nos, aprendre o jugar plegats en el dia a dia, durant aquest mes d\u2019octubre tamb\u00e9 hem pogut anar de col\u00f2nies i celebrar la castanyada tots junts.<br \/>\nDes de fa cursos vam decidir anar de col\u00f2nies a principi de curs per enfortir les relacions i vincles dins dels grups i tamb\u00e9 amb la resta de l\u2019escola. Enguany vam anar a Mas Batllori i vam poder gaudir de dos dies fant\u00e0stics en un entorn molt agradable. Us en deixem un tastet!<br \/>\nA la castanyada, l\u2019alumnat de sis\u00e8 va estar preparant diverses activitats per a la resta d\u2019alumnat de l\u2019escola. Al llarg del dia, els infants va poder gaudir de les diferents parades i participar conjuntament en l\u2019elaboraci\u00f3 d\u2019un mural. Per clausurar la trobada, vam cantar conjuntament can\u00e7ons de tardor que s\u2019havien estat treballant a les hores de m\u00fasica amb l\u2019acompanyament de percussi\u00f3 i ukelele per part d\u2019alumnat de 4t, 5\u00e8 i 6\u00e8 i vam menjar-nos les castanyes.<\/p>\n<p><a href=\"https:\/\/photos.google.com\/share\/AF1QipOQjge816vr_J35dN4hlBN76XmJyM7Yc1w-bzIgPoIjcXme7xkeShaQuHfAxPawKQ\/photo\/AF1QipM1XZ6r73r9SyPBNUeoZvkiUw3VCM4bFWAiB4NJ?key=WTQ0QkI2MUhYODJyTEl4N1NHelJMN3VyRVVKUFdR\" target=\"_blank\" rel=\"noopener\"><img decoding=\"async\" class=\"aligncenter\" style=\"max-width: 300px; max-height: 300px;\" src=\"https:\/\/lh3.googleusercontent.com\/pw\/AM-JKLUm1g81-3afE71x0qL2TUK0P1qOwc7GkU2XKFDCWIWNGCbpEUNHrdqurQ-nK-8eiVLqBbvT9FcS-iI2imBuGRMVRZmdsaF92th4D6XdWe3PoATW23XwDzGBazswA2YUHLPtquXN5bZM5UZL5CD_aWNnGQ=w629-h511-no?authuser=0\" \/><\/a><\/p>\n","protected":false},"excerpt":{"rendered":"<p>Mica en mica anem recuperant el format d\u2019activitats i din\u00e0miques que tant valor\u00e0vem altres cursos i que tan b\u00e9 ens anaven a tots i totes. A part que aquest curs ens \u00e9s m\u00e9s f\u00e0cil poder compartir espais, trobar-nos, aprendre o jugar plegats en el dia a dia, durant aquest mes d\u2019octubre tamb\u00e9 hem pogut anar [&hellip;]<\/p>\n","protected":false},"author":4,"featured_media":0,"comment_status":"closed","ping_status":"closed","sticky":false,"template":"","format":"standard","meta":{"_bbp_topic_count":0,"_bbp_reply_count":0,"_bbp_total_topic_count":0,"_bbp_total_reply_count":0,"_bbp_voice_count":0,"_bbp_anonymous_reply_count":0,"_bbp_topic_count_hidden":0,"_bbp_reply_count_hidden":0,"_bbp_forum_subforum_count":0,"site-sidebar-layout":"default","site-content-layout":"","ast-site-content-layout":"","site-content-style":"default","site-sidebar-style":"default","ast-global-header-display":"","ast-banner-title-visibility":"","ast-main-header-display":"","ast-hfb-above-header-display":"","ast-hfb-below-header-display":"","ast-hfb-mobile-header-display":"","site-post-title":"","ast-breadcrumbs-content":"","ast-featured-img":"","footer-sml-layout":"","theme-transparent-header-meta":"","adv-header-id-meta":"","stick-header-meta":"","header-above-stick-meta":"","header-main-stick-meta":"","header-below-stick-meta":"","astra-migrate-meta-layouts":"default","ast-page-background-enabled":"default","ast-page-background-meta":{"desktop":{"background-color":"var(--ast-global-color-4)","background-image":"","background-repeat":"repeat","background-position":"center center","background-size":"auto","background-attachment":"scroll","background-type":"","background-media":"","overlay-type":"","overlay-color":"","overlay-opacity":"","overlay-gradient":""},"tablet":{"background-color":"","background-image":"","background-repeat":"repeat","background-position":"center center","background-size":"auto","background-attachment":"scroll","background-type":"","background-media":"","overlay-type":"","overlay-color":"","overlay-opacity":"","overlay-gradient":""},"mobile":{"background-color":"","background-image":"","background-repeat":"repeat","background-position":"center center","background-size":"auto","background-attachment":"scroll","background-type":"","background-media":"","overlay-type":"","overlay-color":"","overlay-opacity":"","overlay-gradient":""}},"ast-content-background-meta":{"desktop":{"background-color":"var(--ast-global-color-5)","background-image":"","background-repeat":"repeat","background-position":"center center","background-size":"auto","background-attachment":"scroll","background-type":"","background-media":"","overlay-type":"","overlay-color":"","overlay-opacity":"","overlay-gradient":""},"tablet":{"background-color":"var(--ast-global-color-5)","background-image":"","background-repeat":"repeat","background-position":"center center","background-size":"auto","background-attachment":"scroll","background-type":"","background-media":"","overlay-type":"","overlay-color":"","overlay-opacity":"","overlay-gradient":""},"mobile":{"background-color":"var(--ast-global-color-5)","background-image":"","background-repeat":"repeat","background-position":"center center","background-size":"auto","background-attachment":"scroll","background-type":"","background-media":"","overlay-type":"","overlay-color":"","overlay-opacity":"","overlay-gradient":""}},"footnotes":""},"categories":[63],"tags":[],"class_list":["post-5008","post","type-post","status-publish","format-standard","hentry","category-festes-i-celebracions"],"post_mailing_queue_ids":[],"_links":{"self":[{"href":"https:\/\/agora.xtec.cat\/escolaboragran\/wp-json\/wp\/v2\/posts\/5008","targetHints":{"allow":["GET"]}}],"collection":[{"href":"https:\/\/agora.xtec.cat\/escolaboragran\/wp-json\/wp\/v2\/posts"}],"about":[{"href":"https:\/\/agora.xtec.cat\/escolaboragran\/wp-json\/wp\/v2\/types\/post"}],"author":[{"embeddable":true,"href":"https:\/\/agora.xtec.cat\/escolaboragran\/wp-json\/wp\/v2\/users\/4"}],"replies":[{"embeddable":true,"href":"https:\/\/agora.xtec.cat\/escolaboragran\/wp-json\/wp\/v2\/comments?post=5008"}],"version-history":[{"count":3,"href":"https:\/\/agora.xtec.cat\/escolaboragran\/wp-json\/wp\/v2\/posts\/5008\/revisions"}],"predecessor-version":[{"id":5013,"href":"https:\/\/agora.xtec.cat\/escolaboragran\/wp-json\/wp\/v2\/posts\/5008\/revisions\/5013"}],"wp:attachment":[{"href":"https:\/\/agora.xtec.cat\/escolaboragran\/wp-json\/wp\/v2\/media?parent=5008"}],"wp:term":[{"taxonomy":"category","embeddable":true,"href":"https:\/\/agora.xtec.cat\/escolaboragran\/wp-json\/wp\/v2\/categories?post=5008"},{"taxonomy":"post_tag","embeddable":true,"href":"https:\/\/agora.xtec.cat\/escolaboragran\/wp-json\/wp\/v2\/tags?post=5008"}],"curies":[{"name":"wp","href":"https:\/\/api.w.org\/{rel}","templated":true}]}}