{"id":4896,"date":"2021-10-07T13:29:14","date_gmt":"2021-10-07T11:29:14","guid":{"rendered":"https:\/\/agora.xtec.cat\/escolaboragran\/?p=4896"},"modified":"2021-11-11T13:19:48","modified_gmt":"2021-11-11T12:19:48","slug":"festa-de-benvinguda","status":"publish","type":"post","link":"https:\/\/agora.xtec.cat\/escolaboragran\/festes-i-celebracions\/festa-de-benvinguda\/","title":{"rendered":"Festa de Benvinguda"},"content":{"rendered":"<p style=\"text-align: justify;\">Fa uns dies vam celebrar la Festa de Benvinguda i ens vam trobar a dalt a la pista tota l\u2019escola. Els nens i nenes de sis\u00e8 vam ser els encarregats de presentar i dinamitzar l\u2019acte, per\u00f2 abans, la Mireia va inaugurar la trobada amb unes paraules. Una idea que ens va agradar va ser que aquest curs \u201cfem de l\u2019escola un espai agradable per tots i totes les que en formem part. A vegades, no cal pensar en grans coses, sin\u00f3 en all\u00f2 del dia a dia, per exemple: Podem desendre\u00e7ar o endre\u00e7ar. Podem parlar o escoltar. Podem desmer\u00e8ixer un company\/a o podem recon\u00e8ixer-li les seves qualitats. Podem negar o recon\u00e8ixer els nostres errors. Podem ignorar un company\/a de la classe o podem esfor\u00e7ar-nos perqu\u00e8 se senti millor dins el grup\u2026\u201d.<br \/>\nDespr\u00e9s vam donar unes medalles personalitzades a l\u2019alumnat nou a l\u2019escola i als nens i nenes de P3. Tot seguit vam cantar la can\u00e7\u00f3 \u201cNo volem la Covid\u201d que ens vam inventar nosaltres mateixos inspirats en la de \u201cWe will Rock you\u201d de Queen.<br \/>\nPer acabar, vam intercanviar unes medalles que cada alumne havia estat decorant durant les setmanes pr\u00e8vies i vam repartir una petjada ben gran per a cada grup. Quan aquestes estiguin personalitzades, farem un mural a l\u2019entrada del cam\u00ed que fem tots i totes a (i amb) l\u2019escola Bora Gran.<\/p>\n<p><a href=\"https:\/\/photos.google.com\/share\/AF1QipOP-V2-GGa_k9C-4LNLyFa2vZ5L6yA09upOkRaQ9NhVfCjpbCIoopZphRvulRgLvg\/photo\/AF1QipN_A9LkrVxWU0FNYnOPvp4NBjidJg8EzN58wE1L?key=Rm94dk5HX3JpLTYtbEpJUXItRW1VTHNWZUJiRU13\" target=\"_blank\" rel=\"noopener\"><img decoding=\"async\" class=\"aligncenter\" style=\"max-width: 300px; max-height: 300px;\" src=\"https:\/\/lh3.googleusercontent.com\/pw\/AM-JKLV-W8FCMy7d0SjIystSzd4_8nBD_Iz3-XDkjnMaRUpATF6S01spqn7CIx_Hhldcd2n-q_2R0geFzN0y-q08VeGUs4ewyD5Nk07tZik8A-5I68pvKrRkCKzNUXerqKaNRU_QL_IsoOgd5G5tXxw9YxhsMQ=w616-h462-no?authuser=0\" \/><\/a><\/p>\n","protected":false},"excerpt":{"rendered":"<p>Fa uns dies vam celebrar la Festa de Benvinguda i ens vam trobar a dalt a la pista tota l\u2019escola. Els nens i nenes de sis\u00e8 vam ser els encarregats de presentar i dinamitzar l\u2019acte, per\u00f2 abans, la Mireia va inaugurar la trobada amb unes paraules. Una idea que ens va agradar va ser que [&hellip;]<\/p>\n","protected":false},"author":4,"featured_media":0,"comment_status":"closed","ping_status":"closed","sticky":false,"template":"","format":"standard","meta":{"_bbp_topic_count":0,"_bbp_reply_count":0,"_bbp_total_topic_count":0,"_bbp_total_reply_count":0,"_bbp_voice_count":0,"_bbp_anonymous_reply_count":0,"_bbp_topic_count_hidden":0,"_bbp_reply_count_hidden":0,"_bbp_forum_subforum_count":0,"site-sidebar-layout":"default","site-content-layout":"","ast-site-content-layout":"","site-content-style":"default","site-sidebar-style":"default","ast-global-header-display":"","ast-banner-title-visibility":"","ast-main-header-display":"","ast-hfb-above-header-display":"","ast-hfb-below-header-display":"","ast-hfb-mobile-header-display":"","site-post-title":"","ast-breadcrumbs-content":"","ast-featured-img":"","footer-sml-layout":"","theme-transparent-header-meta":"","adv-header-id-meta":"","stick-header-meta":"","header-above-stick-meta":"","header-main-stick-meta":"","header-below-stick-meta":"","astra-migrate-meta-layouts":"default","ast-page-background-enabled":"default","ast-page-background-meta":{"desktop":{"background-color":"var(--ast-global-color-4)","background-image":"","background-repeat":"repeat","background-position":"center center","background-size":"auto","background-attachment":"scroll","background-type":"","background-media":"","overlay-type":"","overlay-color":"","overlay-opacity":"","overlay-gradient":""},"tablet":{"background-color":"","background-image":"","background-repeat":"repeat","background-position":"center center","background-size":"auto","background-attachment":"scroll","background-type":"","background-media":"","overlay-type":"","overlay-color":"","overlay-opacity":"","overlay-gradient":""},"mobile":{"background-color":"","background-image":"","background-repeat":"repeat","background-position":"center center","background-size":"auto","background-attachment":"scroll","background-type":"","background-media":"","overlay-type":"","overlay-color":"","overlay-opacity":"","overlay-gradient":""}},"ast-content-background-meta":{"desktop":{"background-color":"var(--ast-global-color-5)","background-image":"","background-repeat":"repeat","background-position":"center center","background-size":"auto","background-attachment":"scroll","background-type":"","background-media":"","overlay-type":"","overlay-color":"","overlay-opacity":"","overlay-gradient":""},"tablet":{"background-color":"var(--ast-global-color-5)","background-image":"","background-repeat":"repeat","background-position":"center center","background-size":"auto","background-attachment":"scroll","background-type":"","background-media":"","overlay-type":"","overlay-color":"","overlay-opacity":"","overlay-gradient":""},"mobile":{"background-color":"var(--ast-global-color-5)","background-image":"","background-repeat":"repeat","background-position":"center center","background-size":"auto","background-attachment":"scroll","background-type":"","background-media":"","overlay-type":"","overlay-color":"","overlay-opacity":"","overlay-gradient":""}},"footnotes":""},"categories":[63],"tags":[],"class_list":["post-4896","post","type-post","status-publish","format-standard","hentry","category-festes-i-celebracions"],"post_mailing_queue_ids":[],"_links":{"self":[{"href":"https:\/\/agora.xtec.cat\/escolaboragran\/wp-json\/wp\/v2\/posts\/4896","targetHints":{"allow":["GET"]}}],"collection":[{"href":"https:\/\/agora.xtec.cat\/escolaboragran\/wp-json\/wp\/v2\/posts"}],"about":[{"href":"https:\/\/agora.xtec.cat\/escolaboragran\/wp-json\/wp\/v2\/types\/post"}],"author":[{"embeddable":true,"href":"https:\/\/agora.xtec.cat\/escolaboragran\/wp-json\/wp\/v2\/users\/4"}],"replies":[{"embeddable":true,"href":"https:\/\/agora.xtec.cat\/escolaboragran\/wp-json\/wp\/v2\/comments?post=4896"}],"version-history":[{"count":3,"href":"https:\/\/agora.xtec.cat\/escolaboragran\/wp-json\/wp\/v2\/posts\/4896\/revisions"}],"predecessor-version":[{"id":4904,"href":"https:\/\/agora.xtec.cat\/escolaboragran\/wp-json\/wp\/v2\/posts\/4896\/revisions\/4904"}],"wp:attachment":[{"href":"https:\/\/agora.xtec.cat\/escolaboragran\/wp-json\/wp\/v2\/media?parent=4896"}],"wp:term":[{"taxonomy":"category","embeddable":true,"href":"https:\/\/agora.xtec.cat\/escolaboragran\/wp-json\/wp\/v2\/categories?post=4896"},{"taxonomy":"post_tag","embeddable":true,"href":"https:\/\/agora.xtec.cat\/escolaboragran\/wp-json\/wp\/v2\/tags?post=4896"}],"curies":[{"name":"wp","href":"https:\/\/api.w.org\/{rel}","templated":true}]}}