{"id":4780,"date":"2021-06-15T09:38:52","date_gmt":"2021-06-15T07:38:52","guid":{"rendered":"http:\/\/agora.xtec.cat\/escolaboragran\/?p=4780"},"modified":"2021-10-04T14:16:10","modified_gmt":"2021-10-04T12:16:10","slug":"audiocontes","status":"publish","type":"post","link":"https:\/\/agora.xtec.cat\/escolaboragran\/3r-4t\/audiocontes\/","title":{"rendered":"Audiocontes"},"content":{"rendered":"<p style=\"text-align: justify;\">Durant el segon trimestre els alumnes de 4t ens vam endinsar en el m\u00f3n dels audiocontes. Despr\u00e9s de practicar la lectura en veu alta durant les tasques mensuals, ens vam veure preparats per fer un audioconte. Aqu\u00ed en teniu alguns exemples.<\/p>\n<table style=\"border-color: transparent; background-color: transparent;\">\n<tbody>\n<tr>\n<td style=\"width: 175.5px; border-color: transparent; background-color: transparent;\"><iframe loading=\"lazy\" src=\"\/\/www.youtube.com\/embed\/xQMYAz6Z_o8\" width=\"150\" height=\"84\"><\/iframe><\/td>\n<td style=\"width: 19.5px; border-color: transparent; background-color: transparent;\"><\/td>\n<td style=\"width: 175.5px; border-color: transparent; background-color: transparent;\"><iframe loading=\"lazy\" src=\"\/\/www.youtube.com\/embed\/Cz0lqlcIGzk\" width=\"150\" height=\"84\"><\/iframe><\/td>\n<td style=\"width: 19.5px; border-color: transparent; background-color: transparent;\"><\/td>\n<td style=\"width: 175.5px; border-color: transparent; background-color: transparent;\"><iframe loading=\"lazy\" src=\"\/\/www.youtube.com\/embed\/S2tP3b5G4k4\" width=\"150\" height=\"84\"><\/iframe><\/td>\n<\/tr>\n<tr>\n<td style=\"width: 175.5px; border-color: transparent; background-color: transparent; text-align: center;\"><a href=\"https:\/\/youtu.be\/xQMYAz6Z_o8\" target=\"_blank\" rel=\"noopener noreferrer\">El Sol fa tard<\/a><\/td>\n<td style=\"width: 19.5px; border-color: transparent; background-color: transparent;\"><\/td>\n<td style=\"width: 175.5px; border-color: transparent; background-color: transparent; text-align: center;\"><a href=\"https:\/\/youtu.be\/Cz0lqlcIGzk\" target=\"_blank\" rel=\"noopener noreferrer\">Un lle\u00f3 a dins<\/a><\/td>\n<td style=\"width: 19.5px; border-color: transparent; background-color: transparent;\"><\/td>\n<td style=\"width: 175.5px; border-color: transparent; background-color: transparent; text-align: center;\"><a href=\"https:\/\/youtu.be\/S2tP3b5G4k4\" target=\"_blank\" rel=\"noopener noreferrer\">L&#8217;\u00e0nec emmurriat<\/a><\/td>\n<\/tr>\n<\/tbody>\n<\/table>\n<table style=\"border-color: transparent; background-color: transparent;\">\n<tbody>\n<tr>\n<td style=\"width: 40px; border-color: transparent; background-color: transparent;\"><\/td>\n<td style=\"border-color: transparent; background-color: transparent; width: 186px;\"><iframe loading=\"lazy\" src=\"\/\/www.youtube.com\/embed\/MHiLzKp6jEA\" width=\"150\" height=\"84\"><\/iframe><\/td>\n<td style=\"width: 20px; border-color: transparent; background-color: transparent;\"><\/td>\n<td style=\"width: 216px; border-color: transparent; background-color: transparent;\"><iframe loading=\"lazy\" src=\"\/\/www.youtube.com\/embed\/bejZXhjB2Tk\" width=\"150\" height=\"84\"><\/iframe><\/td>\n<\/tr>\n<tr>\n<td style=\"width: 40px; border-color: transparent; background-color: transparent;\"><\/td>\n<td style=\"width: 176px; border-color: transparent; background-color: transparent;\"><a href=\"https:\/\/youtu.be\/MHiLzKp6jEA\" target=\"_blank\" rel=\"noopener noreferrer\">De qu\u00e8 fa gust la lluna?<\/a><\/td>\n<td style=\"width: 20px; border-color: transparent; background-color: transparent;\"><\/td>\n<td style=\"width: 206px; border-color: transparent; background-color: transparent;\"><a href=\"https:\/\/youtu.be\/bejZXhjB2Tk\" target=\"_blank\" rel=\"noopener noreferrer\">La vaca que va pondre un ou<\/a><\/td>\n<\/tr>\n<\/tbody>\n<\/table>\n","protected":false},"excerpt":{"rendered":"<p>Durant el segon trimestre els alumnes de 4t ens vam endinsar en el m\u00f3n dels audiocontes. Despr\u00e9s de practicar la lectura en veu alta durant les tasques mensuals, ens vam veure preparats per fer un audioconte. Aqu\u00ed en teniu alguns exemples. El Sol fa tard Un lle\u00f3 a dins L&#8217;\u00e0nec emmurriat De qu\u00e8 fa gust [&hellip;]<\/p>\n","protected":false},"author":4,"featured_media":4790,"comment_status":"closed","ping_status":"closed","sticky":false,"template":"","format":"standard","meta":{"_bbp_topic_count":0,"_bbp_reply_count":0,"_bbp_total_topic_count":0,"_bbp_total_reply_count":0,"_bbp_voice_count":0,"_bbp_anonymous_reply_count":0,"_bbp_topic_count_hidden":0,"_bbp_reply_count_hidden":0,"_bbp_forum_subforum_count":0,"site-sidebar-layout":"default","site-content-layout":"","ast-site-content-layout":"","site-content-style":"default","site-sidebar-style":"default","ast-global-header-display":"","ast-banner-title-visibility":"","ast-main-header-display":"","ast-hfb-above-header-display":"","ast-hfb-below-header-display":"","ast-hfb-mobile-header-display":"","site-post-title":"","ast-breadcrumbs-content":"","ast-featured-img":"","footer-sml-layout":"","theme-transparent-header-meta":"","adv-header-id-meta":"","stick-header-meta":"","header-above-stick-meta":"","header-main-stick-meta":"","header-below-stick-meta":"","astra-migrate-meta-layouts":"default","ast-page-background-enabled":"default","ast-page-background-meta":{"desktop":{"background-color":"var(--ast-global-color-4)","background-image":"","background-repeat":"repeat","background-position":"center center","background-size":"auto","background-attachment":"scroll","background-type":"","background-media":"","overlay-type":"","overlay-color":"","overlay-opacity":"","overlay-gradient":""},"tablet":{"background-color":"","background-image":"","background-repeat":"repeat","background-position":"center center","background-size":"auto","background-attachment":"scroll","background-type":"","background-media":"","overlay-type":"","overlay-color":"","overlay-opacity":"","overlay-gradient":""},"mobile":{"background-color":"","background-image":"","background-repeat":"repeat","background-position":"center center","background-size":"auto","background-attachment":"scroll","background-type":"","background-media":"","overlay-type":"","overlay-color":"","overlay-opacity":"","overlay-gradient":""}},"ast-content-background-meta":{"desktop":{"background-color":"var(--ast-global-color-5)","background-image":"","background-repeat":"repeat","background-position":"center center","background-size":"auto","background-attachment":"scroll","background-type":"","background-media":"","overlay-type":"","overlay-color":"","overlay-opacity":"","overlay-gradient":""},"tablet":{"background-color":"var(--ast-global-color-5)","background-image":"","background-repeat":"repeat","background-position":"center center","background-size":"auto","background-attachment":"scroll","background-type":"","background-media":"","overlay-type":"","overlay-color":"","overlay-opacity":"","overlay-gradient":""},"mobile":{"background-color":"var(--ast-global-color-5)","background-image":"","background-repeat":"repeat","background-position":"center center","background-size":"auto","background-attachment":"scroll","background-type":"","background-media":"","overlay-type":"","overlay-color":"","overlay-opacity":"","overlay-gradient":""}},"footnotes":""},"categories":[8],"tags":[],"class_list":["post-4780","post","type-post","status-publish","format-standard","has-post-thumbnail","hentry","category-3r-4t"],"post_mailing_queue_ids":[],"_links":{"self":[{"href":"https:\/\/agora.xtec.cat\/escolaboragran\/wp-json\/wp\/v2\/posts\/4780","targetHints":{"allow":["GET"]}}],"collection":[{"href":"https:\/\/agora.xtec.cat\/escolaboragran\/wp-json\/wp\/v2\/posts"}],"about":[{"href":"https:\/\/agora.xtec.cat\/escolaboragran\/wp-json\/wp\/v2\/types\/post"}],"author":[{"embeddable":true,"href":"https:\/\/agora.xtec.cat\/escolaboragran\/wp-json\/wp\/v2\/users\/4"}],"replies":[{"embeddable":true,"href":"https:\/\/agora.xtec.cat\/escolaboragran\/wp-json\/wp\/v2\/comments?post=4780"}],"version-history":[{"count":3,"href":"https:\/\/agora.xtec.cat\/escolaboragran\/wp-json\/wp\/v2\/posts\/4780\/revisions"}],"predecessor-version":[{"id":4795,"href":"https:\/\/agora.xtec.cat\/escolaboragran\/wp-json\/wp\/v2\/posts\/4780\/revisions\/4795"}],"wp:featuredmedia":[{"embeddable":true,"href":"https:\/\/agora.xtec.cat\/escolaboragran\/wp-json\/wp\/v2\/media\/4790"}],"wp:attachment":[{"href":"https:\/\/agora.xtec.cat\/escolaboragran\/wp-json\/wp\/v2\/media?parent=4780"}],"wp:term":[{"taxonomy":"category","embeddable":true,"href":"https:\/\/agora.xtec.cat\/escolaboragran\/wp-json\/wp\/v2\/categories?post=4780"},{"taxonomy":"post_tag","embeddable":true,"href":"https:\/\/agora.xtec.cat\/escolaboragran\/wp-json\/wp\/v2\/tags?post=4780"}],"curies":[{"name":"wp","href":"https:\/\/api.w.org\/{rel}","templated":true}]}}