{"id":4693,"date":"2021-04-25T23:55:31","date_gmt":"2021-04-25T21:55:31","guid":{"rendered":"http:\/\/agora.xtec.cat\/escolaboragran\/?p=4693"},"modified":"2021-05-30T20:38:48","modified_gmt":"2021-05-30T18:38:48","slug":"xe-llibre-gegant","status":"publish","type":"post","link":"https:\/\/agora.xtec.cat\/escolaboragran\/llegim-i-escrivim\/xe-llibre-gegant\/","title":{"rendered":"X\u00e8 Llibre Gegant"},"content":{"rendered":"<p style=\"text-align: justify;\">En aquesta desena edici\u00f3 del Llibre Gegant de Sant Jordi, sota el t\u00edtol <em>Un curs diferent!<\/em>, hem volgut reflectir el moment que estem vivint. En ell hem expressat viv\u00e8ncies i emocions de dies confinats, de retrobaments virtuals i reals, de converses amb mascareta, de noves rutines, de tenir cura d&#8217;un mateix i dels altres&#8230;<\/p>\n<p><a href=\"https:\/\/photos.google.com\/share\/AF1QipOebafTIRdTrEaiAYypuz9KtG-O-V6I0Dn0sKs8qdjFXDm9TLEreId_YNS_02voWg\/photo\/AF1QipN7AHz5BqvQkbVj7q9K4abytEGFOr-YmVGKuVOg?key=Zk05NUluLTY5SDRwQklJZ2Z5U0lVOHdlYWI0cm9R\" target=\"_blank\" rel=\"noopener noreferrer\"><img decoding=\"async\" class=\"aligncenter\" style=\"max-width: 300px; max-height: 300px;\" src=\"https:\/\/lh3.googleusercontent.com\/NHE138uUjacb6fjFXGUfv8hIU_deloEgA8Tz5qy_cuWeiOA4OXWdKgg_qWo5BbDRYo3lX52xQ0KaL2UdPUHNZtlhMQKF6LEZoxStYRnLdu9eazytp06lwYRHRvJaESt4YiZqeaBHQ3OJzuSyREQUlN8MnLeqa65yOA-KTw4Q6teLeIR3Ll6-STYbOFnPjQ7Jjpe64LKPJ4KPxFQ8ep4EiWCikyKHtDpir95bhFzAxUvde-tl9oP9u7EKLYdX9jcC-SS2OL2MJ4La-hiBweiTnAZKthtwIzofdTH8U3eXdHV0VS4Wc0xn6S3WcNJ4Uof1yYYr684lWH_xwMvgtUvwRutdLAgcNrSccQ98h4nfAv-YlpIvp80NFlXzm0WOTh9569gEbnpc64bL_cNAC4AFCXrEM5U60cSThssc7BdGLsgISTs4nX2AarXrQzYP8DLaGyqnBp_5H1qAepihkCI-HJc0raJAPemXEAY8sCKZQFm01B7bRkq4zufLBVRuHIl4-ezsOFAOtgN5-WGYlEWKBwukJxRnTHeD977J5jIaWVYk6sOcQm5d7jyi7cSlOYfUsAqx-yI5wtMaG13_RngvOnbtmoZp96pm_NQC-bORhXH0-qGoVHTm_PYogNDX-gHIllesp-0ip4WqnJpVaz3XZ5zIAuP03IpsmuJOWyyo90VQaPhgrCl4SlJ2LfeI53Ee_RSEty4uPX2-uYiLUz2UKyCkTtaHvPy9FHZFSYOTSUM3qjNsQ9h6YwLX2vIIGYAvtmrLv_cf-TC-JAY46g=w236-h343-no?authuser=0\" \/><\/a><\/p>\n","protected":false},"excerpt":{"rendered":"<p>En aquesta desena edici\u00f3 del Llibre Gegant de Sant Jordi, sota el t\u00edtol Un curs diferent!, hem volgut reflectir el moment que estem vivint. En ell hem expressat viv\u00e8ncies i emocions de dies confinats, de retrobaments virtuals i reals, de converses amb mascareta, de noves rutines, de tenir cura d&#8217;un mateix i dels altres&#8230;<\/p>\n","protected":false},"author":4,"featured_media":0,"comment_status":"closed","ping_status":"closed","sticky":false,"template":"","format":"standard","meta":{"_bbp_topic_count":0,"_bbp_reply_count":0,"_bbp_total_topic_count":0,"_bbp_total_reply_count":0,"_bbp_voice_count":0,"_bbp_anonymous_reply_count":0,"_bbp_topic_count_hidden":0,"_bbp_reply_count_hidden":0,"_bbp_forum_subforum_count":0,"site-sidebar-layout":"default","site-content-layout":"","ast-site-content-layout":"","site-content-style":"default","site-sidebar-style":"default","ast-global-header-display":"","ast-banner-title-visibility":"","ast-main-header-display":"","ast-hfb-above-header-display":"","ast-hfb-below-header-display":"","ast-hfb-mobile-header-display":"","site-post-title":"","ast-breadcrumbs-content":"","ast-featured-img":"","footer-sml-layout":"","theme-transparent-header-meta":"","adv-header-id-meta":"","stick-header-meta":"","header-above-stick-meta":"","header-main-stick-meta":"","header-below-stick-meta":"","astra-migrate-meta-layouts":"default","ast-page-background-enabled":"default","ast-page-background-meta":{"desktop":{"background-color":"var(--ast-global-color-4)","background-image":"","background-repeat":"repeat","background-position":"center center","background-size":"auto","background-attachment":"scroll","background-type":"","background-media":"","overlay-type":"","overlay-color":"","overlay-opacity":"","overlay-gradient":""},"tablet":{"background-color":"","background-image":"","background-repeat":"repeat","background-position":"center center","background-size":"auto","background-attachment":"scroll","background-type":"","background-media":"","overlay-type":"","overlay-color":"","overlay-opacity":"","overlay-gradient":""},"mobile":{"background-color":"","background-image":"","background-repeat":"repeat","background-position":"center center","background-size":"auto","background-attachment":"scroll","background-type":"","background-media":"","overlay-type":"","overlay-color":"","overlay-opacity":"","overlay-gradient":""}},"ast-content-background-meta":{"desktop":{"background-color":"var(--ast-global-color-5)","background-image":"","background-repeat":"repeat","background-position":"center center","background-size":"auto","background-attachment":"scroll","background-type":"","background-media":"","overlay-type":"","overlay-color":"","overlay-opacity":"","overlay-gradient":""},"tablet":{"background-color":"var(--ast-global-color-5)","background-image":"","background-repeat":"repeat","background-position":"center center","background-size":"auto","background-attachment":"scroll","background-type":"","background-media":"","overlay-type":"","overlay-color":"","overlay-opacity":"","overlay-gradient":""},"mobile":{"background-color":"var(--ast-global-color-5)","background-image":"","background-repeat":"repeat","background-position":"center center","background-size":"auto","background-attachment":"scroll","background-type":"","background-media":"","overlay-type":"","overlay-color":"","overlay-opacity":"","overlay-gradient":""}},"footnotes":""},"categories":[61],"tags":[],"class_list":["post-4693","post","type-post","status-publish","format-standard","hentry","category-llegim-i-escrivim"],"post_mailing_queue_ids":[],"_links":{"self":[{"href":"https:\/\/agora.xtec.cat\/escolaboragran\/wp-json\/wp\/v2\/posts\/4693","targetHints":{"allow":["GET"]}}],"collection":[{"href":"https:\/\/agora.xtec.cat\/escolaboragran\/wp-json\/wp\/v2\/posts"}],"about":[{"href":"https:\/\/agora.xtec.cat\/escolaboragran\/wp-json\/wp\/v2\/types\/post"}],"author":[{"embeddable":true,"href":"https:\/\/agora.xtec.cat\/escolaboragran\/wp-json\/wp\/v2\/users\/4"}],"replies":[{"embeddable":true,"href":"https:\/\/agora.xtec.cat\/escolaboragran\/wp-json\/wp\/v2\/comments?post=4693"}],"version-history":[{"count":3,"href":"https:\/\/agora.xtec.cat\/escolaboragran\/wp-json\/wp\/v2\/posts\/4693\/revisions"}],"predecessor-version":[{"id":4707,"href":"https:\/\/agora.xtec.cat\/escolaboragran\/wp-json\/wp\/v2\/posts\/4693\/revisions\/4707"}],"wp:attachment":[{"href":"https:\/\/agora.xtec.cat\/escolaboragran\/wp-json\/wp\/v2\/media?parent=4693"}],"wp:term":[{"taxonomy":"category","embeddable":true,"href":"https:\/\/agora.xtec.cat\/escolaboragran\/wp-json\/wp\/v2\/categories?post=4693"},{"taxonomy":"post_tag","embeddable":true,"href":"https:\/\/agora.xtec.cat\/escolaboragran\/wp-json\/wp\/v2\/tags?post=4693"}],"curies":[{"name":"wp","href":"https:\/\/api.w.org\/{rel}","templated":true}]}}