{"id":4657,"date":"2021-04-15T18:56:22","date_gmt":"2021-04-15T16:56:22","guid":{"rendered":"http:\/\/agora.xtec.cat\/escolaboragran\/?p=4657"},"modified":"2021-05-16T23:03:38","modified_gmt":"2021-05-16T21:03:38","slug":"el-treball-a-lhort","status":"publish","type":"post","link":"https:\/\/agora.xtec.cat\/escolaboragran\/3r-4t\/el-treball-a-lhort\/","title":{"rendered":"El treball a l&#8217;hort"},"content":{"rendered":"<p style=\"text-align: justify;\">Els divendres a la tarda, quan el temps ho permet, els de 3r anem a l&#8217;hort d&#8217;en Toni. Ens explica com es treballa l&#8217;hort i hem tret herbes, llaurat, posat fems i plantat enciams, cebes tendres i algunes plantes arom\u00e0tiques.<br \/>\nHem apr\u00e8s que els horts que estan m\u00e9s amunt del nivell del Serinyadell es reguen amb aigua de la riera sense necessitar cap motor. A la font d&#8217;en Vilar hi ha una resclosa feta fa molts anys. Quan els interessa regar els horts, baixen un bagant i la resclosa es va omplint. Al pujar de nivell, l&#8217;aigua surt per un conducte que va cap els horts.<\/p>\n<p><a href=\"https:\/\/photos.google.com\/share\/AF1QipPjWQ4g2RDfiFf0JXVQhk0z0J96bT36Cd_LODdwbnpMgcyyd8EPuLR8Cm-JxjaQuA\/photo\/AF1QipPnjihYqAebUlYg3H0fGvTF0Z1CROb2Yc6hVUoj?key=aDZuekdycjRLOWduSVNELWJFdllmWVFnamVOd2VB\" target=\"_blank\" rel=\"noopener noreferrer\"><img decoding=\"async\" class=\"aligncenter\" style=\"max-width: 300px; max-height: 300px;\" src=\"https:\/\/lh3.googleusercontent.com\/w9ssL4RZexdDSpPkv5WLvwFyh0Rg3IZh48-GDhyw-6nhGELqXAyDZh45vF8lU-ny8f9Z4bibh9qSxze-4KPOIX7mdG1y_GcuTPHEqAELCgGLqpm9KgD-9i5lyzRWRtjVc-NO3W2fG_o5xzZTK_2jVanPoJxY5obVbnQbk_VAfqcH24H_zX4k3qgXKVyBzkXEvx_pOuMKvKHbZRbU7ZGaZfr0vD-Dw9_Z0kZyWKaHlVImYfw7Qt2dmOdFFyNzzaOtpyeJunMPRjbeg0J_L1cOlCaYxXPhQU1sTzc6wOb25iGiTV3E5d42m496xp0k8-1arPer9ENqwtN4wcH0DVE3Y1Um2qmQULiYeSmL9oKUamCZHfzIFAjM-_DKGB4oCpWIfkVoO2fs5JmVocgahBzUjgvUs58Fpts5iX_vNgn7DIvAp4PmRwJhrvP_BHbU3kHxg9BeA_DXROBhWaUjtvhfYW-LztGsYjhOCUKIYmEi-9L4udXz-JVx383OI2B9iRdNL-2hVSg0Pz9i41ELyXi2wf2zB2gfSTXpsFxWFQy4dsGt-5jua5xxvd4NPCCGCWWhcd3NKgmdLBUTd3OQfB5tHymBit3WGyLL1mGx8qugHQKMgFeKhWLOGiOatFmoEWT_zsPFAo0CXWLztFpqCnklWHZpai1dgTsApqScgD7OmsUlb0i38qm9N94d0qThOF07vgZcImi2SuDDuySkkQqD8QLy2k9ajYmU3IQ4QAnVU20tNUyR2BKcvQWPOSkq4rTLn9AedmvEiLK_4H0FIyg=w432-h324-no?authuser=0\" \/><\/a><\/p>\n","protected":false},"excerpt":{"rendered":"<p>Els divendres a la tarda, quan el temps ho permet, els de 3r anem a l&#8217;hort d&#8217;en Toni. Ens explica com es treballa l&#8217;hort i hem tret herbes, llaurat, posat fems i plantat enciams, cebes tendres i algunes plantes arom\u00e0tiques. Hem apr\u00e8s que els horts que estan m\u00e9s amunt del nivell del Serinyadell es reguen [&hellip;]<\/p>\n","protected":false},"author":1,"featured_media":0,"comment_status":"closed","ping_status":"closed","sticky":false,"template":"","format":"standard","meta":{"_bbp_topic_count":0,"_bbp_reply_count":0,"_bbp_total_topic_count":0,"_bbp_total_reply_count":0,"_bbp_voice_count":0,"_bbp_anonymous_reply_count":0,"_bbp_topic_count_hidden":0,"_bbp_reply_count_hidden":0,"_bbp_forum_subforum_count":0,"site-sidebar-layout":"default","site-content-layout":"","ast-site-content-layout":"","site-content-style":"default","site-sidebar-style":"default","ast-global-header-display":"","ast-banner-title-visibility":"","ast-main-header-display":"","ast-hfb-above-header-display":"","ast-hfb-below-header-display":"","ast-hfb-mobile-header-display":"","site-post-title":"","ast-breadcrumbs-content":"","ast-featured-img":"","footer-sml-layout":"","theme-transparent-header-meta":"","adv-header-id-meta":"","stick-header-meta":"","header-above-stick-meta":"","header-main-stick-meta":"","header-below-stick-meta":"","astra-migrate-meta-layouts":"default","ast-page-background-enabled":"default","ast-page-background-meta":{"desktop":{"background-color":"var(--ast-global-color-4)","background-image":"","background-repeat":"repeat","background-position":"center center","background-size":"auto","background-attachment":"scroll","background-type":"","background-media":"","overlay-type":"","overlay-color":"","overlay-opacity":"","overlay-gradient":""},"tablet":{"background-color":"","background-image":"","background-repeat":"repeat","background-position":"center center","background-size":"auto","background-attachment":"scroll","background-type":"","background-media":"","overlay-type":"","overlay-color":"","overlay-opacity":"","overlay-gradient":""},"mobile":{"background-color":"","background-image":"","background-repeat":"repeat","background-position":"center center","background-size":"auto","background-attachment":"scroll","background-type":"","background-media":"","overlay-type":"","overlay-color":"","overlay-opacity":"","overlay-gradient":""}},"ast-content-background-meta":{"desktop":{"background-color":"var(--ast-global-color-5)","background-image":"","background-repeat":"repeat","background-position":"center center","background-size":"auto","background-attachment":"scroll","background-type":"","background-media":"","overlay-type":"","overlay-color":"","overlay-opacity":"","overlay-gradient":""},"tablet":{"background-color":"var(--ast-global-color-5)","background-image":"","background-repeat":"repeat","background-position":"center center","background-size":"auto","background-attachment":"scroll","background-type":"","background-media":"","overlay-type":"","overlay-color":"","overlay-opacity":"","overlay-gradient":""},"mobile":{"background-color":"var(--ast-global-color-5)","background-image":"","background-repeat":"repeat","background-position":"center center","background-size":"auto","background-attachment":"scroll","background-type":"","background-media":"","overlay-type":"","overlay-color":"","overlay-opacity":"","overlay-gradient":""}},"footnotes":""},"categories":[8],"tags":[],"class_list":["post-4657","post","type-post","status-publish","format-standard","hentry","category-3r-4t"],"post_mailing_queue_ids":[],"_links":{"self":[{"href":"https:\/\/agora.xtec.cat\/escolaboragran\/wp-json\/wp\/v2\/posts\/4657","targetHints":{"allow":["GET"]}}],"collection":[{"href":"https:\/\/agora.xtec.cat\/escolaboragran\/wp-json\/wp\/v2\/posts"}],"about":[{"href":"https:\/\/agora.xtec.cat\/escolaboragran\/wp-json\/wp\/v2\/types\/post"}],"author":[{"embeddable":true,"href":"https:\/\/agora.xtec.cat\/escolaboragran\/wp-json\/wp\/v2\/users\/1"}],"replies":[{"embeddable":true,"href":"https:\/\/agora.xtec.cat\/escolaboragran\/wp-json\/wp\/v2\/comments?post=4657"}],"version-history":[{"count":3,"href":"https:\/\/agora.xtec.cat\/escolaboragran\/wp-json\/wp\/v2\/posts\/4657\/revisions"}],"predecessor-version":[{"id":4689,"href":"https:\/\/agora.xtec.cat\/escolaboragran\/wp-json\/wp\/v2\/posts\/4657\/revisions\/4689"}],"wp:attachment":[{"href":"https:\/\/agora.xtec.cat\/escolaboragran\/wp-json\/wp\/v2\/media?parent=4657"}],"wp:term":[{"taxonomy":"category","embeddable":true,"href":"https:\/\/agora.xtec.cat\/escolaboragran\/wp-json\/wp\/v2\/categories?post=4657"},{"taxonomy":"post_tag","embeddable":true,"href":"https:\/\/agora.xtec.cat\/escolaboragran\/wp-json\/wp\/v2\/tags?post=4657"}],"curies":[{"name":"wp","href":"https:\/\/api.w.org\/{rel}","templated":true}]}}