{"id":4643,"date":"2021-03-27T21:01:40","date_gmt":"2021-03-27T20:01:40","guid":{"rendered":"http:\/\/agora.xtec.cat\/escolaboragran\/?p=4643"},"modified":"2021-04-18T18:59:19","modified_gmt":"2021-04-18T16:59:19","slug":"cases-del-mon","status":"publish","type":"post","link":"https:\/\/agora.xtec.cat\/escolaboragran\/1r-2n\/cases-del-mon\/","title":{"rendered":"CASES DEL M\u00d3N"},"content":{"rendered":"<p style=\"text-align: justify;\">Aquest segon trimestre els nens i nenes de primer hem comen\u00e7at un projecte nou, el del nostre poble, Seriny\u00e0.<br \/>\nHem comen\u00e7at observant els diferents edificis que en formen part: Can Xerric, el pavell\u00f3, l\u2019escola, l\u2019Ajuntament, les cases, els pisos&#8230; A partir d\u2019aqu\u00ed els hem comparat amb altres edificis d\u2019arreu del m\u00f3n.<br \/>\nCom a resultat d\u2019aquest projecte hem fet una exposici\u00f3 amb quatre cases de diferents pa\u00efsos del m\u00f3n reprodu\u00efdes per nosaltres amb diferents materials.<br \/>\nEns ho hem passat molt b\u00e9 i hem apr\u00e8s moltes coses interessants.<\/p>\n<p><a href=\"https:\/\/photos.google.com\/share\/AF1QipO74PH4Wl1w-hwxOf99gTVRcotyHeCay_l4qfpRzRSPmm3d-1fkfWEQus-mb42pXQ\/photo\/AF1QipOvUGyKhPFPy6D_B-yDAI-A8NWRIlyJVmY5OCTM?key=RlJETmtYN1BFeE5sbWxUQ3RuOU12aUtzZUZ1aFdB\" target=\"_blank\" rel=\"noopener noreferrer\"><img decoding=\"async\" class=\"aligncenter\" style=\"max-width: 300px; max-height: 300px;\" src=\"https:\/\/lh3.googleusercontent.com\/PYz_NjX1lrWf_CR0aJew2ZhtiUHh9Q2j6j4bJ-04Y1gj6cBMAf_5Jlq9ncMPfpbPHlQ4Itt3Q6boDezt0Oj9pD0OenaCEiw91pcCh6YPNdsCy4rI5H3-wrQk3YD7gNbeFP4Tfg6gFatzBA4K5aLKSFGeGeom0S0DhlXWE5T-bWiHz4XQgMVRkMt7Q7G1qws5XioalTRBLwts8P7T1h8wCHSHJSDlNWaDNOyFiRHBLZznZReIlYNnInfqVxAFhsD6B5uhcSuvNvVvCpKG7bycFUP22cXwBv-1uCFGNOtD5R5d0d_6vHVAd2D45PmcfWZbqsk1aCr2XlDDYPmO4LqmF-5KAX1Xo01XBrBdpj6Qhp3v7K7luIIOG7nZpSuvxmg9Kun7AytZoWlRatGRlJwqekNBlzlf_N5ADtXytrZ9-ibE04LTajKQO65Ag3beDp1sALPUardzHtHnwZ4ty9-f3F0pi0uJergGmbC-UxGctfg6kblNYop6c_1NBE8n-4-Uv5OVvrX0aCDgTiIXYTzlEUp4u_Zs7ScCTsTriYyOitS1PmGx4AwqJE-nzCYk_bAOjw_LL8cbdr27ONcmQLAB0KEUHRd7Oh49wpMlH_YvgSw_83pa1eKNauIudMaigIzChGJOZqYmmWGDDeNBPXfgr3Zh3iocP8uvRrCRT79hRCirEWCXDgm0MwfBFWX6JUO1yDm8aJxgNb817DRGzpIenxSePehEzkdaLCJR3FwQFII9iiIIrSg3xGLWwbhmCD7QaEXTV-rz4KV56a80hQ=w600-h277-no?authuser=0\" \/><\/a><\/p>\n","protected":false},"excerpt":{"rendered":"<p>Aquest segon trimestre els nens i nenes de primer hem comen\u00e7at un projecte nou, el del nostre poble, Seriny\u00e0. Hem comen\u00e7at observant els diferents edificis que en formen part: Can Xerric, el pavell\u00f3, l\u2019escola, l\u2019Ajuntament, les cases, els pisos&#8230; A partir d\u2019aqu\u00ed els hem comparat amb altres edificis d\u2019arreu del m\u00f3n. Com a resultat d\u2019aquest [&hellip;]<\/p>\n","protected":false},"author":4,"featured_media":0,"comment_status":"closed","ping_status":"closed","sticky":false,"template":"","format":"standard","meta":{"_bbp_topic_count":0,"_bbp_reply_count":0,"_bbp_total_topic_count":0,"_bbp_total_reply_count":0,"_bbp_voice_count":0,"_bbp_anonymous_reply_count":0,"_bbp_topic_count_hidden":0,"_bbp_reply_count_hidden":0,"_bbp_forum_subforum_count":0,"site-sidebar-layout":"default","site-content-layout":"","ast-site-content-layout":"","site-content-style":"default","site-sidebar-style":"default","ast-global-header-display":"","ast-banner-title-visibility":"","ast-main-header-display":"","ast-hfb-above-header-display":"","ast-hfb-below-header-display":"","ast-hfb-mobile-header-display":"","site-post-title":"","ast-breadcrumbs-content":"","ast-featured-img":"","footer-sml-layout":"","theme-transparent-header-meta":"","adv-header-id-meta":"","stick-header-meta":"","header-above-stick-meta":"","header-main-stick-meta":"","header-below-stick-meta":"","astra-migrate-meta-layouts":"default","ast-page-background-enabled":"default","ast-page-background-meta":{"desktop":{"background-color":"var(--ast-global-color-4)","background-image":"","background-repeat":"repeat","background-position":"center center","background-size":"auto","background-attachment":"scroll","background-type":"","background-media":"","overlay-type":"","overlay-color":"","overlay-opacity":"","overlay-gradient":""},"tablet":{"background-color":"","background-image":"","background-repeat":"repeat","background-position":"center center","background-size":"auto","background-attachment":"scroll","background-type":"","background-media":"","overlay-type":"","overlay-color":"","overlay-opacity":"","overlay-gradient":""},"mobile":{"background-color":"","background-image":"","background-repeat":"repeat","background-position":"center center","background-size":"auto","background-attachment":"scroll","background-type":"","background-media":"","overlay-type":"","overlay-color":"","overlay-opacity":"","overlay-gradient":""}},"ast-content-background-meta":{"desktop":{"background-color":"var(--ast-global-color-5)","background-image":"","background-repeat":"repeat","background-position":"center center","background-size":"auto","background-attachment":"scroll","background-type":"","background-media":"","overlay-type":"","overlay-color":"","overlay-opacity":"","overlay-gradient":""},"tablet":{"background-color":"var(--ast-global-color-5)","background-image":"","background-repeat":"repeat","background-position":"center center","background-size":"auto","background-attachment":"scroll","background-type":"","background-media":"","overlay-type":"","overlay-color":"","overlay-opacity":"","overlay-gradient":""},"mobile":{"background-color":"var(--ast-global-color-5)","background-image":"","background-repeat":"repeat","background-position":"center center","background-size":"auto","background-attachment":"scroll","background-type":"","background-media":"","overlay-type":"","overlay-color":"","overlay-opacity":"","overlay-gradient":""}},"footnotes":""},"categories":[3],"tags":[],"class_list":["post-4643","post","type-post","status-publish","format-standard","hentry","category-1r-2n"],"post_mailing_queue_ids":[],"_links":{"self":[{"href":"https:\/\/agora.xtec.cat\/escolaboragran\/wp-json\/wp\/v2\/posts\/4643","targetHints":{"allow":["GET"]}}],"collection":[{"href":"https:\/\/agora.xtec.cat\/escolaboragran\/wp-json\/wp\/v2\/posts"}],"about":[{"href":"https:\/\/agora.xtec.cat\/escolaboragran\/wp-json\/wp\/v2\/types\/post"}],"author":[{"embeddable":true,"href":"https:\/\/agora.xtec.cat\/escolaboragran\/wp-json\/wp\/v2\/users\/4"}],"replies":[{"embeddable":true,"href":"https:\/\/agora.xtec.cat\/escolaboragran\/wp-json\/wp\/v2\/comments?post=4643"}],"version-history":[{"count":2,"href":"https:\/\/agora.xtec.cat\/escolaboragran\/wp-json\/wp\/v2\/posts\/4643\/revisions"}],"predecessor-version":[{"id":4645,"href":"https:\/\/agora.xtec.cat\/escolaboragran\/wp-json\/wp\/v2\/posts\/4643\/revisions\/4645"}],"wp:attachment":[{"href":"https:\/\/agora.xtec.cat\/escolaboragran\/wp-json\/wp\/v2\/media?parent=4643"}],"wp:term":[{"taxonomy":"category","embeddable":true,"href":"https:\/\/agora.xtec.cat\/escolaboragran\/wp-json\/wp\/v2\/categories?post=4643"},{"taxonomy":"post_tag","embeddable":true,"href":"https:\/\/agora.xtec.cat\/escolaboragran\/wp-json\/wp\/v2\/tags?post=4643"}],"curies":[{"name":"wp","href":"https:\/\/api.w.org\/{rel}","templated":true}]}}