{"id":4183,"date":"2020-11-05T13:32:42","date_gmt":"2020-11-05T12:32:42","guid":{"rendered":"http:\/\/agora.xtec.cat\/escolaboragran\/?p=4183"},"modified":"2020-12-20T23:36:30","modified_gmt":"2020-12-20T22:36:30","slug":"castanyada","status":"publish","type":"post","link":"https:\/\/agora.xtec.cat\/escolaboragran\/festes-i-celebracions\/castanyada\/","title":{"rendered":"CASTANYADA"},"content":{"rendered":"<p style=\"text-align: justify;\">Cada any f\u00e8iem parades de jocs on jug\u00e0vem tots plegats, per\u00f2 amb aix\u00f2 de la covid-19 ho vam canviar per altres activitats: pel\u00b7l\u00edcules i crispetes, manualitats, contes i jocs motrius.<br \/>\nEl dia de la castanyada, els nens i nenes de 6\u00e8 vam representar una obra de teatre al pati. L\u2019obra anava d\u2019unes castanyeres que eren curtes de vista, que tenien les cames molt bones i que s\u2019havien perdut al bosc mentre collien les castanyes. Finalment van preparar una parada i amb ajuda de l\u2019agutzil, que ens va torrar les castanyes, les vam repartir a les tutores. Entremig vam cantar i ballar can\u00e7ons de tardor, que formaven part de l\u2019obra.<br \/>\nVam preparar aquesta obra amb tot el \u201ccarinyo\u201d (o estimaci\u00f3). ESPEREM QUE US HAGI AGRADAT!<br \/>\n<em>Redactores: \u00c0frica, Roc\u00edo i Zoe<\/em><br \/>\n<a href=\"https:\/\/photos.google.com\/share\/AF1QipPqfA-JY6tEDomhpsIQpv2_kqQu4wHmA713RKlfyrt4SEz0pTf4vZPc_h4Z-Kgm9w\/photo\/AF1QipM0_ybgt2HB-D2ApIPfRStk_g8-ZbgWBYdR2IvQ?key=SzFtbjJuT2lkNFZMbzlWQWYteF92WUNLdndneTBn\" target=\"_blank\" rel=\"noopener noreferrer\"><img decoding=\"async\" class=\"aligncenter\" style=\"max-width: 300px; max-height: 300px;\" src=\"https:\/\/lh3.googleusercontent.com\/stChKAAXXbAxBOfxqOujC_29pEhOUtl9GkV0OFCTXd9g9nR0XpLgA0cR4bkGYFNF-sEvJdrfhZ79M4ID7vWfPzt7IxHojKjzoKN9De_NJmc-YyBk61mJ677xlRjyWNGcYdNfCEQBozgv88tHihHDPpYbpV4tSVgmzd_E5eUqT1an5UVmIRdNPb-F13wCNU0OACf_iElwa_pr97UTBvJNeP4MIzHlil9YNv_r9yg7v_oo0I_Jm8EcTayGjCXxZeek-JhF-OgLfpbtPmAWGhW00OL5AuY2gMI3DaAzE0enYzUr11DfQhqeutBbgqWMsCr9gLvyX6xXkmfstl-wJhqFjhvVJI09A9s4_eYvX_2-JnclPfegQQG9v8O1CaZx8P8aEBs2C-X5Q8LezOct9uo4-AnQ6dwohjs_RQl87cyC9WqDJptzT4vKbpiU2fL-PJS9O0Q5I0k5kBZR3gIunVPJME4Ne0iklncO89fMLYPx5x_knosUH6d29HMFU6c0htbNYVh6VRrvNIKY1Ew0W4i2KGs4HTp99RZ5qoAC_TE8kINEckgb55VAX53SFS_PZ6KyzjIIqjLOxXjTCrBYgmR-8LYfFDfi3xdLSlIgeRnbv6-2w3gemxt2BC0PikSqCJ6J1npVQ5wYq9XRGfo6NGtR70uJWBQPtvAWmZLNz-1xFU2-GUlXxsiMZxNdmUDZkDv347kn-e_QjvblP4xrpb2P5aapnAz4t5XNjRdA_YUj4GEZuBDUsRPyF2c=w436-h328-no?authuser=0\" \/><\/a><\/p>\n","protected":false},"excerpt":{"rendered":"<p>Cada any f\u00e8iem parades de jocs on jug\u00e0vem tots plegats, per\u00f2 amb aix\u00f2 de la covid-19 ho vam canviar per altres activitats: pel\u00b7l\u00edcules i crispetes, manualitats, contes i jocs motrius. El dia de la castanyada, els nens i nenes de 6\u00e8 vam representar una obra de teatre al pati. L\u2019obra anava d\u2019unes castanyeres que eren [&hellip;]<\/p>\n","protected":false},"author":6,"featured_media":0,"comment_status":"closed","ping_status":"closed","sticky":false,"template":"","format":"standard","meta":{"_bbp_topic_count":0,"_bbp_reply_count":0,"_bbp_total_topic_count":0,"_bbp_total_reply_count":0,"_bbp_voice_count":0,"_bbp_anonymous_reply_count":0,"_bbp_topic_count_hidden":0,"_bbp_reply_count_hidden":0,"_bbp_forum_subforum_count":0,"site-sidebar-layout":"default","site-content-layout":"","ast-site-content-layout":"","site-content-style":"default","site-sidebar-style":"default","ast-global-header-display":"","ast-banner-title-visibility":"","ast-main-header-display":"","ast-hfb-above-header-display":"","ast-hfb-below-header-display":"","ast-hfb-mobile-header-display":"","site-post-title":"","ast-breadcrumbs-content":"","ast-featured-img":"","footer-sml-layout":"","theme-transparent-header-meta":"","adv-header-id-meta":"","stick-header-meta":"","header-above-stick-meta":"","header-main-stick-meta":"","header-below-stick-meta":"","astra-migrate-meta-layouts":"default","ast-page-background-enabled":"default","ast-page-background-meta":{"desktop":{"background-color":"var(--ast-global-color-4)","background-image":"","background-repeat":"repeat","background-position":"center center","background-size":"auto","background-attachment":"scroll","background-type":"","background-media":"","overlay-type":"","overlay-color":"","overlay-opacity":"","overlay-gradient":""},"tablet":{"background-color":"","background-image":"","background-repeat":"repeat","background-position":"center center","background-size":"auto","background-attachment":"scroll","background-type":"","background-media":"","overlay-type":"","overlay-color":"","overlay-opacity":"","overlay-gradient":""},"mobile":{"background-color":"","background-image":"","background-repeat":"repeat","background-position":"center center","background-size":"auto","background-attachment":"scroll","background-type":"","background-media":"","overlay-type":"","overlay-color":"","overlay-opacity":"","overlay-gradient":""}},"ast-content-background-meta":{"desktop":{"background-color":"var(--ast-global-color-5)","background-image":"","background-repeat":"repeat","background-position":"center center","background-size":"auto","background-attachment":"scroll","background-type":"","background-media":"","overlay-type":"","overlay-color":"","overlay-opacity":"","overlay-gradient":""},"tablet":{"background-color":"var(--ast-global-color-5)","background-image":"","background-repeat":"repeat","background-position":"center center","background-size":"auto","background-attachment":"scroll","background-type":"","background-media":"","overlay-type":"","overlay-color":"","overlay-opacity":"","overlay-gradient":""},"mobile":{"background-color":"var(--ast-global-color-5)","background-image":"","background-repeat":"repeat","background-position":"center center","background-size":"auto","background-attachment":"scroll","background-type":"","background-media":"","overlay-type":"","overlay-color":"","overlay-opacity":"","overlay-gradient":""}},"footnotes":""},"categories":[63],"tags":[],"class_list":["post-4183","post","type-post","status-publish","format-standard","hentry","category-festes-i-celebracions"],"post_mailing_queue_ids":[],"_links":{"self":[{"href":"https:\/\/agora.xtec.cat\/escolaboragran\/wp-json\/wp\/v2\/posts\/4183","targetHints":{"allow":["GET"]}}],"collection":[{"href":"https:\/\/agora.xtec.cat\/escolaboragran\/wp-json\/wp\/v2\/posts"}],"about":[{"href":"https:\/\/agora.xtec.cat\/escolaboragran\/wp-json\/wp\/v2\/types\/post"}],"author":[{"embeddable":true,"href":"https:\/\/agora.xtec.cat\/escolaboragran\/wp-json\/wp\/v2\/users\/6"}],"replies":[{"embeddable":true,"href":"https:\/\/agora.xtec.cat\/escolaboragran\/wp-json\/wp\/v2\/comments?post=4183"}],"version-history":[{"count":3,"href":"https:\/\/agora.xtec.cat\/escolaboragran\/wp-json\/wp\/v2\/posts\/4183\/revisions"}],"predecessor-version":[{"id":4211,"href":"https:\/\/agora.xtec.cat\/escolaboragran\/wp-json\/wp\/v2\/posts\/4183\/revisions\/4211"}],"wp:attachment":[{"href":"https:\/\/agora.xtec.cat\/escolaboragran\/wp-json\/wp\/v2\/media?parent=4183"}],"wp:term":[{"taxonomy":"category","embeddable":true,"href":"https:\/\/agora.xtec.cat\/escolaboragran\/wp-json\/wp\/v2\/categories?post=4183"},{"taxonomy":"post_tag","embeddable":true,"href":"https:\/\/agora.xtec.cat\/escolaboragran\/wp-json\/wp\/v2\/tags?post=4183"}],"curies":[{"name":"wp","href":"https:\/\/api.w.org\/{rel}","templated":true}]}}