{"id":3487,"date":"2019-11-29T23:53:25","date_gmt":"2019-11-29T22:53:25","guid":{"rendered":"http:\/\/agora.xtec.cat\/escolaboragran\/?p=3487"},"modified":"2020-01-19T19:48:45","modified_gmt":"2020-01-19T18:48:45","slug":"un-cientific-a-lescola","status":"publish","type":"post","link":"https:\/\/agora.xtec.cat\/escolaboragran\/festes-i-celebracions\/un-cientific-a-lescola\/","title":{"rendered":"Un cient\u00edfic a l&#8217;escola"},"content":{"rendered":"<p style=\"text-align: justify;\">El doctor Joaquim Fuster, psiquiatre i emin\u00e8ncia mundial en la recerca de la neuroci\u00e8ncia cognitiva, va fer el preg\u00f3 de la Festa de Sant Andreu. L&#8217;endem\u00e0 va venir a visitar-nos. Ens va explicar la seva feina a la Universitat de Calif\u00f2rnia i va contestar totes les preguntes que li vam fer. Va ser molt interessant!<\/p>\n<p><a href=\"https:\/\/photos.google.com\/share\/AF1QipNX0v-9EiPtb1ojptbEWANRpsbxh6eb_yIenzW4qfqtEA8MRF65VJa0-ar80iUNzA\/photo\/AF1QipNDK7a60fv6p2wX8TINwUIZGwVNA92xotKhNZqR?key=amk3WHNmMGVpMU9ueUVoR2VMU2FoeklxeDk4STBB\" target=\"_blank\" rel=\"noopener noreferrer\"><img decoding=\"async\" class=\"aligncenter\" style=\"max-width: 300px; max-height: 300px;\" src=\"https:\/\/lh3.googleusercontent.com\/XaAU9toXSKpZlo6uFcx276NSkZekauQybl7Ya-gFDNG9RozqfMJ6wMRi1RZ-27sXXYGUcClOUnqpUxdWn4WArZAAHPpRaisA2KkTJ0D5jdkFYUpHcP70rYMB16QI4Y8ooAB76VucVdTzTrOCdt0CwhRl4GUw4DO2735o_3Gn4SrtCqdTQaICQKkx4dzhuVMxZ2JFNWR81YIUzAUHfExrH0Aema2VtR33eXaQBw5ALZhTUCoK0-1oIuKb1-xfTut6WU4LmqVH9Ku5JSPn-ppWtQ9H4lBpp4SMnPqogpMghT9e39nO6f99yQy3e2OVFRBzHVnY9L8bnnb79RHNdXFXa5o5H3py2jBKJX0na_o7xkGEK0x4sRhQa-3VKCc5b0E1ca3bbnmOUSSwLU4jBpVzYdzf29sb2N3wZ2nY0qrzcga9xIQYQQPgIOAoqmrCYViRrINTtst8p27O6-8WlY4fOP4MBfN-R7uHwkAvCH5KuTp-xG07WpDjBP-E7D_zVzHSMWrlE6HD_5CnAkwDgxRo4YmVMIXYLgC-HEk_q_yneNAi1oXYE6Mqc2m0URS7v4hQ-ZMVDcezSmj37e-YH60ytbBMNuZfPjAO3APlyG6Kpam7H9uqG1EAb9TFbrNmNX55jFwncT4LyeCNSVVl-KW6UqmNSKkXFLJcLsFthIzA3ibK-Osz5HcoW0_NcIck8pHOzOqKJfxCbhsAtKi9EkNiyM_Pobru4pZXiWkTc0irQ7UebWAOGw=w800-h600-no\" \/><\/a><\/p>\n","protected":false},"excerpt":{"rendered":"<p>El doctor Joaquim Fuster, psiquiatre i emin\u00e8ncia mundial en la recerca de la neuroci\u00e8ncia cognitiva, va fer el preg\u00f3 de la Festa de Sant Andreu. L&#8217;endem\u00e0 va venir a visitar-nos. Ens va explicar la seva feina a la Universitat de Calif\u00f2rnia i va contestar totes les preguntes que li vam fer. Va ser molt interessant!<\/p>\n","protected":false},"author":4,"featured_media":0,"comment_status":"closed","ping_status":"closed","sticky":false,"template":"","format":"standard","meta":{"_bbp_topic_count":0,"_bbp_reply_count":0,"_bbp_total_topic_count":0,"_bbp_total_reply_count":0,"_bbp_voice_count":0,"_bbp_anonymous_reply_count":0,"_bbp_topic_count_hidden":0,"_bbp_reply_count_hidden":0,"_bbp_forum_subforum_count":0,"site-sidebar-layout":"default","site-content-layout":"","ast-site-content-layout":"","site-content-style":"default","site-sidebar-style":"default","ast-global-header-display":"","ast-banner-title-visibility":"","ast-main-header-display":"","ast-hfb-above-header-display":"","ast-hfb-below-header-display":"","ast-hfb-mobile-header-display":"","site-post-title":"","ast-breadcrumbs-content":"","ast-featured-img":"","footer-sml-layout":"","theme-transparent-header-meta":"","adv-header-id-meta":"","stick-header-meta":"","header-above-stick-meta":"","header-main-stick-meta":"","header-below-stick-meta":"","astra-migrate-meta-layouts":"default","ast-page-background-enabled":"default","ast-page-background-meta":{"desktop":{"background-color":"var(--ast-global-color-4)","background-image":"","background-repeat":"repeat","background-position":"center center","background-size":"auto","background-attachment":"scroll","background-type":"","background-media":"","overlay-type":"","overlay-color":"","overlay-opacity":"","overlay-gradient":""},"tablet":{"background-color":"","background-image":"","background-repeat":"repeat","background-position":"center center","background-size":"auto","background-attachment":"scroll","background-type":"","background-media":"","overlay-type":"","overlay-color":"","overlay-opacity":"","overlay-gradient":""},"mobile":{"background-color":"","background-image":"","background-repeat":"repeat","background-position":"center center","background-size":"auto","background-attachment":"scroll","background-type":"","background-media":"","overlay-type":"","overlay-color":"","overlay-opacity":"","overlay-gradient":""}},"ast-content-background-meta":{"desktop":{"background-color":"var(--ast-global-color-5)","background-image":"","background-repeat":"repeat","background-position":"center center","background-size":"auto","background-attachment":"scroll","background-type":"","background-media":"","overlay-type":"","overlay-color":"","overlay-opacity":"","overlay-gradient":""},"tablet":{"background-color":"var(--ast-global-color-5)","background-image":"","background-repeat":"repeat","background-position":"center center","background-size":"auto","background-attachment":"scroll","background-type":"","background-media":"","overlay-type":"","overlay-color":"","overlay-opacity":"","overlay-gradient":""},"mobile":{"background-color":"var(--ast-global-color-5)","background-image":"","background-repeat":"repeat","background-position":"center center","background-size":"auto","background-attachment":"scroll","background-type":"","background-media":"","overlay-type":"","overlay-color":"","overlay-opacity":"","overlay-gradient":""}},"footnotes":""},"categories":[63],"tags":[],"class_list":["post-3487","post","type-post","status-publish","format-standard","hentry","category-festes-i-celebracions"],"post_mailing_queue_ids":[],"_links":{"self":[{"href":"https:\/\/agora.xtec.cat\/escolaboragran\/wp-json\/wp\/v2\/posts\/3487","targetHints":{"allow":["GET"]}}],"collection":[{"href":"https:\/\/agora.xtec.cat\/escolaboragran\/wp-json\/wp\/v2\/posts"}],"about":[{"href":"https:\/\/agora.xtec.cat\/escolaboragran\/wp-json\/wp\/v2\/types\/post"}],"author":[{"embeddable":true,"href":"https:\/\/agora.xtec.cat\/escolaboragran\/wp-json\/wp\/v2\/users\/4"}],"replies":[{"embeddable":true,"href":"https:\/\/agora.xtec.cat\/escolaboragran\/wp-json\/wp\/v2\/comments?post=3487"}],"version-history":[{"count":3,"href":"https:\/\/agora.xtec.cat\/escolaboragran\/wp-json\/wp\/v2\/posts\/3487\/revisions"}],"predecessor-version":[{"id":3503,"href":"https:\/\/agora.xtec.cat\/escolaboragran\/wp-json\/wp\/v2\/posts\/3487\/revisions\/3503"}],"wp:attachment":[{"href":"https:\/\/agora.xtec.cat\/escolaboragran\/wp-json\/wp\/v2\/media?parent=3487"}],"wp:term":[{"taxonomy":"category","embeddable":true,"href":"https:\/\/agora.xtec.cat\/escolaboragran\/wp-json\/wp\/v2\/categories?post=3487"},{"taxonomy":"post_tag","embeddable":true,"href":"https:\/\/agora.xtec.cat\/escolaboragran\/wp-json\/wp\/v2\/tags?post=3487"}],"curies":[{"name":"wp","href":"https:\/\/api.w.org\/{rel}","templated":true}]}}