{"id":3477,"date":"2019-12-03T17:29:19","date_gmt":"2019-12-03T16:29:19","guid":{"rendered":"http:\/\/agora.xtec.cat\/escolaboragran\/?p=3477"},"modified":"2020-01-19T19:49:13","modified_gmt":"2020-01-19T18:49:13","slug":"el-nostre-hort","status":"publish","type":"post","link":"https:\/\/agora.xtec.cat\/escolaboragran\/3r-4t\/el-nostre-hort\/","title":{"rendered":"El nostre hort"},"content":{"rendered":"<p style=\"text-align: justify;\">Aquest curs els alumnes de CM hem tornat a comen\u00e7ar amb el taller de l\u2019hort. En Toni ens va fer la presentaci\u00f3 de les activitats que portarem a terme al llarg del curs. Ens va explicar el sentit de l\u2019hort ecol\u00f2gic i el seu funcionament, la difer\u00e8ncia entre plantar i sembrar, la import\u00e0ncia del cultiu rotatiu dins dels diferents cicles estacionals, el compostatge: com preparar la terra abans de sembrar o plantar i els nutrients que necessita per mantenir-la en bon estat.<br \/>\nAix\u00ed que ja estem preparats per aprofitar al m\u00e0xim aquestes explicacions i posar-nos mans a l\u2019obra!!<\/p>\n<p><a href=\"https:\/\/photos.google.com\/share\/AF1QipNDItd1R3rh41lveNoLshnTbgtpkccOpB6zbMRUV35MdxgcSa-NS5bPkZ_JubGswA\/photo\/AF1QipOhdakU8w93pMCp5Q3CewJKrH_de0Dw2Y-vqvdv?key=NTlFQ0NIM0tjNVpkVENCXy1EaEtGUmw4VnFDeHpn\" target=\"_blank\" rel=\"noopener noreferrer\"><img decoding=\"async\" class=\"aligncenter\" style=\"max-width: 300px; max-height: 300px;\" src=\"https:\/\/lh3.googleusercontent.com\/z3vC-wo3Cj-TnxG9jTf2LtG9GG3p1VDKXfTeUPNOiutl6lVKQufmX23guVwls8vehSLs13fNLTPdVsWOIYCS81CrDcTjnUi1x-xweA75gKCI1H5pHOQaBgEdcneDT_mR9F00qCmNZu4ip2g2wZLFDtljUshemThI86mMtrZWW_VoL8X36z3j2yoLGmZjar8HyBLr003SmLI5TDkdkJRV7PnC5aCisuzkeU8rXVEDC1sfWxmlS5Gpn9HBLjZYm3qo1G2Ch9Ndds3mvpG4MyHK2eiyWEUon0EnvGkmBCL89eLAnm3agHdWnI-BBfc4Ux0SL5Qo3-6ZQkajl6nyg2rjYtazZXGNAztx7LQRIH7L58-6JF7TCfdeMCuDkCChtUACrqZSbc1GE6JCxuVwZawDHHmAhUeziz28RSYcgj9BmbN0zqPF9nyFZdyMkqD1gtyOr98KzH3QvP8xGL5rjluL-6YGUSkaX4tAy5FVw9pxIObqeVIOMHKKWQo0LfMILRXSTJck-5afE0PNWnaSH5CJLgBjkBC_c_c_bEKFP3RzpqDZOprpH0lwPzW8a41GyMh_MWCFY0K5_mGvIc3-GnUSgiqBoHvjOKHza4x8_tRhBjj9sKtEb5MjMaEP_kQ_zbcShLmgtGupcgAn06PuVbPOvc9M_gKlThly7BVJW3FjLLNH0XEFRfhlgNN1wl5VMp9ULpw12pQtgZmkJUj3JxCqeBl38NyEhfNO0eY_oyCnRonkZ0gtMQ=w800-h600-no\" \/><\/a><\/p>\n","protected":false},"excerpt":{"rendered":"<p>Aquest curs els alumnes de CM hem tornat a comen\u00e7ar amb el taller de l\u2019hort. En Toni ens va fer la presentaci\u00f3 de les activitats que portarem a terme al llarg del curs. Ens va explicar el sentit de l\u2019hort ecol\u00f2gic i el seu funcionament, la difer\u00e8ncia entre plantar i sembrar, la import\u00e0ncia del cultiu [&hellip;]<\/p>\n","protected":false},"author":4,"featured_media":0,"comment_status":"closed","ping_status":"closed","sticky":false,"template":"","format":"standard","meta":{"_bbp_topic_count":0,"_bbp_reply_count":0,"_bbp_total_topic_count":0,"_bbp_total_reply_count":0,"_bbp_voice_count":0,"_bbp_anonymous_reply_count":0,"_bbp_topic_count_hidden":0,"_bbp_reply_count_hidden":0,"_bbp_forum_subforum_count":0,"site-sidebar-layout":"default","site-content-layout":"","ast-site-content-layout":"","site-content-style":"default","site-sidebar-style":"default","ast-global-header-display":"","ast-banner-title-visibility":"","ast-main-header-display":"","ast-hfb-above-header-display":"","ast-hfb-below-header-display":"","ast-hfb-mobile-header-display":"","site-post-title":"","ast-breadcrumbs-content":"","ast-featured-img":"","footer-sml-layout":"","theme-transparent-header-meta":"","adv-header-id-meta":"","stick-header-meta":"","header-above-stick-meta":"","header-main-stick-meta":"","header-below-stick-meta":"","astra-migrate-meta-layouts":"default","ast-page-background-enabled":"default","ast-page-background-meta":{"desktop":{"background-color":"var(--ast-global-color-4)","background-image":"","background-repeat":"repeat","background-position":"center center","background-size":"auto","background-attachment":"scroll","background-type":"","background-media":"","overlay-type":"","overlay-color":"","overlay-opacity":"","overlay-gradient":""},"tablet":{"background-color":"","background-image":"","background-repeat":"repeat","background-position":"center center","background-size":"auto","background-attachment":"scroll","background-type":"","background-media":"","overlay-type":"","overlay-color":"","overlay-opacity":"","overlay-gradient":""},"mobile":{"background-color":"","background-image":"","background-repeat":"repeat","background-position":"center center","background-size":"auto","background-attachment":"scroll","background-type":"","background-media":"","overlay-type":"","overlay-color":"","overlay-opacity":"","overlay-gradient":""}},"ast-content-background-meta":{"desktop":{"background-color":"var(--ast-global-color-5)","background-image":"","background-repeat":"repeat","background-position":"center center","background-size":"auto","background-attachment":"scroll","background-type":"","background-media":"","overlay-type":"","overlay-color":"","overlay-opacity":"","overlay-gradient":""},"tablet":{"background-color":"var(--ast-global-color-5)","background-image":"","background-repeat":"repeat","background-position":"center center","background-size":"auto","background-attachment":"scroll","background-type":"","background-media":"","overlay-type":"","overlay-color":"","overlay-opacity":"","overlay-gradient":""},"mobile":{"background-color":"var(--ast-global-color-5)","background-image":"","background-repeat":"repeat","background-position":"center center","background-size":"auto","background-attachment":"scroll","background-type":"","background-media":"","overlay-type":"","overlay-color":"","overlay-opacity":"","overlay-gradient":""}},"footnotes":""},"categories":[8],"tags":[],"class_list":["post-3477","post","type-post","status-publish","format-standard","hentry","category-3r-4t"],"post_mailing_queue_ids":[],"_links":{"self":[{"href":"https:\/\/agora.xtec.cat\/escolaboragran\/wp-json\/wp\/v2\/posts\/3477","targetHints":{"allow":["GET"]}}],"collection":[{"href":"https:\/\/agora.xtec.cat\/escolaboragran\/wp-json\/wp\/v2\/posts"}],"about":[{"href":"https:\/\/agora.xtec.cat\/escolaboragran\/wp-json\/wp\/v2\/types\/post"}],"author":[{"embeddable":true,"href":"https:\/\/agora.xtec.cat\/escolaboragran\/wp-json\/wp\/v2\/users\/4"}],"replies":[{"embeddable":true,"href":"https:\/\/agora.xtec.cat\/escolaboragran\/wp-json\/wp\/v2\/comments?post=3477"}],"version-history":[{"count":3,"href":"https:\/\/agora.xtec.cat\/escolaboragran\/wp-json\/wp\/v2\/posts\/3477\/revisions"}],"predecessor-version":[{"id":3484,"href":"https:\/\/agora.xtec.cat\/escolaboragran\/wp-json\/wp\/v2\/posts\/3477\/revisions\/3484"}],"wp:attachment":[{"href":"https:\/\/agora.xtec.cat\/escolaboragran\/wp-json\/wp\/v2\/media?parent=3477"}],"wp:term":[{"taxonomy":"category","embeddable":true,"href":"https:\/\/agora.xtec.cat\/escolaboragran\/wp-json\/wp\/v2\/categories?post=3477"},{"taxonomy":"post_tag","embeddable":true,"href":"https:\/\/agora.xtec.cat\/escolaboragran\/wp-json\/wp\/v2\/tags?post=3477"}],"curies":[{"name":"wp","href":"https:\/\/api.w.org\/{rel}","templated":true}]}}