{"id":3429,"date":"2019-11-25T23:18:25","date_gmt":"2019-11-25T22:18:25","guid":{"rendered":"http:\/\/agora.xtec.cat\/escolaboragran\/?p=3429"},"modified":"2019-12-23T20:47:56","modified_gmt":"2019-12-23T19:47:56","slug":"visita-a-una-fabrica","status":"publish","type":"post","link":"https:\/\/agora.xtec.cat\/escolaboragran\/3r-4t\/visita-a-una-fabrica\/","title":{"rendered":"Visita a una f\u00e0brica"},"content":{"rendered":"<p style=\"text-align: justify;\">Poder veure com es fa un producte des de la primera mat\u00e8ria a l\u2019embalatge \u00e9s una sort! Per primera vegada a la seva hist\u00f2ria la f\u00e0brica Monter del nostre poble ha obert les seves portes a les visites escolars i els alumnes de Cicle Mitj\u00e0 hem tingut la sort de poder veure de ben a prop el funcionament d\u2019una f\u00e0brica. Ha estat molt interessant i hem apr\u00e9s moltes coses del m\u00f3n de les empreses c\u00e0rniques aix\u00ed com dels diferents treballadors que hi ha en una f\u00e0brica: qualitat, encarregats, operaris, responsables de personal, riscos laborals&#8230;<\/p>\n<p><a href=\"https:\/\/photos.google.com\/share\/AF1QipOqxeCUdma1nNKE0D8fN-nIQ5ama753uzE9jgiMEEIOU549XoCiB4UmOHgLNag2Iw\/photo\/AF1QipMrktSFqFqYvCWn0-PHpzmDEuWZuADdOoNcS3wX?key=WWg1UWJRZG1wcE1IOVhfdjFJWUd5WlVfLTdwaFJB\" target=\"_blank\" rel=\"noopener noreferrer\"><img decoding=\"async\" class=\"aligncenter\" style=\"max-width: 300px; max-height: 300px;\" src=\"https:\/\/lh3.googleusercontent.com\/h6T7x-5_-wwcDkczvHC8HTHb9XtR2HdJJKBWOyjC0Pj0-4G9B7ZlSjUfgriVXzDVX_ANSTm-bEJwqgYhhSN69htXw07Gl2nDrSIQAl36-BpBiH9evhfvnjuBMYLxH7CrSgmnLzpv10H3vRTxPd9G3kqBT28uSQLLt5KqmRrHrxwAVLKsXANqP6YHiwNMbmpnuehjoxcQQvz9cSRQGGMbPRKp0lIgoJSGww0n0esMokkw6ldy9KAk7gJPRHfhjqllCKRnmQty77RtOP1n9hwC5QaiaYgjgu22jDcxQWZxZlOrQl_GTvNCtD2T41O5qvUEF9rJv2nDdpYmbJWXP_k898wR8570wIVayfpz1E9bsgoKVZdMqK2LaROQBXdCtsb-TqVtmjm92OHhA4w3DWyJ4hicobbw47uNvxnxG9IDjmQYGuANmT1vArF7sYfwlCTXlOwXA43KqB4R1XfLtPUuxUoRH0jvLSrer4a22y8p0kiPjKbZvKEkAl4fgxcAIr6fFwabzLy2mj_TsFKLTT00wsvUUTObdZjj_qoPbf4Hhbs2rFiJyW1ypc6IdvlgjsyeEjK3PGcRD872X42Nw6rI0_6XrDbC7tsecugXi8MhJnM3CvqPWzmjye5BeRjKafkMIFw-7y3ArB1gcTDxjGJxYWLoWEaZcib_nw3dbqpLv_J6PtWIcGn3jhF3AA3iIIPQIPglyjQL-GK9c8gZGn91IL76cR6iuoFv9Vnm4ntUApuXya6BlA=w800-h600-no\" \/><\/a><\/p>\n","protected":false},"excerpt":{"rendered":"<p>Poder veure com es fa un producte des de la primera mat\u00e8ria a l\u2019embalatge \u00e9s una sort! Per primera vegada a la seva hist\u00f2ria la f\u00e0brica Monter del nostre poble ha obert les seves portes a les visites escolars i els alumnes de Cicle Mitj\u00e0 hem tingut la sort de poder veure de ben a [&hellip;]<\/p>\n","protected":false},"author":4,"featured_media":0,"comment_status":"closed","ping_status":"closed","sticky":false,"template":"","format":"standard","meta":{"_bbp_topic_count":0,"_bbp_reply_count":0,"_bbp_total_topic_count":0,"_bbp_total_reply_count":0,"_bbp_voice_count":0,"_bbp_anonymous_reply_count":0,"_bbp_topic_count_hidden":0,"_bbp_reply_count_hidden":0,"_bbp_forum_subforum_count":0,"site-sidebar-layout":"default","site-content-layout":"","ast-site-content-layout":"","site-content-style":"default","site-sidebar-style":"default","ast-global-header-display":"","ast-banner-title-visibility":"","ast-main-header-display":"","ast-hfb-above-header-display":"","ast-hfb-below-header-display":"","ast-hfb-mobile-header-display":"","site-post-title":"","ast-breadcrumbs-content":"","ast-featured-img":"","footer-sml-layout":"","theme-transparent-header-meta":"","adv-header-id-meta":"","stick-header-meta":"","header-above-stick-meta":"","header-main-stick-meta":"","header-below-stick-meta":"","astra-migrate-meta-layouts":"default","ast-page-background-enabled":"default","ast-page-background-meta":{"desktop":{"background-color":"var(--ast-global-color-4)","background-image":"","background-repeat":"repeat","background-position":"center center","background-size":"auto","background-attachment":"scroll","background-type":"","background-media":"","overlay-type":"","overlay-color":"","overlay-opacity":"","overlay-gradient":""},"tablet":{"background-color":"","background-image":"","background-repeat":"repeat","background-position":"center center","background-size":"auto","background-attachment":"scroll","background-type":"","background-media":"","overlay-type":"","overlay-color":"","overlay-opacity":"","overlay-gradient":""},"mobile":{"background-color":"","background-image":"","background-repeat":"repeat","background-position":"center center","background-size":"auto","background-attachment":"scroll","background-type":"","background-media":"","overlay-type":"","overlay-color":"","overlay-opacity":"","overlay-gradient":""}},"ast-content-background-meta":{"desktop":{"background-color":"var(--ast-global-color-5)","background-image":"","background-repeat":"repeat","background-position":"center center","background-size":"auto","background-attachment":"scroll","background-type":"","background-media":"","overlay-type":"","overlay-color":"","overlay-opacity":"","overlay-gradient":""},"tablet":{"background-color":"var(--ast-global-color-5)","background-image":"","background-repeat":"repeat","background-position":"center center","background-size":"auto","background-attachment":"scroll","background-type":"","background-media":"","overlay-type":"","overlay-color":"","overlay-opacity":"","overlay-gradient":""},"mobile":{"background-color":"var(--ast-global-color-5)","background-image":"","background-repeat":"repeat","background-position":"center center","background-size":"auto","background-attachment":"scroll","background-type":"","background-media":"","overlay-type":"","overlay-color":"","overlay-opacity":"","overlay-gradient":""}},"footnotes":""},"categories":[8],"tags":[],"class_list":["post-3429","post","type-post","status-publish","format-standard","hentry","category-3r-4t"],"post_mailing_queue_ids":[],"_links":{"self":[{"href":"https:\/\/agora.xtec.cat\/escolaboragran\/wp-json\/wp\/v2\/posts\/3429","targetHints":{"allow":["GET"]}}],"collection":[{"href":"https:\/\/agora.xtec.cat\/escolaboragran\/wp-json\/wp\/v2\/posts"}],"about":[{"href":"https:\/\/agora.xtec.cat\/escolaboragran\/wp-json\/wp\/v2\/types\/post"}],"author":[{"embeddable":true,"href":"https:\/\/agora.xtec.cat\/escolaboragran\/wp-json\/wp\/v2\/users\/4"}],"replies":[{"embeddable":true,"href":"https:\/\/agora.xtec.cat\/escolaboragran\/wp-json\/wp\/v2\/comments?post=3429"}],"version-history":[{"count":3,"href":"https:\/\/agora.xtec.cat\/escolaboragran\/wp-json\/wp\/v2\/posts\/3429\/revisions"}],"predecessor-version":[{"id":3439,"href":"https:\/\/agora.xtec.cat\/escolaboragran\/wp-json\/wp\/v2\/posts\/3429\/revisions\/3439"}],"wp:attachment":[{"href":"https:\/\/agora.xtec.cat\/escolaboragran\/wp-json\/wp\/v2\/media?parent=3429"}],"wp:term":[{"taxonomy":"category","embeddable":true,"href":"https:\/\/agora.xtec.cat\/escolaboragran\/wp-json\/wp\/v2\/categories?post=3429"},{"taxonomy":"post_tag","embeddable":true,"href":"https:\/\/agora.xtec.cat\/escolaboragran\/wp-json\/wp\/v2\/tags?post=3429"}],"curies":[{"name":"wp","href":"https:\/\/api.w.org\/{rel}","templated":true}]}}