{"id":3415,"date":"2019-11-26T17:01:36","date_gmt":"2019-11-26T16:01:36","guid":{"rendered":"http:\/\/agora.xtec.cat\/escolaboragran\/?p=3415"},"modified":"2019-12-23T20:47:42","modified_gmt":"2019-12-23T19:47:42","slug":"sortida-als-bombers-i-al-moli-paperer","status":"publish","type":"post","link":"https:\/\/agora.xtec.cat\/escolaboragran\/1r-2n\/sortida-als-bombers-i-al-moli-paperer\/","title":{"rendered":"SORTIDA ALS BOMBERS I AL MOL\u00cd PAPERER"},"content":{"rendered":"<p style=\"text-align: justify;\">Els nens i nenes de cicle inicial vam anar d&#8217;excursi\u00f3 a Banyoles. A mat\u00ed els bombers ens van ensenyar totes les seves instal\u00b7lacions. Ens van explicar an\u00e8cdotes de la seva feina i ens van deixar apagar foc! Ens vam poder sentir uns aut\u00e8ntics bombers!<br \/>\nA la tarda ens vam arribar al Mol\u00ed Paperer de la Farga. All\u00e0 en Jordi i la Mamen ens van explicar el proc\u00e9s que es segueix per fer paper, i ens ho van deixar fer a nosaltres! Vam aprendre un munt de coses.<\/p>\n<p><a href=\"https:\/\/photos.google.com\/share\/AF1QipNleG6UewA4jafaRQ_hvmHuaKpTlCW04a3Kcj8zoxJEoovW7980YDe2vtZS9gPs6A\/photo\/AF1QipNY1d94uWXTV4NkRC9871TQbTkgasq8hbo8RpxU?key=UW9zZjBna3dRSThDMzNqY29FU0tlaENHb0ZuOFdR\" target=\"_blank\" rel=\"noopener noreferrer\"><img decoding=\"async\" class=\"aligncenter\" style=\"max-width: 300px; max-height: 300px;\" src=\"https:\/\/lh3.googleusercontent.com\/LUiawOcYw92cD1N4klgBnbWQYmDXRY1u_rHDi_yG4-oDZWHu8vx325e9w1QOGzJ0qnEAtrp_OCDuN_1BNcGwWZpZaZOHkjzTeSeFInhkFrcZ5puyodFl8e026wRLNF_2rVQSKcNsp029wPYnyswF0QC8oOIxe7nAWTbUGUtaI7nmffOCCXDUQI_XFz0kARbEP424Mt5S4Y2XrZnl43iuGOOjMbvNdg67nBn_ATStuxK7RORoY6FWwQSupm9b5vGa2H-T6nIJ5yGSsi_IViQCkwzTuai0_JBiQmwDY7Bf7eB2od4RO2TzG9Z4PWY3-f-woSYZoG1vdoNgYHUq1LbAJjhauoQoXKEPvczeH7jYSMCwD_CEt-HN8bSZ34BoxTy9fnd70_2JK5VE9Et4I6iDJagMzURubjNiCmEZXIk3rcvccnefsWhqoFOy9-vyNkJIM3_UZ6LP1Rf1I5H184AyULiCFRVHL4itQFgsZ7kWsrpTpygp0SjWwFyD5q2gvO72IhAMY2AL8X08VF9A4Op85_rPrxf1vq92_28nmtnCKN1xC886KHwXQOI-xKcGGXsTOgw9mNHN1xEuN2XnCUovdI8iqTAhGa5SXtgTcF3Ayeaaa-1IQBp7E8bnux12UFcVkL5-YXVrgi4S3YmFb1isLfLVr1PV5l_-RIApz3ntM8SCdMSMwrcbSNcJwXEedcMhQCeTqgYIMVehaHzFPwUcj6BOzPTGth1ytYm_DOOMW43Zdb7NUQ=w800-h600-no\" \/><\/a><\/p>\n","protected":false},"excerpt":{"rendered":"<p>Els nens i nenes de cicle inicial vam anar d&#8217;excursi\u00f3 a Banyoles. A mat\u00ed els bombers ens van ensenyar totes les seves instal\u00b7lacions. Ens van explicar an\u00e8cdotes de la seva feina i ens van deixar apagar foc! Ens vam poder sentir uns aut\u00e8ntics bombers! A la tarda ens vam arribar al Mol\u00ed Paperer de la [&hellip;]<\/p>\n","protected":false},"author":1,"featured_media":0,"comment_status":"closed","ping_status":"closed","sticky":false,"template":"","format":"standard","meta":{"_bbp_topic_count":0,"_bbp_reply_count":0,"_bbp_total_topic_count":0,"_bbp_total_reply_count":0,"_bbp_voice_count":0,"_bbp_anonymous_reply_count":0,"_bbp_topic_count_hidden":0,"_bbp_reply_count_hidden":0,"_bbp_forum_subforum_count":0,"site-sidebar-layout":"default","site-content-layout":"","ast-site-content-layout":"","site-content-style":"default","site-sidebar-style":"default","ast-global-header-display":"","ast-banner-title-visibility":"","ast-main-header-display":"","ast-hfb-above-header-display":"","ast-hfb-below-header-display":"","ast-hfb-mobile-header-display":"","site-post-title":"","ast-breadcrumbs-content":"","ast-featured-img":"","footer-sml-layout":"","theme-transparent-header-meta":"","adv-header-id-meta":"","stick-header-meta":"","header-above-stick-meta":"","header-main-stick-meta":"","header-below-stick-meta":"","astra-migrate-meta-layouts":"default","ast-page-background-enabled":"default","ast-page-background-meta":{"desktop":{"background-color":"var(--ast-global-color-4)","background-image":"","background-repeat":"repeat","background-position":"center center","background-size":"auto","background-attachment":"scroll","background-type":"","background-media":"","overlay-type":"","overlay-color":"","overlay-opacity":"","overlay-gradient":""},"tablet":{"background-color":"","background-image":"","background-repeat":"repeat","background-position":"center center","background-size":"auto","background-attachment":"scroll","background-type":"","background-media":"","overlay-type":"","overlay-color":"","overlay-opacity":"","overlay-gradient":""},"mobile":{"background-color":"","background-image":"","background-repeat":"repeat","background-position":"center center","background-size":"auto","background-attachment":"scroll","background-type":"","background-media":"","overlay-type":"","overlay-color":"","overlay-opacity":"","overlay-gradient":""}},"ast-content-background-meta":{"desktop":{"background-color":"var(--ast-global-color-5)","background-image":"","background-repeat":"repeat","background-position":"center center","background-size":"auto","background-attachment":"scroll","background-type":"","background-media":"","overlay-type":"","overlay-color":"","overlay-opacity":"","overlay-gradient":""},"tablet":{"background-color":"var(--ast-global-color-5)","background-image":"","background-repeat":"repeat","background-position":"center center","background-size":"auto","background-attachment":"scroll","background-type":"","background-media":"","overlay-type":"","overlay-color":"","overlay-opacity":"","overlay-gradient":""},"mobile":{"background-color":"var(--ast-global-color-5)","background-image":"","background-repeat":"repeat","background-position":"center center","background-size":"auto","background-attachment":"scroll","background-type":"","background-media":"","overlay-type":"","overlay-color":"","overlay-opacity":"","overlay-gradient":""}},"footnotes":""},"categories":[3],"tags":[],"class_list":["post-3415","post","type-post","status-publish","format-standard","hentry","category-1r-2n"],"post_mailing_queue_ids":[],"_links":{"self":[{"href":"https:\/\/agora.xtec.cat\/escolaboragran\/wp-json\/wp\/v2\/posts\/3415","targetHints":{"allow":["GET"]}}],"collection":[{"href":"https:\/\/agora.xtec.cat\/escolaboragran\/wp-json\/wp\/v2\/posts"}],"about":[{"href":"https:\/\/agora.xtec.cat\/escolaboragran\/wp-json\/wp\/v2\/types\/post"}],"author":[{"embeddable":true,"href":"https:\/\/agora.xtec.cat\/escolaboragran\/wp-json\/wp\/v2\/users\/1"}],"replies":[{"embeddable":true,"href":"https:\/\/agora.xtec.cat\/escolaboragran\/wp-json\/wp\/v2\/comments?post=3415"}],"version-history":[{"count":3,"href":"https:\/\/agora.xtec.cat\/escolaboragran\/wp-json\/wp\/v2\/posts\/3415\/revisions"}],"predecessor-version":[{"id":3440,"href":"https:\/\/agora.xtec.cat\/escolaboragran\/wp-json\/wp\/v2\/posts\/3415\/revisions\/3440"}],"wp:attachment":[{"href":"https:\/\/agora.xtec.cat\/escolaboragran\/wp-json\/wp\/v2\/media?parent=3415"}],"wp:term":[{"taxonomy":"category","embeddable":true,"href":"https:\/\/agora.xtec.cat\/escolaboragran\/wp-json\/wp\/v2\/categories?post=3415"},{"taxonomy":"post_tag","embeddable":true,"href":"https:\/\/agora.xtec.cat\/escolaboragran\/wp-json\/wp\/v2\/tags?post=3415"}],"curies":[{"name":"wp","href":"https:\/\/api.w.org\/{rel}","templated":true}]}}