{"id":3202,"date":"2019-10-13T14:31:43","date_gmt":"2019-10-13T12:31:43","guid":{"rendered":"http:\/\/agora.xtec.cat\/escolaboragran\/?p=3202"},"modified":"2019-11-03T23:26:47","modified_gmt":"2019-11-03T22:26:47","slug":"trobada-esportiva-de-sise","status":"publish","type":"post","link":"https:\/\/agora.xtec.cat\/escolaboragran\/esports-i-salut\/trobada-esportiva-de-sise\/","title":{"rendered":"Trobada Esportiva de Sis\u00e8"},"content":{"rendered":"<p style=\"text-align: justify;\">Els de sis\u00e8 de la nostra escola i de les altres escoles del Pla de l\u2019Estany vam anar a la trobada esportiva que feien al parc i al pavell\u00f3 de la Draga. Vam fer activitats esportives com: esquaix, handbol, b\u00e0squet, btt, atletisme i zumba. Ens ho vam passar molt b\u00e9 perqu\u00e8 vam con\u00e8ixer molts nens i nenes d\u2019altres escoles. Va ser molt divertit!<\/p>\n<p><a href=\"https:\/\/photos.google.com\/share\/AF1QipMK-FfWYmdBT2gr7WJU1ufD4MJIuR0MUX3PP9a-VPn_OpiVcB4amtg3tP_3TSer8A\/photo\/AF1QipM_gWO1yBxpWFaLwsgt1nIKSLMtfrzGYQsKSmM-?key=QjdFUEJUdmZ3c0RVbUVpcmZ1Rm9FejVQczVMck9R\" target=\"_blank\" rel=\"noopener noreferrer\"><img decoding=\"async\" class=\"aligncenter\" style=\"max-width: 300px; max-height: 300px;\" src=\"https:\/\/lh3.googleusercontent.com\/XhT460miVkOYHtTgLhU01uwtS9tW2dXY2bM8HJLR_27xyVX8vs5uNqKToFXIvqywLrWF5ul_L2PHTMswBZYca61vQ867q21A-wSvDsXwdbO2wGE5JV_gln0_EeDwIK4GDU2N1nlf-L7AQM5U2kQh9Z-JKYqyZXba2dSgfUn0Lxplbad_GlKjBF_STU6-hl9Qt8r0DsmNoYm24dey5Qj2scFKcaUW3YlGYhQatHcI8Edw7DOSSmoB_9x12oghLvEbd1jiOB_b_-kkzMhwObyofCPBfA6KPXfE9zAfI4LMmUZjICQMvm-TApWXqzNwBYisnm1lHOYB2BLBEs8KxqU6Z3Q-wsiAE89dFzWUEWlEDsUFRZ8RoKGD-_tNVFfFuw6Mk_6S2I4Aj_9vvL05GvWs-b_F-f_fcK-rFxb87bHJZxY61r1e7jqHqdE_mwmWbtgJN3BjAJmDEbv6rUvUwF1eekTV2BzZO7OH-0Wbk-3Pzc7nKIq7kJZKTDGFbV0qEcjXqKr_7mUmSbglpHPg1dEQ5lKqGfezOeWyRX_qoWnmQY5b2ZlM3yTQXyjpu56Stv7JEVAqnYSJxHDxJ0gaFSZVaOHML-aXD2CGjmCbvToXwD87ToiXC4L5j_bN1w9u1WrkHNU4K_E6Ku6B8ovR4NZcT4rTQWbjE_iFdKTc6XsWGs4R_-FiZQIddf9nJzrUqMqSnMJD4zNrkiZpi4tMMZDsaVXDz8ZesY0B0RikjLpBYbhuujpqjA=w800-h600-no\" \/><\/a><br \/>\nPodeu veure m\u00e9s fotos en <a href=\"http:\/\/www.ceplaestany.cat\/Zonamultim%C3%A8dia\/Imatges\/tabid\/109\/AlbumID\/392-928\/Default.aspx\" target=\"_blank\" rel=\"noopener noreferrer\">el web del Consell Esportiu<\/a> del Pla de l\u2019Estany.<\/p>\n","protected":false},"excerpt":{"rendered":"<p>Els de sis\u00e8 de la nostra escola i de les altres escoles del Pla de l\u2019Estany vam anar a la trobada esportiva que feien al parc i al pavell\u00f3 de la Draga. Vam fer activitats esportives com: esquaix, handbol, b\u00e0squet, btt, atletisme i zumba. Ens ho vam passar molt b\u00e9 perqu\u00e8 vam con\u00e8ixer molts nens [&hellip;]<\/p>\n","protected":false},"author":4,"featured_media":0,"comment_status":"closed","ping_status":"closed","sticky":false,"template":"","format":"standard","meta":{"_bbp_topic_count":0,"_bbp_reply_count":0,"_bbp_total_topic_count":0,"_bbp_total_reply_count":0,"_bbp_voice_count":0,"_bbp_anonymous_reply_count":0,"_bbp_topic_count_hidden":0,"_bbp_reply_count_hidden":0,"_bbp_forum_subforum_count":0,"site-sidebar-layout":"default","site-content-layout":"","ast-site-content-layout":"","site-content-style":"default","site-sidebar-style":"default","ast-global-header-display":"","ast-banner-title-visibility":"","ast-main-header-display":"","ast-hfb-above-header-display":"","ast-hfb-below-header-display":"","ast-hfb-mobile-header-display":"","site-post-title":"","ast-breadcrumbs-content":"","ast-featured-img":"","footer-sml-layout":"","theme-transparent-header-meta":"","adv-header-id-meta":"","stick-header-meta":"","header-above-stick-meta":"","header-main-stick-meta":"","header-below-stick-meta":"","astra-migrate-meta-layouts":"default","ast-page-background-enabled":"default","ast-page-background-meta":{"desktop":{"background-color":"var(--ast-global-color-4)","background-image":"","background-repeat":"repeat","background-position":"center center","background-size":"auto","background-attachment":"scroll","background-type":"","background-media":"","overlay-type":"","overlay-color":"","overlay-opacity":"","overlay-gradient":""},"tablet":{"background-color":"","background-image":"","background-repeat":"repeat","background-position":"center center","background-size":"auto","background-attachment":"scroll","background-type":"","background-media":"","overlay-type":"","overlay-color":"","overlay-opacity":"","overlay-gradient":""},"mobile":{"background-color":"","background-image":"","background-repeat":"repeat","background-position":"center center","background-size":"auto","background-attachment":"scroll","background-type":"","background-media":"","overlay-type":"","overlay-color":"","overlay-opacity":"","overlay-gradient":""}},"ast-content-background-meta":{"desktop":{"background-color":"var(--ast-global-color-5)","background-image":"","background-repeat":"repeat","background-position":"center center","background-size":"auto","background-attachment":"scroll","background-type":"","background-media":"","overlay-type":"","overlay-color":"","overlay-opacity":"","overlay-gradient":""},"tablet":{"background-color":"var(--ast-global-color-5)","background-image":"","background-repeat":"repeat","background-position":"center center","background-size":"auto","background-attachment":"scroll","background-type":"","background-media":"","overlay-type":"","overlay-color":"","overlay-opacity":"","overlay-gradient":""},"mobile":{"background-color":"var(--ast-global-color-5)","background-image":"","background-repeat":"repeat","background-position":"center center","background-size":"auto","background-attachment":"scroll","background-type":"","background-media":"","overlay-type":"","overlay-color":"","overlay-opacity":"","overlay-gradient":""}},"footnotes":""},"categories":[62],"tags":[],"class_list":["post-3202","post","type-post","status-publish","format-standard","hentry","category-esports-i-salut"],"post_mailing_queue_ids":[],"_links":{"self":[{"href":"https:\/\/agora.xtec.cat\/escolaboragran\/wp-json\/wp\/v2\/posts\/3202","targetHints":{"allow":["GET"]}}],"collection":[{"href":"https:\/\/agora.xtec.cat\/escolaboragran\/wp-json\/wp\/v2\/posts"}],"about":[{"href":"https:\/\/agora.xtec.cat\/escolaboragran\/wp-json\/wp\/v2\/types\/post"}],"author":[{"embeddable":true,"href":"https:\/\/agora.xtec.cat\/escolaboragran\/wp-json\/wp\/v2\/users\/4"}],"replies":[{"embeddable":true,"href":"https:\/\/agora.xtec.cat\/escolaboragran\/wp-json\/wp\/v2\/comments?post=3202"}],"version-history":[{"count":3,"href":"https:\/\/agora.xtec.cat\/escolaboragran\/wp-json\/wp\/v2\/posts\/3202\/revisions"}],"predecessor-version":[{"id":3287,"href":"https:\/\/agora.xtec.cat\/escolaboragran\/wp-json\/wp\/v2\/posts\/3202\/revisions\/3287"}],"wp:attachment":[{"href":"https:\/\/agora.xtec.cat\/escolaboragran\/wp-json\/wp\/v2\/media?parent=3202"}],"wp:term":[{"taxonomy":"category","embeddable":true,"href":"https:\/\/agora.xtec.cat\/escolaboragran\/wp-json\/wp\/v2\/categories?post=3202"},{"taxonomy":"post_tag","embeddable":true,"href":"https:\/\/agora.xtec.cat\/escolaboragran\/wp-json\/wp\/v2\/tags?post=3202"}],"curies":[{"name":"wp","href":"https:\/\/api.w.org\/{rel}","templated":true}]}}