{"id":3188,"date":"2019-10-04T13:27:16","date_gmt":"2019-10-04T11:27:16","guid":{"rendered":"http:\/\/agora.xtec.cat\/escolaboragran\/?p=3188"},"modified":"2019-10-27T13:56:11","modified_gmt":"2019-10-27T12:56:11","slug":"sortida-a-la-font-del-vilar","status":"publish","type":"post","link":"https:\/\/agora.xtec.cat\/escolaboragran\/1r-2n\/sortida-a-la-font-del-vilar\/","title":{"rendered":"SORTIDA A LA FONT DEL VILAR"},"content":{"rendered":"<p style=\"text-align: justify;\">Els nens i les nenes de cicle inicial vam anar d\u2019excursi\u00f3 a la Font del Vilar. Vam quedar molt sorpresos perqu\u00e8 tot el Serinyadell estava sec i la petita gorga que hi ha al costat de la font tamb\u00e9.<br \/>\nEns hi vam fer moltes fotos perqu\u00e8 ens va resultar molt sorprenent poder caminar per on abans hi havia aigua. Fins i tot quan vam tornar, vam fer un tros per dintre la riera. Va ser tota una aventura!<\/p>\n<p><a href=\"https:\/\/photos.google.com\/share\/AF1QipMnl77MoyRn_dw7-6GTbP9Bs-vb6x6OkMfE_jqXccoGmeweJgWuQFSnY7Q3afEaGQ\/photo\/AF1QipNHlAugy8U5EYMxymJ4IFR7_pKBQkLgP0ExjJef?key=dndzdkVQUTJBbnlDc2Mtd1VkdHFnOFZGU1ZpbXNn\" target=\"_blank\" rel=\"noopener noreferrer\"><img decoding=\"async\" class=\"aligncenter\" style=\"max-width: 300px; max-height: 300px;\" src=\"https:\/\/lh3.googleusercontent.com\/qFoKQgWbSa0KhoqWbwsFQC8Ftva4pjw8UKNVDNL9lxe5ad6Kx0ALkz8RsHrpplfoGJRzLHYa-jQUTThPSI47EOQLcXQrR7ypMzCqi7Mhdj_xXsUwBbAQaaneujZsEyFr7Fqq1DHAo-5uQR7NQF90HBqEZYQAg0fHYg6c0qXeLU-Jvs8kCweOtt1CvQfd6Owpm9V09nY10yyzo6GdjkKgnXzzQ1nvPIlVZLIXEmLuSRaSfQcn2a95IQHZnHtRTcRxGvngjevLWNgADV1qG2dUlLbezmUduK1i7Rhb3Bq8bJ_BEoUN-DP-jSgUsH5ohGS5oB71TH3a2EtFntX999r7XWKiOChWyVeDsVySGvAGYhajla88wUXEwKwuxuofZrFTdk1qVER9DvDGMKiC4kX5GUXrUvlXkWd_9XNTcgczXoVM-bnnDKq-iRTmH8zlBquaZrFivKyZI09uUraT3qDuCFTtvcsUhKGA0EM5kVwh0vm5dOOQazd3UBg7lHgQKclqe9IJ097_VEMThQ2tw1yn4G28mD3O2wZ2lmuLcU-O_ZYdJx9wBaZsTDduTGNhsJe8WKfzDGmDmPFPMIrlfbujexUzF-1whyWR-7eYRSKupbM8CqQQsvRbSfeGF8SFJsThAHTP21gllWxqKEK8Zta29NTnU2CS43D2zy_6IPkXjNvGbpylngDhD1s6e__3VYxHOkVBS48gLqSnO810g9GY2_5GycJyV0HwzL2PDlZTg7q56Ox1BA=w800-h600-no\" \/><\/a><\/p>\n","protected":false},"excerpt":{"rendered":"<p>Els nens i les nenes de cicle inicial vam anar d\u2019excursi\u00f3 a la Font del Vilar. Vam quedar molt sorpresos perqu\u00e8 tot el Serinyadell estava sec i la petita gorga que hi ha al costat de la font tamb\u00e9. Ens hi vam fer moltes fotos perqu\u00e8 ens va resultar molt sorprenent poder caminar per on [&hellip;]<\/p>\n","protected":false},"author":1,"featured_media":0,"comment_status":"closed","ping_status":"closed","sticky":false,"template":"","format":"standard","meta":{"_bbp_topic_count":0,"_bbp_reply_count":0,"_bbp_total_topic_count":0,"_bbp_total_reply_count":0,"_bbp_voice_count":0,"_bbp_anonymous_reply_count":0,"_bbp_topic_count_hidden":0,"_bbp_reply_count_hidden":0,"_bbp_forum_subforum_count":0,"site-sidebar-layout":"default","site-content-layout":"","ast-site-content-layout":"","site-content-style":"default","site-sidebar-style":"default","ast-global-header-display":"","ast-banner-title-visibility":"","ast-main-header-display":"","ast-hfb-above-header-display":"","ast-hfb-below-header-display":"","ast-hfb-mobile-header-display":"","site-post-title":"","ast-breadcrumbs-content":"","ast-featured-img":"","footer-sml-layout":"","theme-transparent-header-meta":"","adv-header-id-meta":"","stick-header-meta":"","header-above-stick-meta":"","header-main-stick-meta":"","header-below-stick-meta":"","astra-migrate-meta-layouts":"default","ast-page-background-enabled":"default","ast-page-background-meta":{"desktop":{"background-color":"var(--ast-global-color-4)","background-image":"","background-repeat":"repeat","background-position":"center center","background-size":"auto","background-attachment":"scroll","background-type":"","background-media":"","overlay-type":"","overlay-color":"","overlay-opacity":"","overlay-gradient":""},"tablet":{"background-color":"","background-image":"","background-repeat":"repeat","background-position":"center center","background-size":"auto","background-attachment":"scroll","background-type":"","background-media":"","overlay-type":"","overlay-color":"","overlay-opacity":"","overlay-gradient":""},"mobile":{"background-color":"","background-image":"","background-repeat":"repeat","background-position":"center center","background-size":"auto","background-attachment":"scroll","background-type":"","background-media":"","overlay-type":"","overlay-color":"","overlay-opacity":"","overlay-gradient":""}},"ast-content-background-meta":{"desktop":{"background-color":"var(--ast-global-color-5)","background-image":"","background-repeat":"repeat","background-position":"center center","background-size":"auto","background-attachment":"scroll","background-type":"","background-media":"","overlay-type":"","overlay-color":"","overlay-opacity":"","overlay-gradient":""},"tablet":{"background-color":"var(--ast-global-color-5)","background-image":"","background-repeat":"repeat","background-position":"center center","background-size":"auto","background-attachment":"scroll","background-type":"","background-media":"","overlay-type":"","overlay-color":"","overlay-opacity":"","overlay-gradient":""},"mobile":{"background-color":"var(--ast-global-color-5)","background-image":"","background-repeat":"repeat","background-position":"center center","background-size":"auto","background-attachment":"scroll","background-type":"","background-media":"","overlay-type":"","overlay-color":"","overlay-opacity":"","overlay-gradient":""}},"footnotes":""},"categories":[3],"tags":[],"class_list":["post-3188","post","type-post","status-publish","format-standard","hentry","category-1r-2n"],"post_mailing_queue_ids":[],"_links":{"self":[{"href":"https:\/\/agora.xtec.cat\/escolaboragran\/wp-json\/wp\/v2\/posts\/3188","targetHints":{"allow":["GET"]}}],"collection":[{"href":"https:\/\/agora.xtec.cat\/escolaboragran\/wp-json\/wp\/v2\/posts"}],"about":[{"href":"https:\/\/agora.xtec.cat\/escolaboragran\/wp-json\/wp\/v2\/types\/post"}],"author":[{"embeddable":true,"href":"https:\/\/agora.xtec.cat\/escolaboragran\/wp-json\/wp\/v2\/users\/1"}],"replies":[{"embeddable":true,"href":"https:\/\/agora.xtec.cat\/escolaboragran\/wp-json\/wp\/v2\/comments?post=3188"}],"version-history":[{"count":2,"href":"https:\/\/agora.xtec.cat\/escolaboragran\/wp-json\/wp\/v2\/posts\/3188\/revisions"}],"predecessor-version":[{"id":3283,"href":"https:\/\/agora.xtec.cat\/escolaboragran\/wp-json\/wp\/v2\/posts\/3188\/revisions\/3283"}],"wp:attachment":[{"href":"https:\/\/agora.xtec.cat\/escolaboragran\/wp-json\/wp\/v2\/media?parent=3188"}],"wp:term":[{"taxonomy":"category","embeddable":true,"href":"https:\/\/agora.xtec.cat\/escolaboragran\/wp-json\/wp\/v2\/categories?post=3188"},{"taxonomy":"post_tag","embeddable":true,"href":"https:\/\/agora.xtec.cat\/escolaboragran\/wp-json\/wp\/v2\/tags?post=3188"}],"curies":[{"name":"wp","href":"https:\/\/api.w.org\/{rel}","templated":true}]}}