{"id":2940,"date":"2019-06-03T22:25:48","date_gmt":"2019-06-03T20:25:48","guid":{"rendered":"http:\/\/agora.xtec.cat\/escolaboragran\/?p=2940"},"modified":"2019-06-16T21:27:51","modified_gmt":"2019-06-16T19:27:51","slug":"lectura-amb-alumnes-de-linstitut","status":"publish","type":"post","link":"https:\/\/agora.xtec.cat\/escolaboragran\/llegim-i-escrivim\/lectura-amb-alumnes-de-linstitut\/","title":{"rendered":"Lectura amb alumnes de l&#8217;institut"},"content":{"rendered":"<p style=\"text-align: justify;\">Aquest curs hem continuat amb l\u2019activitat de lectura per als infants de P5 duta a terme per ex-alumnes que ara fan 1r d\u2019ESO.<br \/>\nA m\u00e9s, hem iniciat una altra activitat de servei comunitari per a donar continu\u00eftat a aquest projecte. Es tracta de la participaci\u00f3 d\u2019 ex-alumnes de 3r d\u2019ESO que tamb\u00e9 v\u00e9nen a fer lectura en veu alta a les nenes i nens de 1r.<br \/>\nTotes dues activitats es van iniciar el segon trimestre i s\u2019han allargat fins ara. Estem molt contents d\u2019aquest servei que se\u2019ns ofereix des de l\u2019institut i desitgem poder-lo continuar el proper curs.<a href=\"https:\/\/photos.google.com\/share\/AF1QipMf1B2lsKqGCom0rpfXrNHIXDXpbbiUNGyU2fkNApP-aSffqxA1FvmavPtKVkkJmQ\/photo\/AF1QipPxaTaQGngRtORrmZNrjN3DMdazXzroeGmwEpqO?key=WXZJUUVUX182SGllbjdkaVhrVXAxc3hQZ09QU1hR\" target=\"_blank\" rel=\"noopener noreferrer\"><img decoding=\"async\" class=\"aligncenter\" style=\"max-width: 300px; max-height: 300px;\" src=\"https:\/\/lh3.googleusercontent.com\/JpOHxZiPLIRvh0ZWb4IVvYx6j26oB6Cu_Zkr9qoIUDCvBuDyej-nDcNnMz7uj_Fls7bTGNQSYdyMfYY1pq31oek_Y6Eg4lwfPSO-I2mqv4liV4JChJ_G1mClHTP92zYEJm6Cj23sapQCblQ4g85LV7N-Ry_yU7VQPb4bDkpP9McreRrt7YJbZxR-cMEG6cwD7SpvmRThcJTbzf9emVUQQxGHFZFHpTEDjOrqkFnDBsp3XDlaCo-uhMxsFgOGntA5yBbK8deVdUJnIyyIIcDw8z_kVLJpbayFX8-opfGR-wZt5MPg56G44M9Xd_TkgdJhW5Q8Zf3t0fAL7taQ3btAZoOXU8G6hXaY78Xo5OtIlGRII0GflKoMbWjexW_999vs-AZxpS0QE-8viGqh0JQxJvxysby7z_nLpiOWRggqGDQexUZ1zEuNjjuOpcob7gjq2BkAwsZGux3eWkxJyMqs4Z-i5i33LueifEDcHJnH8j7L4E7H1F-BVYDahWBeFhQztOxaI9pSEDoYumKW7cTjsEtWd7U8q4n4Gc8KfFSTEDFQsJWzTHEoNtsQ3GQL4yac3o-EBxuWamjpEhbjqNzIiIkVxYEQUuzsnAEo0-p_BdpwCPVoX_TZ1yz96Gp6uZ9ZzFXbOsiktdgRVp_BLin0oDSM3lKJulIBUyGKgujB00mx4F8kQrHRTf7R5mfE4DlSELAbZEO4v3Qbo0GDNdhb8eFjwA=w800-h600-no\" \/><\/a><\/p>\n","protected":false},"excerpt":{"rendered":"<p>Aquest curs hem continuat amb l\u2019activitat de lectura per als infants de P5 duta a terme per ex-alumnes que ara fan 1r d\u2019ESO. A m\u00e9s, hem iniciat una altra activitat de servei comunitari per a donar continu\u00eftat a aquest projecte. Es tracta de la participaci\u00f3 d\u2019 ex-alumnes de 3r d\u2019ESO que tamb\u00e9 v\u00e9nen a fer [&hellip;]<\/p>\n","protected":false},"author":4,"featured_media":0,"comment_status":"closed","ping_status":"closed","sticky":false,"template":"","format":"standard","meta":{"_bbp_topic_count":0,"_bbp_reply_count":0,"_bbp_total_topic_count":0,"_bbp_total_reply_count":0,"_bbp_voice_count":0,"_bbp_anonymous_reply_count":0,"_bbp_topic_count_hidden":0,"_bbp_reply_count_hidden":0,"_bbp_forum_subforum_count":0,"site-sidebar-layout":"default","site-content-layout":"","ast-site-content-layout":"","site-content-style":"default","site-sidebar-style":"default","ast-global-header-display":"","ast-banner-title-visibility":"","ast-main-header-display":"","ast-hfb-above-header-display":"","ast-hfb-below-header-display":"","ast-hfb-mobile-header-display":"","site-post-title":"","ast-breadcrumbs-content":"","ast-featured-img":"","footer-sml-layout":"","theme-transparent-header-meta":"","adv-header-id-meta":"","stick-header-meta":"","header-above-stick-meta":"","header-main-stick-meta":"","header-below-stick-meta":"","astra-migrate-meta-layouts":"default","ast-page-background-enabled":"default","ast-page-background-meta":{"desktop":{"background-color":"var(--ast-global-color-4)","background-image":"","background-repeat":"repeat","background-position":"center center","background-size":"auto","background-attachment":"scroll","background-type":"","background-media":"","overlay-type":"","overlay-color":"","overlay-opacity":"","overlay-gradient":""},"tablet":{"background-color":"","background-image":"","background-repeat":"repeat","background-position":"center center","background-size":"auto","background-attachment":"scroll","background-type":"","background-media":"","overlay-type":"","overlay-color":"","overlay-opacity":"","overlay-gradient":""},"mobile":{"background-color":"","background-image":"","background-repeat":"repeat","background-position":"center center","background-size":"auto","background-attachment":"scroll","background-type":"","background-media":"","overlay-type":"","overlay-color":"","overlay-opacity":"","overlay-gradient":""}},"ast-content-background-meta":{"desktop":{"background-color":"var(--ast-global-color-5)","background-image":"","background-repeat":"repeat","background-position":"center center","background-size":"auto","background-attachment":"scroll","background-type":"","background-media":"","overlay-type":"","overlay-color":"","overlay-opacity":"","overlay-gradient":""},"tablet":{"background-color":"var(--ast-global-color-5)","background-image":"","background-repeat":"repeat","background-position":"center center","background-size":"auto","background-attachment":"scroll","background-type":"","background-media":"","overlay-type":"","overlay-color":"","overlay-opacity":"","overlay-gradient":""},"mobile":{"background-color":"var(--ast-global-color-5)","background-image":"","background-repeat":"repeat","background-position":"center center","background-size":"auto","background-attachment":"scroll","background-type":"","background-media":"","overlay-type":"","overlay-color":"","overlay-opacity":"","overlay-gradient":""}},"footnotes":""},"categories":[61],"tags":[],"class_list":["post-2940","post","type-post","status-publish","format-standard","hentry","category-llegim-i-escrivim"],"post_mailing_queue_ids":[],"_links":{"self":[{"href":"https:\/\/agora.xtec.cat\/escolaboragran\/wp-json\/wp\/v2\/posts\/2940","targetHints":{"allow":["GET"]}}],"collection":[{"href":"https:\/\/agora.xtec.cat\/escolaboragran\/wp-json\/wp\/v2\/posts"}],"about":[{"href":"https:\/\/agora.xtec.cat\/escolaboragran\/wp-json\/wp\/v2\/types\/post"}],"author":[{"embeddable":true,"href":"https:\/\/agora.xtec.cat\/escolaboragran\/wp-json\/wp\/v2\/users\/4"}],"replies":[{"embeddable":true,"href":"https:\/\/agora.xtec.cat\/escolaboragran\/wp-json\/wp\/v2\/comments?post=2940"}],"version-history":[{"count":4,"href":"https:\/\/agora.xtec.cat\/escolaboragran\/wp-json\/wp\/v2\/posts\/2940\/revisions"}],"predecessor-version":[{"id":2969,"href":"https:\/\/agora.xtec.cat\/escolaboragran\/wp-json\/wp\/v2\/posts\/2940\/revisions\/2969"}],"wp:attachment":[{"href":"https:\/\/agora.xtec.cat\/escolaboragran\/wp-json\/wp\/v2\/media?parent=2940"}],"wp:term":[{"taxonomy":"category","embeddable":true,"href":"https:\/\/agora.xtec.cat\/escolaboragran\/wp-json\/wp\/v2\/categories?post=2940"},{"taxonomy":"post_tag","embeddable":true,"href":"https:\/\/agora.xtec.cat\/escolaboragran\/wp-json\/wp\/v2\/tags?post=2940"}],"curies":[{"name":"wp","href":"https:\/\/api.w.org\/{rel}","templated":true}]}}