{"id":2930,"date":"2019-05-31T13:19:41","date_gmt":"2019-05-31T11:19:41","guid":{"rendered":"http:\/\/agora.xtec.cat\/escolaboragran\/?p=2930"},"modified":"2019-06-09T18:57:45","modified_gmt":"2019-06-09T16:57:45","slug":"el-nostre-bosc","status":"publish","type":"post","link":"https:\/\/agora.xtec.cat\/escolaboragran\/coneixemserinya\/el-nostre-bosc\/","title":{"rendered":"El nostre bosc"},"content":{"rendered":"<p style=\"text-align: justify;\">Els alumnes de cicle superior hem treballat en el projecte Coneixem Seriny\u00e0. Hem anat al bosc del costat de l\u2019h\u00edpica per fer algunes activitats: mesurar la temperatura i la humitat del bosc, recon\u00e8ixer les caracter\u00edstiques del bosc alzinar, mesurar el desnivell&#8230; A l&#8217;aula, per grups\u00a0 hem elaborat un mural del bosc i un dossier per recordar tot el que hav\u00edem explorat al treball de camp. Finalment cada grup ha inventat un anunci i l&#8217;ha representat.<br \/>\nHem apr\u00e8s de forma divertida aspectes que no sab\u00edem del bosc, ens ho hem passat molt b\u00e9 entre tots!<\/p>\n<p><a href=\"https:\/\/photos.google.com\/share\/AF1QipOKSQrAlTzkyaASmtJwGEE7AgVCnxbTtrpXVQVm7niL669yCA7Sw6h_nunbC_RjCQ\/photo\/AF1QipP3dmOHfVl1JrPkm1GMUxlb3ezdnItyIEGOrN7f?key=dzZNdURWcGhxcmphOWFueEJpQnJNb2doczNESDhR\" target=\"_blank\" rel=\"noopener noreferrer\"><img loading=\"lazy\" decoding=\"async\" class=\"aligncenter\" style=\"max-width: 300px; max-height: 300px;\" src=\"https:\/\/lh3.googleusercontent.com\/0s_WfS3lXGqcWVmojw_vLgBa45YEEpW6qlj5aQtXoD4tffQ4lbgcIU6KN0f5h6awkaaE3BschzZ3YlCDK1oqcfTjwaHdPe8sptG9-aZbvBmxknZAPZUDFJBTmdhgBjtObPLWw4IahN8_5J7R_o9fn3oOtmDOUYlWREIO2TNZZ0aEWERGDli0ZuMpPCJcy6KglgyqzfjiV2WEFVRqc5m9YHwET-ATm-mYE3QoXNVTXg5tSccs14Zhr674fFp8bBpdRX-wqaR4787X39O6zx3RerT39OGxyiw7qZApOpQb3SQqp_5iY5RTz9T9B_m9eN-kHNNO_037khxFJM_-H_nFi8J-zXpNOMN0JbFWnQzovjV0mEpftf15gcMjIvoNqLbnj7I-Pj_dpU6jn4MK_Cxs4Gd96pC0pqqA8DOEH5CBUjrzWKKFmqgenHrAiDej4GC5jiPhKcOnT0fHukxqsxE-vffnoIrqQ0rx3JASCset_ZIjUWz9h4Uoc_d1C7eKamZGdMQxM7fZBH4btkkhdV9PtsOGdi-YxceEdlrqB_uAE0WT5rpjeFnZQ1bdET_f2IIheEYO8vYDvT4atvb3b7GAp-wrYwdW6HElo0UQNurMbabThgVU7Z28Rugc02pt986sCiPtCSDf5K3xbfYCsMcyPsKJISDuVHI-=w800-h600-no\" alt=\"\" width=\"616\" height=\"462\" \/><\/a><\/p>\n","protected":false},"excerpt":{"rendered":"<p>Els alumnes de cicle superior hem treballat en el projecte Coneixem Seriny\u00e0. Hem anat al bosc del costat de l\u2019h\u00edpica per fer algunes activitats: mesurar la temperatura i la humitat del bosc, recon\u00e8ixer les caracter\u00edstiques del bosc alzinar, mesurar el desnivell&#8230; A l&#8217;aula, per grups\u00a0 hem elaborat un mural del bosc i un dossier per [&hellip;]<\/p>\n","protected":false},"author":6,"featured_media":0,"comment_status":"closed","ping_status":"closed","sticky":false,"template":"","format":"standard","meta":{"_bbp_topic_count":0,"_bbp_reply_count":0,"_bbp_total_topic_count":0,"_bbp_total_reply_count":0,"_bbp_voice_count":0,"_bbp_anonymous_reply_count":0,"_bbp_topic_count_hidden":0,"_bbp_reply_count_hidden":0,"_bbp_forum_subforum_count":0,"site-sidebar-layout":"default","site-content-layout":"","ast-site-content-layout":"","site-content-style":"default","site-sidebar-style":"default","ast-global-header-display":"","ast-banner-title-visibility":"","ast-main-header-display":"","ast-hfb-above-header-display":"","ast-hfb-below-header-display":"","ast-hfb-mobile-header-display":"","site-post-title":"","ast-breadcrumbs-content":"","ast-featured-img":"","footer-sml-layout":"","theme-transparent-header-meta":"","adv-header-id-meta":"","stick-header-meta":"","header-above-stick-meta":"","header-main-stick-meta":"","header-below-stick-meta":"","astra-migrate-meta-layouts":"default","ast-page-background-enabled":"default","ast-page-background-meta":{"desktop":{"background-color":"var(--ast-global-color-4)","background-image":"","background-repeat":"repeat","background-position":"center center","background-size":"auto","background-attachment":"scroll","background-type":"","background-media":"","overlay-type":"","overlay-color":"","overlay-opacity":"","overlay-gradient":""},"tablet":{"background-color":"","background-image":"","background-repeat":"repeat","background-position":"center center","background-size":"auto","background-attachment":"scroll","background-type":"","background-media":"","overlay-type":"","overlay-color":"","overlay-opacity":"","overlay-gradient":""},"mobile":{"background-color":"","background-image":"","background-repeat":"repeat","background-position":"center center","background-size":"auto","background-attachment":"scroll","background-type":"","background-media":"","overlay-type":"","overlay-color":"","overlay-opacity":"","overlay-gradient":""}},"ast-content-background-meta":{"desktop":{"background-color":"var(--ast-global-color-5)","background-image":"","background-repeat":"repeat","background-position":"center center","background-size":"auto","background-attachment":"scroll","background-type":"","background-media":"","overlay-type":"","overlay-color":"","overlay-opacity":"","overlay-gradient":""},"tablet":{"background-color":"var(--ast-global-color-5)","background-image":"","background-repeat":"repeat","background-position":"center center","background-size":"auto","background-attachment":"scroll","background-type":"","background-media":"","overlay-type":"","overlay-color":"","overlay-opacity":"","overlay-gradient":""},"mobile":{"background-color":"var(--ast-global-color-5)","background-image":"","background-repeat":"repeat","background-position":"center center","background-size":"auto","background-attachment":"scroll","background-type":"","background-media":"","overlay-type":"","overlay-color":"","overlay-opacity":"","overlay-gradient":""}},"footnotes":""},"categories":[60],"tags":[],"class_list":["post-2930","post","type-post","status-publish","format-standard","hentry","category-coneixemserinya"],"post_mailing_queue_ids":[],"_links":{"self":[{"href":"https:\/\/agora.xtec.cat\/escolaboragran\/wp-json\/wp\/v2\/posts\/2930","targetHints":{"allow":["GET"]}}],"collection":[{"href":"https:\/\/agora.xtec.cat\/escolaboragran\/wp-json\/wp\/v2\/posts"}],"about":[{"href":"https:\/\/agora.xtec.cat\/escolaboragran\/wp-json\/wp\/v2\/types\/post"}],"author":[{"embeddable":true,"href":"https:\/\/agora.xtec.cat\/escolaboragran\/wp-json\/wp\/v2\/users\/6"}],"replies":[{"embeddable":true,"href":"https:\/\/agora.xtec.cat\/escolaboragran\/wp-json\/wp\/v2\/comments?post=2930"}],"version-history":[{"count":3,"href":"https:\/\/agora.xtec.cat\/escolaboragran\/wp-json\/wp\/v2\/posts\/2930\/revisions"}],"predecessor-version":[{"id":2936,"href":"https:\/\/agora.xtec.cat\/escolaboragran\/wp-json\/wp\/v2\/posts\/2930\/revisions\/2936"}],"wp:attachment":[{"href":"https:\/\/agora.xtec.cat\/escolaboragran\/wp-json\/wp\/v2\/media?parent=2930"}],"wp:term":[{"taxonomy":"category","embeddable":true,"href":"https:\/\/agora.xtec.cat\/escolaboragran\/wp-json\/wp\/v2\/categories?post=2930"},{"taxonomy":"post_tag","embeddable":true,"href":"https:\/\/agora.xtec.cat\/escolaboragran\/wp-json\/wp\/v2\/tags?post=2930"}],"curies":[{"name":"wp","href":"https:\/\/api.w.org\/{rel}","templated":true}]}}