{"id":2808,"date":"2019-06-09T11:54:31","date_gmt":"2019-06-09T09:54:31","guid":{"rendered":"http:\/\/agora.xtec.cat\/escolaboragran\/?p=2808"},"modified":"2020-01-10T13:14:24","modified_gmt":"2020-01-10T12:14:24","slug":"lescola-que-estimem","status":"publish","type":"post","link":"https:\/\/agora.xtec.cat\/escolaboragran\/coneixemserinya\/lescola-que-estimem\/","title":{"rendered":"L\u2019escola que estimem"},"content":{"rendered":"<p style=\"text-align: justify;\">M. Rosa Cortada ha escrit <strong>&#8220;<a href=\"https:\/\/sites.google.com\/view\/contelescolaqueestimem\/inici\" target=\"_blank\" rel=\"noopener noreferrer\">L&#8217;escola que estimem<\/a>&#8220;<\/strong>, un conte per explicar als nens i nenes de Seriny\u00e0 la hist\u00f2ria de la construcci\u00f3 de l\u2019edifici de l\u2019Ajuntament, ara fa cent anys. Aquest edifici havia d&#8217;acollir les sales consistorials, el jutjat, les escoles de nens i de nenes i les habitacions per a mestres. La construcci\u00f3 va ser possible gr\u00e0cies a la col\u00b7laboraci\u00f3 de la gent del poble, que va aportar diners, materials i estones de treball,\u00a0 i del doctor Valent\u00ed Carulla, aleshores rector de la Universitat de Barcelona.<br \/>\nLa Rosa, que havia estat mestra i directora de la nostra escola, ens l&#8217;ha contat amb tota la seva saviesa i il\u00b7lusi\u00f3, adaptant les explicacions a les diferents edats. Despr\u00e9s d&#8217;escoltar la narraci\u00f3, els nens i les nenes de cicle mitj\u00e0 n&#8217;han fet unes boniques il\u00b7lustracions.<\/p>\n<p><a href=\"https:\/\/photos.google.com\/share\/AF1QipP4Y7yITbrCZyZr2-XQ5Bq5X6HDjRi9eiBm75KkOCOj4PDg2tf7CZv71v1oT92wjA\/photo\/AF1QipPyTVm8za1orOBX-rP3c8Ohe075fkvDyuhzwuT5?key=Zm9TcVFSSzl4STBOeHRaM2w4ZDJpd0ZpdDZGejZ3\" target=\"_blank\" rel=\"noopener noreferrer\"><img loading=\"lazy\" decoding=\"async\" class=\"aligncenter\" style=\"max-width: 300px; max-height: 300px;\" src=\"https:\/\/lh3.googleusercontent.com\/Kj7EBpxOp0-O35LtfvUqku0ryhXUFUuzX_N2Aa4oU-ZL09-rrQVPmgabTRmOCbzJBX5Ag7YvLmFJcuE9H26OX1JqZyQ8U5kjzPtaBYvGhrjXSQl45kxT9YP6QhQpsadn9UXsVh7XPp3GMmCKSq7luWsdOvEI9FZAMCa5PwA-ruvpwv6c9vL-_YCcdPpll7C03fVwAWK5iZKkv1cu2xb9nJuzvbMVUu1BmLKf-fEjRLwe_4_AczMsDlhdjzHrrIvmuGaeAtxoTlyK-jd7AMFwEOgcBAP_4XSaBLP8lxXdlyX1hCjjGJkfU-fjt8a9-BCfE6fya9aMh-x3GqUNx_bKOOP8HpUMRTFrbT0GSOX5nvSZo4wW8O9FtNxF3cuCdq8gZEhPhApmjfR6zfG9JYQnGNO-7kw3OOsOmneTvQUZka9VtbAjt5dLytK1Q0aYmlm1YqRBNGxrsdBtmH5QS9JOZE2qLyWDhhn09FD57KxNkYGoWvsx1s4sVAoevudH9b8JjfiadVsOVAUpc4_YJv0fjwsqVRCrB1FxWK_rrRDSVhGyY1i8B1xDmRyoaReZoDFhvDt8uG8SRXRQXIaoPUvDRAHWG6k8HpiuMpcM7P_6vzsg5MZRR0n_9CPLtU8RfTfIBb1DvLh5PgLKemo0cJhXsKuNcIDxJXpN=w800-h600-no\" alt=\"\" width=\"615\" height=\"546\" \/><\/a><\/p>\n","protected":false},"excerpt":{"rendered":"<p>M. Rosa Cortada ha escrit &#8220;L&#8217;escola que estimem&#8220;, un conte per explicar als nens i nenes de Seriny\u00e0 la hist\u00f2ria de la construcci\u00f3 de l\u2019edifici de l\u2019Ajuntament, ara fa cent anys. Aquest edifici havia d&#8217;acollir les sales consistorials, el jutjat, les escoles de nens i de nenes i les habitacions per a mestres. La construcci\u00f3 [&hellip;]<\/p>\n","protected":false},"author":1,"featured_media":0,"comment_status":"closed","ping_status":"closed","sticky":false,"template":"","format":"standard","meta":{"_bbp_topic_count":0,"_bbp_reply_count":0,"_bbp_total_topic_count":0,"_bbp_total_reply_count":0,"_bbp_voice_count":0,"_bbp_anonymous_reply_count":0,"_bbp_topic_count_hidden":0,"_bbp_reply_count_hidden":0,"_bbp_forum_subforum_count":0,"site-sidebar-layout":"default","site-content-layout":"","ast-site-content-layout":"","site-content-style":"default","site-sidebar-style":"default","ast-global-header-display":"","ast-banner-title-visibility":"","ast-main-header-display":"","ast-hfb-above-header-display":"","ast-hfb-below-header-display":"","ast-hfb-mobile-header-display":"","site-post-title":"","ast-breadcrumbs-content":"","ast-featured-img":"","footer-sml-layout":"","theme-transparent-header-meta":"","adv-header-id-meta":"","stick-header-meta":"","header-above-stick-meta":"","header-main-stick-meta":"","header-below-stick-meta":"","astra-migrate-meta-layouts":"default","ast-page-background-enabled":"default","ast-page-background-meta":{"desktop":{"background-color":"var(--ast-global-color-4)","background-image":"","background-repeat":"repeat","background-position":"center center","background-size":"auto","background-attachment":"scroll","background-type":"","background-media":"","overlay-type":"","overlay-color":"","overlay-opacity":"","overlay-gradient":""},"tablet":{"background-color":"","background-image":"","background-repeat":"repeat","background-position":"center center","background-size":"auto","background-attachment":"scroll","background-type":"","background-media":"","overlay-type":"","overlay-color":"","overlay-opacity":"","overlay-gradient":""},"mobile":{"background-color":"","background-image":"","background-repeat":"repeat","background-position":"center center","background-size":"auto","background-attachment":"scroll","background-type":"","background-media":"","overlay-type":"","overlay-color":"","overlay-opacity":"","overlay-gradient":""}},"ast-content-background-meta":{"desktop":{"background-color":"var(--ast-global-color-5)","background-image":"","background-repeat":"repeat","background-position":"center center","background-size":"auto","background-attachment":"scroll","background-type":"","background-media":"","overlay-type":"","overlay-color":"","overlay-opacity":"","overlay-gradient":""},"tablet":{"background-color":"var(--ast-global-color-5)","background-image":"","background-repeat":"repeat","background-position":"center center","background-size":"auto","background-attachment":"scroll","background-type":"","background-media":"","overlay-type":"","overlay-color":"","overlay-opacity":"","overlay-gradient":""},"mobile":{"background-color":"var(--ast-global-color-5)","background-image":"","background-repeat":"repeat","background-position":"center center","background-size":"auto","background-attachment":"scroll","background-type":"","background-media":"","overlay-type":"","overlay-color":"","overlay-opacity":"","overlay-gradient":""}},"footnotes":""},"categories":[60],"tags":[],"class_list":["post-2808","post","type-post","status-publish","format-standard","hentry","category-coneixemserinya"],"post_mailing_queue_ids":[],"_links":{"self":[{"href":"https:\/\/agora.xtec.cat\/escolaboragran\/wp-json\/wp\/v2\/posts\/2808","targetHints":{"allow":["GET"]}}],"collection":[{"href":"https:\/\/agora.xtec.cat\/escolaboragran\/wp-json\/wp\/v2\/posts"}],"about":[{"href":"https:\/\/agora.xtec.cat\/escolaboragran\/wp-json\/wp\/v2\/types\/post"}],"author":[{"embeddable":true,"href":"https:\/\/agora.xtec.cat\/escolaboragran\/wp-json\/wp\/v2\/users\/1"}],"replies":[{"embeddable":true,"href":"https:\/\/agora.xtec.cat\/escolaboragran\/wp-json\/wp\/v2\/comments?post=2808"}],"version-history":[{"count":4,"href":"https:\/\/agora.xtec.cat\/escolaboragran\/wp-json\/wp\/v2\/posts\/2808\/revisions"}],"predecessor-version":[{"id":3585,"href":"https:\/\/agora.xtec.cat\/escolaboragran\/wp-json\/wp\/v2\/posts\/2808\/revisions\/3585"}],"wp:attachment":[{"href":"https:\/\/agora.xtec.cat\/escolaboragran\/wp-json\/wp\/v2\/media?parent=2808"}],"wp:term":[{"taxonomy":"category","embeddable":true,"href":"https:\/\/agora.xtec.cat\/escolaboragran\/wp-json\/wp\/v2\/categories?post=2808"},{"taxonomy":"post_tag","embeddable":true,"href":"https:\/\/agora.xtec.cat\/escolaboragran\/wp-json\/wp\/v2\/tags?post=2808"}],"curies":[{"name":"wp","href":"https:\/\/api.w.org\/{rel}","templated":true}]}}