{"id":2795,"date":"2019-05-05T18:47:33","date_gmt":"2019-05-05T16:47:33","guid":{"rendered":"http:\/\/agora.xtec.cat\/escolaboragran\/?p=2795"},"modified":"2019-05-24T14:59:52","modified_gmt":"2019-05-24T12:59:52","slug":"pedalant-per-serinya","status":"publish","type":"post","link":"https:\/\/agora.xtec.cat\/escolaboragran\/coneixemserinya\/pedalant-per-serinya\/","title":{"rendered":"Pedalant per Seriny\u00e0"},"content":{"rendered":"<p style=\"text-align: justify;\">Els nens i les nenes de Cicle Mitj\u00e0 hem fet una bicicletada pel Pla de Mart\u00eds, amb cinc parades a diferents espais per fer activitats relacionades amb l\u2019entorn. Primer a l\u2019aer\u00f2drom del Pla de Mart\u00eds. Despr\u00e9s al Pont Medieval, la creu de terme i el rec d\u2019Espolla que, en aquests moments, est\u00e0 sec. En tercer lloc, al mon\u00f2lit a Sant Galderic, patr\u00f3 dels pagesos, el qual delimita els\u00a0 termes d&#8217;Esponell\u00e0, Seriny\u00e0, Fontcoberta i Porqueres. A continuaci\u00f3, al tur\u00f3 de Can Parella on hi ha les restes del Castell de Tei\u00e0 i a prop del qual passava el cam\u00ed ral (cam\u00ed principal del Rei). Per \u00faltim hem estat al Roure de la Creu, on hem apr\u00e8s una llegenda que gira entorn a aquest arbre.<br \/>\nEns ho hem passat molt b\u00e9 i hem apr\u00e8s m\u00e9s coses sobre el nostre poble, la seva hist\u00f2ria i la natura que l&#8217;envolta!<\/p>\n<p><a href=\"https:\/\/photos.google.com\/share\/AF1QipPoVdcoKsPBsMreGO3oucxWlrSnvn03NSodgqEt42qNGgfmZzzN09KlCGodL5184Q\/photo\/AF1QipNTUVbWA_iVgV3zzxe_tIwSl6UC5C5GNAoZ_5F7?key=VEdTUmRKTUdjRmxWcnFfdU9BNnZaQ0l0VGNiUU5R\" target=\"_blank\" rel=\"noopener noreferrer\"><img decoding=\"async\" class=\"aligncenter\" style=\"max-width: 300px; max-height: 300px;\" src=\"https:\/\/lh3.googleusercontent.com\/iW2Zy0Lc6BP7dUF3BWJPlmntMQGR-XsTK8RFyTg3K5ZTGlQyti2S1OOJJc6PeqnE-O1iSeGjkxSIpoX4J_kttxIwxJhC2_7-kbpLEKVYPW_0eW9Guxmcjh_SOt0gmomi3uJOCOeJDHz0BAmCkGjoHy8YbAXy1UFnjbmfDfO3BrSFs3ucWkYiq2Fj_7wmO1rk76OwHbqwx2XMaguwvwCwzafBkIr49lkzvnXb9pqS9CMoBth-tpGQrZf1mMGuXbEJVwcEqN3ASpPhjiF_Uy1rReBuHiZO-QQIWwE4WNAxYbhzrNLuM6CJeNBwklmtbiahtPiTKsXWwVZqPGXFVUgqc8yN5oQU5cFcl4ZmlHyN84yLQxxYLEnl4dEzEJ6g_U8IWhA9W-cKWHdDAefHUn_3lajOn2HH5ympp7iHTZ52hYwxkQ6NJEkGXAjrP-0u89LCnGWiQRuO0xgBK1Hr871nZzufZY-cq5B2EEFIB38w-Yeo-cFPb27PeAMYwO-2_H3t5WSgsa-UT3JpWhgYTfyuwDBaTcVw0IjpD2Fe9rksI6SD-wwgX9SQTEGjOrZ9qH3kWLIv0cCci9kWf-izU7kg-3xZJyUj4LoxuGlhr9_Cft60cefh2ACef216o9UJeNuNhroqsKP0yiFljlrVkv4R5YrNLYH4drDR=w800-h600-no\" \/><\/a><\/p>\n","protected":false},"excerpt":{"rendered":"<p>Els nens i les nenes de Cicle Mitj\u00e0 hem fet una bicicletada pel Pla de Mart\u00eds, amb cinc parades a diferents espais per fer activitats relacionades amb l\u2019entorn. Primer a l\u2019aer\u00f2drom del Pla de Mart\u00eds. Despr\u00e9s al Pont Medieval, la creu de terme i el rec d\u2019Espolla que, en aquests moments, est\u00e0 sec. En tercer [&hellip;]<\/p>\n","protected":false},"author":4,"featured_media":0,"comment_status":"closed","ping_status":"closed","sticky":false,"template":"","format":"standard","meta":{"_bbp_topic_count":0,"_bbp_reply_count":0,"_bbp_total_topic_count":0,"_bbp_total_reply_count":0,"_bbp_voice_count":0,"_bbp_anonymous_reply_count":0,"_bbp_topic_count_hidden":0,"_bbp_reply_count_hidden":0,"_bbp_forum_subforum_count":0,"site-sidebar-layout":"default","site-content-layout":"","ast-site-content-layout":"","site-content-style":"default","site-sidebar-style":"default","ast-global-header-display":"","ast-banner-title-visibility":"","ast-main-header-display":"","ast-hfb-above-header-display":"","ast-hfb-below-header-display":"","ast-hfb-mobile-header-display":"","site-post-title":"","ast-breadcrumbs-content":"","ast-featured-img":"","footer-sml-layout":"","theme-transparent-header-meta":"","adv-header-id-meta":"","stick-header-meta":"","header-above-stick-meta":"","header-main-stick-meta":"","header-below-stick-meta":"","astra-migrate-meta-layouts":"default","ast-page-background-enabled":"default","ast-page-background-meta":{"desktop":{"background-color":"var(--ast-global-color-4)","background-image":"","background-repeat":"repeat","background-position":"center center","background-size":"auto","background-attachment":"scroll","background-type":"","background-media":"","overlay-type":"","overlay-color":"","overlay-opacity":"","overlay-gradient":""},"tablet":{"background-color":"","background-image":"","background-repeat":"repeat","background-position":"center center","background-size":"auto","background-attachment":"scroll","background-type":"","background-media":"","overlay-type":"","overlay-color":"","overlay-opacity":"","overlay-gradient":""},"mobile":{"background-color":"","background-image":"","background-repeat":"repeat","background-position":"center center","background-size":"auto","background-attachment":"scroll","background-type":"","background-media":"","overlay-type":"","overlay-color":"","overlay-opacity":"","overlay-gradient":""}},"ast-content-background-meta":{"desktop":{"background-color":"var(--ast-global-color-5)","background-image":"","background-repeat":"repeat","background-position":"center center","background-size":"auto","background-attachment":"scroll","background-type":"","background-media":"","overlay-type":"","overlay-color":"","overlay-opacity":"","overlay-gradient":""},"tablet":{"background-color":"var(--ast-global-color-5)","background-image":"","background-repeat":"repeat","background-position":"center center","background-size":"auto","background-attachment":"scroll","background-type":"","background-media":"","overlay-type":"","overlay-color":"","overlay-opacity":"","overlay-gradient":""},"mobile":{"background-color":"var(--ast-global-color-5)","background-image":"","background-repeat":"repeat","background-position":"center center","background-size":"auto","background-attachment":"scroll","background-type":"","background-media":"","overlay-type":"","overlay-color":"","overlay-opacity":"","overlay-gradient":""}},"footnotes":""},"categories":[60],"tags":[],"class_list":["post-2795","post","type-post","status-publish","format-standard","hentry","category-coneixemserinya"],"post_mailing_queue_ids":[],"_links":{"self":[{"href":"https:\/\/agora.xtec.cat\/escolaboragran\/wp-json\/wp\/v2\/posts\/2795","targetHints":{"allow":["GET"]}}],"collection":[{"href":"https:\/\/agora.xtec.cat\/escolaboragran\/wp-json\/wp\/v2\/posts"}],"about":[{"href":"https:\/\/agora.xtec.cat\/escolaboragran\/wp-json\/wp\/v2\/types\/post"}],"author":[{"embeddable":true,"href":"https:\/\/agora.xtec.cat\/escolaboragran\/wp-json\/wp\/v2\/users\/4"}],"replies":[{"embeddable":true,"href":"https:\/\/agora.xtec.cat\/escolaboragran\/wp-json\/wp\/v2\/comments?post=2795"}],"version-history":[{"count":4,"href":"https:\/\/agora.xtec.cat\/escolaboragran\/wp-json\/wp\/v2\/posts\/2795\/revisions"}],"predecessor-version":[{"id":2908,"href":"https:\/\/agora.xtec.cat\/escolaboragran\/wp-json\/wp\/v2\/posts\/2795\/revisions\/2908"}],"wp:attachment":[{"href":"https:\/\/agora.xtec.cat\/escolaboragran\/wp-json\/wp\/v2\/media?parent=2795"}],"wp:term":[{"taxonomy":"category","embeddable":true,"href":"https:\/\/agora.xtec.cat\/escolaboragran\/wp-json\/wp\/v2\/categories?post=2795"},{"taxonomy":"post_tag","embeddable":true,"href":"https:\/\/agora.xtec.cat\/escolaboragran\/wp-json\/wp\/v2\/tags?post=2795"}],"curies":[{"name":"wp","href":"https:\/\/api.w.org\/{rel}","templated":true}]}}