{"id":2520,"date":"2019-02-15T13:46:59","date_gmt":"2019-02-15T12:46:59","guid":{"rendered":"http:\/\/agora.xtec.cat\/escolaboragran\/?p=2520"},"modified":"2019-02-28T16:16:15","modified_gmt":"2019-02-28T15:16:15","slug":"llegim-leemos-reading-in-pairs","status":"publish","type":"post","link":"https:\/\/agora.xtec.cat\/escolaboragran\/llegim-i-escrivim\/llegim-leemos-reading-in-pairs\/","title":{"rendered":"Llegim, leemos, reading in pairs"},"content":{"rendered":"<p><a href=\"https:\/\/photos.google.com\/share\/AF1QipO5trCvFrqNk-v4RN7PhXy_9WLN0PjD4zv42KLq5tmLGHFSXjVDEcJzB-TCPeWhqg\/photo\/AF1QipNpxwfo7DYh2rrhKoQnGV0jFXUm9q2TIXG4AEUd?key=YUI1c0VUbnl1ZHVLeWRzWW1PNmhyNXBPZWtFWXVn\" target=\"_blank\" rel=\"noopener\"><img decoding=\"async\" class=\"aligncenter\" style=\"max-width: 300px; max-height: 300px;\" src=\"https:\/\/lh3.googleusercontent.com\/JuT_cGr3myF9SN0ZFGXvtkv_EncK5ng_yD05ngzii87VTySci8Sr5z51Qh8MLTK68Dut2xumfXIdxYbyyVIbWQMVqe6Gw96m93Yf_2culLJCXz6gqDR6cBNzeooc76Gb0bq0TUD-Y8HRQ8ou6_PhYmPk03FbVo_YNLVcQT2yHS9ciaOp6UURhLYtoON4QcT3LJIv2pg0yjBv7NuxJ4h_pdUFWQo7XpkK4VHWelIY16IddNQvW6Lqdl8uaZ8awyby6HE5-IOmmTZ1WBZ3UYI2geheBm2PUXrjE0MQDj72KJR9l-hQ17G8FHP8B0yc75dRTkjvDk49h74Sx9k57Y6h8P1dxnTe_eGRVI_aBitJrLn2XXAQKLRwaL-uD0_AH80hZA700ljqvRupiPhts8BJNwKncpZNHty_wONhewis6kqHTnw7W-OH49l_XGBsWz4eWZjC9BTDo8aVplNHHbM2qVDqSCcmYtG4trusQg8McQk5ptP9Y0j7a7k2uBW07CLKRQTBCi9KLOEIGjT-FT_FxoL_9AEbPWrg_h_jJdzwGBEeK5D1hqn00S_m5va_7dYAEDIqbov_7WNz7G-royWmKXHiACgZIKQkRnUcJ14dieyldrCF1vj0-0mEKYMTm-7_ELKCzcLzQ6ARf5Fxkfic10DSlMrMtP_pAZJhQLvwKIljFUFW9rzF31wFG-xVh6ia8EobFL8k6UWUrU59NCvLqGe7ng=w800-h600-no\" \/><\/a><\/p>\n<p style=\"text-align: justify;\">Continuem amb el programa de lectura <strong>Llegir en parella <\/strong>que fem en catal\u00e0 a CM, en castell\u00e0 a 5\u00e8 i en angl\u00e8s a 6\u00e8. Es dur\u00e0 a terme aquest segon trimestre durant una sessi\u00f3 setmanal.<br \/>\nLa M\u00f2nica, mare d\u2019un dels alumnes, col\u00b7labora amb el grup de 6\u00e8 i cada setmana ve a fer de tutora a un alumne diferent. Apreciem molt aquesta intervenci\u00f3 ja que pels alumnes \u00e9s una motivaci\u00f3 afegida i una oportunitat m\u00e9s d\u2019atenci\u00f3 individualitzada. Estem molt agra\u00efts. <strong>Thank you, M\u00f2nica!! <\/strong><br \/>\nEstem contents del bon funcionament d\u2019aquesta activitat i de la millora dels resultats en comprensi\u00f3 lectora.<\/p>\n","protected":false},"excerpt":{"rendered":"<p>Continuem amb el programa de lectura Llegir en parella que fem en catal\u00e0 a CM, en castell\u00e0 a 5\u00e8 i en angl\u00e8s a 6\u00e8. Es dur\u00e0 a terme aquest segon trimestre durant una sessi\u00f3 setmanal. La M\u00f2nica, mare d\u2019un dels alumnes, col\u00b7labora amb el grup de 6\u00e8 i cada setmana ve a fer de tutora [&hellip;]<\/p>\n","protected":false},"author":6,"featured_media":0,"comment_status":"closed","ping_status":"closed","sticky":false,"template":"","format":"standard","meta":{"_bbp_topic_count":0,"_bbp_reply_count":0,"_bbp_total_topic_count":0,"_bbp_total_reply_count":0,"_bbp_voice_count":0,"_bbp_anonymous_reply_count":0,"_bbp_topic_count_hidden":0,"_bbp_reply_count_hidden":0,"_bbp_forum_subforum_count":0,"site-sidebar-layout":"default","site-content-layout":"","ast-site-content-layout":"","site-content-style":"default","site-sidebar-style":"default","ast-global-header-display":"","ast-banner-title-visibility":"","ast-main-header-display":"","ast-hfb-above-header-display":"","ast-hfb-below-header-display":"","ast-hfb-mobile-header-display":"","site-post-title":"","ast-breadcrumbs-content":"","ast-featured-img":"","footer-sml-layout":"","theme-transparent-header-meta":"","adv-header-id-meta":"","stick-header-meta":"","header-above-stick-meta":"","header-main-stick-meta":"","header-below-stick-meta":"","astra-migrate-meta-layouts":"default","ast-page-background-enabled":"default","ast-page-background-meta":{"desktop":{"background-color":"var(--ast-global-color-4)","background-image":"","background-repeat":"repeat","background-position":"center center","background-size":"auto","background-attachment":"scroll","background-type":"","background-media":"","overlay-type":"","overlay-color":"","overlay-opacity":"","overlay-gradient":""},"tablet":{"background-color":"","background-image":"","background-repeat":"repeat","background-position":"center center","background-size":"auto","background-attachment":"scroll","background-type":"","background-media":"","overlay-type":"","overlay-color":"","overlay-opacity":"","overlay-gradient":""},"mobile":{"background-color":"","background-image":"","background-repeat":"repeat","background-position":"center center","background-size":"auto","background-attachment":"scroll","background-type":"","background-media":"","overlay-type":"","overlay-color":"","overlay-opacity":"","overlay-gradient":""}},"ast-content-background-meta":{"desktop":{"background-color":"var(--ast-global-color-5)","background-image":"","background-repeat":"repeat","background-position":"center center","background-size":"auto","background-attachment":"scroll","background-type":"","background-media":"","overlay-type":"","overlay-color":"","overlay-opacity":"","overlay-gradient":""},"tablet":{"background-color":"var(--ast-global-color-5)","background-image":"","background-repeat":"repeat","background-position":"center center","background-size":"auto","background-attachment":"scroll","background-type":"","background-media":"","overlay-type":"","overlay-color":"","overlay-opacity":"","overlay-gradient":""},"mobile":{"background-color":"var(--ast-global-color-5)","background-image":"","background-repeat":"repeat","background-position":"center center","background-size":"auto","background-attachment":"scroll","background-type":"","background-media":"","overlay-type":"","overlay-color":"","overlay-opacity":"","overlay-gradient":""}},"footnotes":""},"categories":[61],"tags":[],"class_list":["post-2520","post","type-post","status-publish","format-standard","hentry","category-llegim-i-escrivim"],"post_mailing_queue_ids":[],"_links":{"self":[{"href":"https:\/\/agora.xtec.cat\/escolaboragran\/wp-json\/wp\/v2\/posts\/2520","targetHints":{"allow":["GET"]}}],"collection":[{"href":"https:\/\/agora.xtec.cat\/escolaboragran\/wp-json\/wp\/v2\/posts"}],"about":[{"href":"https:\/\/agora.xtec.cat\/escolaboragran\/wp-json\/wp\/v2\/types\/post"}],"author":[{"embeddable":true,"href":"https:\/\/agora.xtec.cat\/escolaboragran\/wp-json\/wp\/v2\/users\/6"}],"replies":[{"embeddable":true,"href":"https:\/\/agora.xtec.cat\/escolaboragran\/wp-json\/wp\/v2\/comments?post=2520"}],"version-history":[{"count":3,"href":"https:\/\/agora.xtec.cat\/escolaboragran\/wp-json\/wp\/v2\/posts\/2520\/revisions"}],"predecessor-version":[{"id":2526,"href":"https:\/\/agora.xtec.cat\/escolaboragran\/wp-json\/wp\/v2\/posts\/2520\/revisions\/2526"}],"wp:attachment":[{"href":"https:\/\/agora.xtec.cat\/escolaboragran\/wp-json\/wp\/v2\/media?parent=2520"}],"wp:term":[{"taxonomy":"category","embeddable":true,"href":"https:\/\/agora.xtec.cat\/escolaboragran\/wp-json\/wp\/v2\/categories?post=2520"},{"taxonomy":"post_tag","embeddable":true,"href":"https:\/\/agora.xtec.cat\/escolaboragran\/wp-json\/wp\/v2\/tags?post=2520"}],"curies":[{"name":"wp","href":"https:\/\/api.w.org\/{rel}","templated":true}]}}