{"id":2318,"date":"2018-11-25T13:40:39","date_gmt":"2018-11-25T12:40:39","guid":{"rendered":"http:\/\/agora.xtec.cat\/escolaboragran\/?p=2318"},"modified":"2018-12-16T20:06:30","modified_gmt":"2018-12-16T19:06:30","slug":"intercanvi-de-llibres","status":"publish","type":"post","link":"https:\/\/agora.xtec.cat\/escolaboragran\/llegim-i-escrivim\/intercanvi-de-llibres\/","title":{"rendered":"Intercanvi de llibres"},"content":{"rendered":"<p style=\"text-align: justify;\">Aquest curs hem iniciat una nova activitat per anar potenciant el gust per la lectura entre els nens i nenes.<br \/>\nEs tracta d\u2019un punt d\u2019intercanvi lliure de llibres. Gr\u00e0cies a la participaci\u00f3 de les fam\u00edlies en la donaci\u00f3 de llibres per a aquesta activitat, tenim un munt de lectures per gaudir.<br \/>\nProperament posarem un nom a aquest punt d\u2019intercanvi. Ja us anirem informant\u2026<\/p>\n<p><a href=\"https:\/\/photos.google.com\/share\/AF1QipOnOxDXi_SjBzM-P3D6HxJAKbNkss1RG_-VE9jUk83Fg2cVNdZNY_ZYY42KWXIBmw\/photo\/AF1QipN4yv1L_9HK8c7duQbMl_T_0XsXrtqn3uK1RXc3?key=NlRpM0EwZWgtYzZCTUVoel9aSXRMWlpYdDRTM1dn\" target=\"_blank\" rel=\"noopener\"><img decoding=\"async\" class=\"aligncenter\" style=\"max-width: 300px; max-height: 300px;\" src=\"https:\/\/lh3.googleusercontent.com\/T0jVE-5zizq3W8NKhDpIElSoA5F1o6l9b7XhC8PLRchtKU1VdgMB4ljj8xzZVJAgIi8aEBx807JtOPlly5WQM356K_cPfMBz2YX8xQM8zncQHr9pZFJtp4YhmCL22IMuCTaGdom9-bM6U8_tvCMDlK7ET_EVIJnYU0s5j3N0BGwOoaO9aZk3Ng-wDMA0Nn1jzTJSlSBF8wOmtBvlQ0UpoaJ435ig7r0fk3UBEPr_vIbto81jo5GTiOxC_fNtv9yCsFpsKDe_Ja82omoILdkZmzD6aDPuRYxVIEu5FQJkjvItwo_kg9ZIWrN7TonKUjJoqz7ezHhTecozSqk1-PalA7QJV2oT83lMNH9A8x5KbXGJVBxt5jdLu3A_gkccQt5JAO7woYwsqUOOsLPavlmZs9qw7u7tLPVrgR5JgFNzucstMvIj6CrSdYeM6fYruKLCyEmLn2McVKo8O79tyOk0y7qVKLWtMa-YaNenDjRxFuLPOgKmWn1KrruQ-ahQ0Onqb7a4PL2Le435btHGKQ_GwY_8tQYkxxkf5oxnpx17QbRyLN4Oxo3WqsLZpdEOmI5Gw1JFsqeYxIA_IdLXPUKC5ZEH6oTUASsuM33nL3265GEaZl8hc89SlRBILu2LqF8VOmUmLepmgV4MhBiT83X7PCZ01lToOoiPb2BFRAWdnxxezFlLvZ0Q__Y7ll_xHaj8Jvnm7q6llDj3EcWaJrY=w800-h600-no\" \/><\/a><\/p>\n","protected":false},"excerpt":{"rendered":"<p>Aquest curs hem iniciat una nova activitat per anar potenciant el gust per la lectura entre els nens i nenes. Es tracta d\u2019un punt d\u2019intercanvi lliure de llibres. Gr\u00e0cies a la participaci\u00f3 de les fam\u00edlies en la donaci\u00f3 de llibres per a aquesta activitat, tenim un munt de lectures per gaudir. Properament posarem un nom [&hellip;]<\/p>\n","protected":false},"author":6,"featured_media":0,"comment_status":"closed","ping_status":"closed","sticky":false,"template":"","format":"standard","meta":{"_bbp_topic_count":0,"_bbp_reply_count":0,"_bbp_total_topic_count":0,"_bbp_total_reply_count":0,"_bbp_voice_count":0,"_bbp_anonymous_reply_count":0,"_bbp_topic_count_hidden":0,"_bbp_reply_count_hidden":0,"_bbp_forum_subforum_count":0,"site-sidebar-layout":"default","site-content-layout":"","ast-site-content-layout":"","site-content-style":"default","site-sidebar-style":"default","ast-global-header-display":"","ast-banner-title-visibility":"","ast-main-header-display":"","ast-hfb-above-header-display":"","ast-hfb-below-header-display":"","ast-hfb-mobile-header-display":"","site-post-title":"","ast-breadcrumbs-content":"","ast-featured-img":"","footer-sml-layout":"","theme-transparent-header-meta":"","adv-header-id-meta":"","stick-header-meta":"","header-above-stick-meta":"","header-main-stick-meta":"","header-below-stick-meta":"","astra-migrate-meta-layouts":"default","ast-page-background-enabled":"default","ast-page-background-meta":{"desktop":{"background-color":"var(--ast-global-color-4)","background-image":"","background-repeat":"repeat","background-position":"center center","background-size":"auto","background-attachment":"scroll","background-type":"","background-media":"","overlay-type":"","overlay-color":"","overlay-opacity":"","overlay-gradient":""},"tablet":{"background-color":"","background-image":"","background-repeat":"repeat","background-position":"center center","background-size":"auto","background-attachment":"scroll","background-type":"","background-media":"","overlay-type":"","overlay-color":"","overlay-opacity":"","overlay-gradient":""},"mobile":{"background-color":"","background-image":"","background-repeat":"repeat","background-position":"center center","background-size":"auto","background-attachment":"scroll","background-type":"","background-media":"","overlay-type":"","overlay-color":"","overlay-opacity":"","overlay-gradient":""}},"ast-content-background-meta":{"desktop":{"background-color":"var(--ast-global-color-5)","background-image":"","background-repeat":"repeat","background-position":"center center","background-size":"auto","background-attachment":"scroll","background-type":"","background-media":"","overlay-type":"","overlay-color":"","overlay-opacity":"","overlay-gradient":""},"tablet":{"background-color":"var(--ast-global-color-5)","background-image":"","background-repeat":"repeat","background-position":"center center","background-size":"auto","background-attachment":"scroll","background-type":"","background-media":"","overlay-type":"","overlay-color":"","overlay-opacity":"","overlay-gradient":""},"mobile":{"background-color":"var(--ast-global-color-5)","background-image":"","background-repeat":"repeat","background-position":"center center","background-size":"auto","background-attachment":"scroll","background-type":"","background-media":"","overlay-type":"","overlay-color":"","overlay-opacity":"","overlay-gradient":""}},"footnotes":""},"categories":[61],"tags":[],"class_list":["post-2318","post","type-post","status-publish","format-standard","hentry","category-llegim-i-escrivim"],"post_mailing_queue_ids":[],"_links":{"self":[{"href":"https:\/\/agora.xtec.cat\/escolaboragran\/wp-json\/wp\/v2\/posts\/2318","targetHints":{"allow":["GET"]}}],"collection":[{"href":"https:\/\/agora.xtec.cat\/escolaboragran\/wp-json\/wp\/v2\/posts"}],"about":[{"href":"https:\/\/agora.xtec.cat\/escolaboragran\/wp-json\/wp\/v2\/types\/post"}],"author":[{"embeddable":true,"href":"https:\/\/agora.xtec.cat\/escolaboragran\/wp-json\/wp\/v2\/users\/6"}],"replies":[{"embeddable":true,"href":"https:\/\/agora.xtec.cat\/escolaboragran\/wp-json\/wp\/v2\/comments?post=2318"}],"version-history":[{"count":3,"href":"https:\/\/agora.xtec.cat\/escolaboragran\/wp-json\/wp\/v2\/posts\/2318\/revisions"}],"predecessor-version":[{"id":2322,"href":"https:\/\/agora.xtec.cat\/escolaboragran\/wp-json\/wp\/v2\/posts\/2318\/revisions\/2322"}],"wp:attachment":[{"href":"https:\/\/agora.xtec.cat\/escolaboragran\/wp-json\/wp\/v2\/media?parent=2318"}],"wp:term":[{"taxonomy":"category","embeddable":true,"href":"https:\/\/agora.xtec.cat\/escolaboragran\/wp-json\/wp\/v2\/categories?post=2318"},{"taxonomy":"post_tag","embeddable":true,"href":"https:\/\/agora.xtec.cat\/escolaboragran\/wp-json\/wp\/v2\/tags?post=2318"}],"curies":[{"name":"wp","href":"https:\/\/api.w.org\/{rel}","templated":true}]}}