{"id":2237,"date":"2018-11-11T14:06:05","date_gmt":"2018-11-11T13:06:05","guid":{"rendered":"http:\/\/agora.xtec.cat\/escolaboragran\/?p=2237"},"modified":"2018-11-16T17:23:07","modified_gmt":"2018-11-16T16:23:07","slug":"de-nou-la-castanyera","status":"publish","type":"post","link":"https:\/\/agora.xtec.cat\/escolaboragran\/festes-i-celebracions\/de-nou-la-castanyera\/","title":{"rendered":"De nou, la Castanyera"},"content":{"rendered":"<p style=\"text-align: justify;\">Malgrat la pluja i el fred, la Castanyera ha passat per la nostra escola. Ha arribat ben abrigada i tamb\u00e9 ben refredada. Al grup dels petits ens ha mostrat els fruits de tardor que porta en el seu cistell i ens ha explicat un divertit conte d&#8217;un eri\u00e7\u00f3, un pell\u00f3, una castanya i un cuc. Al grup de primer i segon ens ha parlat de la import\u00e0ncia de tenir cura de la natura.<\/p>\n<p><a href=\"https:\/\/photos.google.com\/share\/AF1QipOU1jt6egcMy2SrLwEf4ywXtgJumCXkR4dcyxj6a5kQgE4n0iQsVBICaf2SZDM1-g\/photo\/AF1QipPjQubEft0Q0XZT9HJEiZmLu76xJDVVR7vVa23u?key=bUk4dmpyMmVocWhzeER3QUxKRmZQYTZpeVJtVmFB&amp;hl=ca\" target=\"_blank\" rel=\"noopener\"><img loading=\"lazy\" decoding=\"async\" class=\"aligncenter\" style=\"max-width: 300px; max-height: 300px;\" src=\"https:\/\/lh3.googleusercontent.com\/Gs1Y5YQqUc2s6y4rjMpbv2ZKpdTQfAf2Hw9DsYmDhX7RyzFMFmit-aiCHsNYFwEJKgF9ba7rqDpTLUz_n2gGbYC1hPwZ3vnCgukQKZwjP3tK2PSSYEiJMzF18oZNsBwedmYdhMkFsQJNc1aa2btbiDqyGMFV-KEj6wLLyc4_7XXsjy_7jp7TzSGIhDdFmUopqufkFf9j4YaZp8ePjDkWxNKeAzARr-ZeKNFWHy7GPq7Hfy3xIRqcz01pcKVv8cgM1lw4RaJolMtQlgVTWtnfmhjFPwR6X1NFjxTRyVArAw7rAioukcL0UTqnbLvV1T34MwXebL3TeAGz8Bd8jAVUtV0eIM4Qbs10TcPMLUe61JMWAvWLO8wQ9UrQS0AcdcBDIw_oGt_Iv2lVgXXePD2c2RLFaOLvqiVgdf_7H2OvaOaVgISf3XUhO9txCYVPbVx8kI5GnUtuy8Zdd4gNPTx6NgFBMI_NdC-MM-GJEaf0ftz2QCYV39Gb0nhCRy2zW_4SiPGBOOK1LI1vkABWFddlmNpw90HKH7Z6_xn3hLgNIfFp88yJxOHaejE3ofrnYF7EOVHLTNqBJdELlPeCsPkoILiyViUA405LzNNqcmf-BuQ2PJWSshu96GuTEw6XtOZZiVlL_4WOixBlWvhUZfo3X0UK4NvTgIdD_3zu0dlbSaai9H6TiHif_fJRBAuulGrQvg3aY-OeMRVf39cpFdVejBkCl8mh-iRqnEZF_XA=w800-h600-no\" alt=\"\" width=\"616\" height=\"462\" \/><\/a><\/p>\n","protected":false},"excerpt":{"rendered":"<p>Malgrat la pluja i el fred, la Castanyera ha passat per la nostra escola. Ha arribat ben abrigada i tamb\u00e9 ben refredada. Al grup dels petits ens ha mostrat els fruits de tardor que porta en el seu cistell i ens ha explicat un divertit conte d&#8217;un eri\u00e7\u00f3, un pell\u00f3, una castanya i un cuc. [&hellip;]<\/p>\n","protected":false},"author":6,"featured_media":0,"comment_status":"closed","ping_status":"closed","sticky":false,"template":"","format":"standard","meta":{"_bbp_topic_count":0,"_bbp_reply_count":0,"_bbp_total_topic_count":0,"_bbp_total_reply_count":0,"_bbp_voice_count":0,"_bbp_anonymous_reply_count":0,"_bbp_topic_count_hidden":0,"_bbp_reply_count_hidden":0,"_bbp_forum_subforum_count":0,"site-sidebar-layout":"default","site-content-layout":"","ast-site-content-layout":"","site-content-style":"default","site-sidebar-style":"default","ast-global-header-display":"","ast-banner-title-visibility":"","ast-main-header-display":"","ast-hfb-above-header-display":"","ast-hfb-below-header-display":"","ast-hfb-mobile-header-display":"","site-post-title":"","ast-breadcrumbs-content":"","ast-featured-img":"","footer-sml-layout":"","theme-transparent-header-meta":"","adv-header-id-meta":"","stick-header-meta":"","header-above-stick-meta":"","header-main-stick-meta":"","header-below-stick-meta":"","astra-migrate-meta-layouts":"default","ast-page-background-enabled":"default","ast-page-background-meta":{"desktop":{"background-color":"var(--ast-global-color-4)","background-image":"","background-repeat":"repeat","background-position":"center center","background-size":"auto","background-attachment":"scroll","background-type":"","background-media":"","overlay-type":"","overlay-color":"","overlay-opacity":"","overlay-gradient":""},"tablet":{"background-color":"","background-image":"","background-repeat":"repeat","background-position":"center center","background-size":"auto","background-attachment":"scroll","background-type":"","background-media":"","overlay-type":"","overlay-color":"","overlay-opacity":"","overlay-gradient":""},"mobile":{"background-color":"","background-image":"","background-repeat":"repeat","background-position":"center center","background-size":"auto","background-attachment":"scroll","background-type":"","background-media":"","overlay-type":"","overlay-color":"","overlay-opacity":"","overlay-gradient":""}},"ast-content-background-meta":{"desktop":{"background-color":"var(--ast-global-color-5)","background-image":"","background-repeat":"repeat","background-position":"center center","background-size":"auto","background-attachment":"scroll","background-type":"","background-media":"","overlay-type":"","overlay-color":"","overlay-opacity":"","overlay-gradient":""},"tablet":{"background-color":"var(--ast-global-color-5)","background-image":"","background-repeat":"repeat","background-position":"center center","background-size":"auto","background-attachment":"scroll","background-type":"","background-media":"","overlay-type":"","overlay-color":"","overlay-opacity":"","overlay-gradient":""},"mobile":{"background-color":"var(--ast-global-color-5)","background-image":"","background-repeat":"repeat","background-position":"center center","background-size":"auto","background-attachment":"scroll","background-type":"","background-media":"","overlay-type":"","overlay-color":"","overlay-opacity":"","overlay-gradient":""}},"footnotes":""},"categories":[63],"tags":[],"class_list":["post-2237","post","type-post","status-publish","format-standard","hentry","category-festes-i-celebracions"],"post_mailing_queue_ids":[],"_links":{"self":[{"href":"https:\/\/agora.xtec.cat\/escolaboragran\/wp-json\/wp\/v2\/posts\/2237","targetHints":{"allow":["GET"]}}],"collection":[{"href":"https:\/\/agora.xtec.cat\/escolaboragran\/wp-json\/wp\/v2\/posts"}],"about":[{"href":"https:\/\/agora.xtec.cat\/escolaboragran\/wp-json\/wp\/v2\/types\/post"}],"author":[{"embeddable":true,"href":"https:\/\/agora.xtec.cat\/escolaboragran\/wp-json\/wp\/v2\/users\/6"}],"replies":[{"embeddable":true,"href":"https:\/\/agora.xtec.cat\/escolaboragran\/wp-json\/wp\/v2\/comments?post=2237"}],"version-history":[{"count":3,"href":"https:\/\/agora.xtec.cat\/escolaboragran\/wp-json\/wp\/v2\/posts\/2237\/revisions"}],"predecessor-version":[{"id":2260,"href":"https:\/\/agora.xtec.cat\/escolaboragran\/wp-json\/wp\/v2\/posts\/2237\/revisions\/2260"}],"wp:attachment":[{"href":"https:\/\/agora.xtec.cat\/escolaboragran\/wp-json\/wp\/v2\/media?parent=2237"}],"wp:term":[{"taxonomy":"category","embeddable":true,"href":"https:\/\/agora.xtec.cat\/escolaboragran\/wp-json\/wp\/v2\/categories?post=2237"},{"taxonomy":"post_tag","embeddable":true,"href":"https:\/\/agora.xtec.cat\/escolaboragran\/wp-json\/wp\/v2\/tags?post=2237"}],"curies":[{"name":"wp","href":"https:\/\/api.w.org\/{rel}","templated":true}]}}