{"id":2204,"date":"2018-10-19T13:10:44","date_gmt":"2018-10-19T11:10:44","guid":{"rendered":"http:\/\/agora.xtec.cat\/escolaboragran\/?p=2204"},"modified":"2018-11-11T19:16:37","modified_gmt":"2018-11-11T18:16:37","slug":"la-nostra-primera-assemblea","status":"publish","type":"post","link":"https:\/\/agora.xtec.cat\/escolaboragran\/assemblees\/la-nostra-primera-assemblea\/","title":{"rendered":"La nostra primera assemblea"},"content":{"rendered":"<p style=\"text-align: justify;\">En la nostra primera assemblea vam donar la benvinguda a tothom pel nou curs. Vam cantar algunes can\u00e7ons i vam explicar el funcionament de l\u2019intercanvi de llibres. Abans d\u2019acabar vam repartir unes banderoles de la campanya c\u00edvica de l\u2019Ajuntament. Va ser molt divertida i molt treballada, ens vam esfor\u00e7ar molt perqu\u00e8 tot sort\u00eds b\u00e9!<\/p>\n<p style=\"text-align: center;\"><a href=\"https:\/\/photos.google.com\/share\/AF1QipPgoOF2q5JatdHDAOULZSIBRpUfPDfAqv_w6wQPk8v-fzN9zwqfSfx4UDsXVIDKNQ\/photo\/AF1QipMEVXHAqL4fS9af80TmNqzgnRvxEWZkimawyCoX?key=SXg4MUlsV0ItNGRuUFRGM21qemMzUjZxTHpENTFB\" target=\"_blank\" rel=\"noopener\"><img decoding=\"async\" class=\"aligncenter\" style=\"max-width: 300px; max-height: 300px;\" src=\"https:\/\/lh3.googleusercontent.com\/m8vf6uxQShUbLSIx53OBQZYbNoXtVePi81u-Br5Q3g8avYUxcgaHvuU0OlS9sz01GpldJi49EIVdM5tBsM0qby6KLNhNQL0ZynziO-IeEnpVGZZxhLnvSSNIK_Av75MvhpykwwOZDYiFFYTVrWK_kizO97obDjRJqUvKSTazXXCYFMXel9dKHRzHkqr7gqSdwTW3r9EfXJYu7IN4HyNAfywdhgzzu1iPdX5p7UBzOME-uImL96qzOFjzbclwa0NoJXi6r12glvgrekFin7MzTe6lOQXvkR6pnGZ2jNX2lyvHwKDIFSGBZm3jRp7hy7JVqDpJYVEkIyDgwPal8BSvrKpfqvV4ckLui5K7vqvvXanagrkX8zjkfn04_K5sulKt2q7Gp58BB3unHfmWCQXdX6uh31GfA5P8NOn4gy7F3Uw5JTm-Iqfg2_yGKCFhknr_0WZm5tkerlcq2y1c1BVUZdsk9_kciMUZdCxS10DFPccS4NG28TSEwprnno77TqJ0VVGPlpK-r_FBRvfnjnTfWmwBCQjgXSqyLAh-iUial1Dxg-3kARIFSuBvH3GwbSiagW4N0quhY3nl6rUvPRTWDHv-jjdaFHrXrEfBTMZBC7RCNyX-B6-n_foUCGWIViPVTFgA1zRaG-o2P1BCbQQDOYGF8eoRu3EUpCXLGSvfDjAU7zxcndo5N-rYM8mlcv2vbjNxZbayrHGOZrbKx_g=w800-h600-no\" \/><\/a>Responsables de la 1a assemblea<\/p>\n","protected":false},"excerpt":{"rendered":"<p>En la nostra primera assemblea vam donar la benvinguda a tothom pel nou curs. Vam cantar algunes can\u00e7ons i vam explicar el funcionament de l\u2019intercanvi de llibres. Abans d\u2019acabar vam repartir unes banderoles de la campanya c\u00edvica de l\u2019Ajuntament. Va ser molt divertida i molt treballada, ens vam esfor\u00e7ar molt perqu\u00e8 tot sort\u00eds b\u00e9! Responsables [&hellip;]<\/p>\n","protected":false},"author":4,"featured_media":0,"comment_status":"closed","ping_status":"closed","sticky":false,"template":"","format":"standard","meta":{"_bbp_topic_count":0,"_bbp_reply_count":0,"_bbp_total_topic_count":0,"_bbp_total_reply_count":0,"_bbp_voice_count":0,"_bbp_anonymous_reply_count":0,"_bbp_topic_count_hidden":0,"_bbp_reply_count_hidden":0,"_bbp_forum_subforum_count":0,"site-sidebar-layout":"default","site-content-layout":"","ast-site-content-layout":"","site-content-style":"default","site-sidebar-style":"default","ast-global-header-display":"","ast-banner-title-visibility":"","ast-main-header-display":"","ast-hfb-above-header-display":"","ast-hfb-below-header-display":"","ast-hfb-mobile-header-display":"","site-post-title":"","ast-breadcrumbs-content":"","ast-featured-img":"","footer-sml-layout":"","theme-transparent-header-meta":"","adv-header-id-meta":"","stick-header-meta":"","header-above-stick-meta":"","header-main-stick-meta":"","header-below-stick-meta":"","astra-migrate-meta-layouts":"default","ast-page-background-enabled":"default","ast-page-background-meta":{"desktop":{"background-color":"var(--ast-global-color-4)","background-image":"","background-repeat":"repeat","background-position":"center center","background-size":"auto","background-attachment":"scroll","background-type":"","background-media":"","overlay-type":"","overlay-color":"","overlay-opacity":"","overlay-gradient":""},"tablet":{"background-color":"","background-image":"","background-repeat":"repeat","background-position":"center center","background-size":"auto","background-attachment":"scroll","background-type":"","background-media":"","overlay-type":"","overlay-color":"","overlay-opacity":"","overlay-gradient":""},"mobile":{"background-color":"","background-image":"","background-repeat":"repeat","background-position":"center center","background-size":"auto","background-attachment":"scroll","background-type":"","background-media":"","overlay-type":"","overlay-color":"","overlay-opacity":"","overlay-gradient":""}},"ast-content-background-meta":{"desktop":{"background-color":"var(--ast-global-color-5)","background-image":"","background-repeat":"repeat","background-position":"center center","background-size":"auto","background-attachment":"scroll","background-type":"","background-media":"","overlay-type":"","overlay-color":"","overlay-opacity":"","overlay-gradient":""},"tablet":{"background-color":"var(--ast-global-color-5)","background-image":"","background-repeat":"repeat","background-position":"center center","background-size":"auto","background-attachment":"scroll","background-type":"","background-media":"","overlay-type":"","overlay-color":"","overlay-opacity":"","overlay-gradient":""},"mobile":{"background-color":"var(--ast-global-color-5)","background-image":"","background-repeat":"repeat","background-position":"center center","background-size":"auto","background-attachment":"scroll","background-type":"","background-media":"","overlay-type":"","overlay-color":"","overlay-opacity":"","overlay-gradient":""}},"footnotes":""},"categories":[59],"tags":[],"class_list":["post-2204","post","type-post","status-publish","format-standard","hentry","category-assemblees"],"post_mailing_queue_ids":[],"_links":{"self":[{"href":"https:\/\/agora.xtec.cat\/escolaboragran\/wp-json\/wp\/v2\/posts\/2204","targetHints":{"allow":["GET"]}}],"collection":[{"href":"https:\/\/agora.xtec.cat\/escolaboragran\/wp-json\/wp\/v2\/posts"}],"about":[{"href":"https:\/\/agora.xtec.cat\/escolaboragran\/wp-json\/wp\/v2\/types\/post"}],"author":[{"embeddable":true,"href":"https:\/\/agora.xtec.cat\/escolaboragran\/wp-json\/wp\/v2\/users\/4"}],"replies":[{"embeddable":true,"href":"https:\/\/agora.xtec.cat\/escolaboragran\/wp-json\/wp\/v2\/comments?post=2204"}],"version-history":[{"count":3,"href":"https:\/\/agora.xtec.cat\/escolaboragran\/wp-json\/wp\/v2\/posts\/2204\/revisions"}],"predecessor-version":[{"id":2224,"href":"https:\/\/agora.xtec.cat\/escolaboragran\/wp-json\/wp\/v2\/posts\/2204\/revisions\/2224"}],"wp:attachment":[{"href":"https:\/\/agora.xtec.cat\/escolaboragran\/wp-json\/wp\/v2\/media?parent=2204"}],"wp:term":[{"taxonomy":"category","embeddable":true,"href":"https:\/\/agora.xtec.cat\/escolaboragran\/wp-json\/wp\/v2\/categories?post=2204"},{"taxonomy":"post_tag","embeddable":true,"href":"https:\/\/agora.xtec.cat\/escolaboragran\/wp-json\/wp\/v2\/tags?post=2204"}],"curies":[{"name":"wp","href":"https:\/\/api.w.org\/{rel}","templated":true}]}}