{"id":2196,"date":"2018-10-14T23:51:49","date_gmt":"2018-10-14T21:51:49","guid":{"rendered":"http:\/\/agora.xtec.cat\/escolaboragran\/?p=2196"},"modified":"2018-11-09T13:42:05","modified_gmt":"2018-11-09T12:42:05","slug":"trobada-esportiva-de-6e-2","status":"publish","type":"post","link":"https:\/\/agora.xtec.cat\/escolaboragran\/esports-i-salut\/trobada-esportiva-de-6e-2\/","title":{"rendered":"Trobada Esportiva de 6\u00e8"},"content":{"rendered":"<p style=\"text-align: justify;\">Un any m\u00e9s, el Consell Esportiu del Pla de l&#8217;Estany juntament amb els mestres d&#8217;educaci\u00f3 f\u00edsica i algunes entitats esportives (Artsport Banyoles, Club B\u00e0squet Banyoles, Club Handbol Banyoles i Gimn\u00e0s Triops) van organitzar la trobada pels alumnes de 6\u00e8. Les activitats van estar molt b\u00e9 i els m\u00e9s de 350 alumnes van gaudir d&#8217;una matinal molt entretinguda.<\/p>\n<p><a href=\"https:\/\/photos.google.com\/share\/AF1QipNZ2AuNgT4whPK4rnmqucUb5YUs-HVp1ADT4f_GAPtjSf4CG0J74zddHd8ER6JTIA\/photo\/AF1QipMLzwd8x45abYsSM77ESyYk4lpt_Lx1btyCMiVk?key=eGc4Z3JSc2hFc2k4RDB2a1ltWWhDU21kSGx2UTBn\" target=\"_blank\" rel=\"noopener\"><img decoding=\"async\" class=\"aligncenter\" style=\"max-width: 300px; max-height: 300px;\" src=\"https:\/\/lh3.googleusercontent.com\/zR22g1S-WrDF1-Ltu-nvTdZXQnL3UU7bLbkc9IGLsvSsI00Vrd7_-i9I-OKBUF5B2jOKYjCkTIM_F7UAmuGoimK4QZ428SkNGlrQEh8J0DO2lPEAH5bmYPyyaC_0LD9hRDlIAghXuLcWVQquaeh7lrXz4I57m_KZ48nXVDniPGyNaBUdk-KqwHrDNrWQifMHniIYrZv6RIuyurH6EauCSHEJuI_6UMrw8fpA7aHQLrp3H0M1JfB2RjfjMNaM35m7-volKzCaq1rIlrnWkcS2893cNSow3qdd5bmFUne5MJ7zk_KMOj6Bm8Skzm4h8yaJbViV8R-tmCxC89UO2JyzD-AMdy9K5wTPKCt9YPBAzTpRUG0dh-dUlsAWhmJ1F8ijofEOMjoHSdArr-oSdhoOu52jZUzramvNpwyP7kQS3EaD1gmTAs5GKg18AVyABHoqsmz20QVwV7lj9PPYYOFGKoof5Lvjcnw32ryFr29LDkdWhsRsJIgKKxwoWdNCx_yrHFcE51AyArEr-d6a6pluNBeZp7j6ztC8Fik16AaGN2XPhIStHW-e9U-3mAf2yoy5azOeTtFHS7NTlkb4mAkZZRSIe1Zwy3mX4OtjFG4ST_Htl6QvcqAHZOb2QuEHa1sle-1389qSxJ90p8KYr2ZbCUSRCtS87-EfAYTMjOEaXFtIyYrTzp0DYJYdx_AMCpL5XI815DrPRXVv5iH26QE=w800-h600-no\" \/><\/a><\/p>\n<p>Podeu veure m\u00e9s fotos en <a href=\"http:\/\/www.ceplaestany.cat\/Zonamultim%C3%A8dia\/Imatges\/tabid\/109\/AlbumID\/392-855\/Default.aspx\" target=\"_blank\" rel=\"noopener\">el web del Consell Esportiu<\/a> del Pla de l\u2019Estany.<\/p>\n","protected":false},"excerpt":{"rendered":"<p>Un any m\u00e9s, el Consell Esportiu del Pla de l&#8217;Estany juntament amb els mestres d&#8217;educaci\u00f3 f\u00edsica i algunes entitats esportives (Artsport Banyoles, Club B\u00e0squet Banyoles, Club Handbol Banyoles i Gimn\u00e0s Triops) van organitzar la trobada pels alumnes de 6\u00e8. Les activitats van estar molt b\u00e9 i els m\u00e9s de 350 alumnes van gaudir d&#8217;una matinal [&hellip;]<\/p>\n","protected":false},"author":4,"featured_media":0,"comment_status":"closed","ping_status":"closed","sticky":false,"template":"","format":"standard","meta":{"_bbp_topic_count":0,"_bbp_reply_count":0,"_bbp_total_topic_count":0,"_bbp_total_reply_count":0,"_bbp_voice_count":0,"_bbp_anonymous_reply_count":0,"_bbp_topic_count_hidden":0,"_bbp_reply_count_hidden":0,"_bbp_forum_subforum_count":0,"site-sidebar-layout":"default","site-content-layout":"","ast-site-content-layout":"","site-content-style":"default","site-sidebar-style":"default","ast-global-header-display":"","ast-banner-title-visibility":"","ast-main-header-display":"","ast-hfb-above-header-display":"","ast-hfb-below-header-display":"","ast-hfb-mobile-header-display":"","site-post-title":"","ast-breadcrumbs-content":"","ast-featured-img":"","footer-sml-layout":"","theme-transparent-header-meta":"","adv-header-id-meta":"","stick-header-meta":"","header-above-stick-meta":"","header-main-stick-meta":"","header-below-stick-meta":"","astra-migrate-meta-layouts":"default","ast-page-background-enabled":"default","ast-page-background-meta":{"desktop":{"background-color":"var(--ast-global-color-4)","background-image":"","background-repeat":"repeat","background-position":"center center","background-size":"auto","background-attachment":"scroll","background-type":"","background-media":"","overlay-type":"","overlay-color":"","overlay-opacity":"","overlay-gradient":""},"tablet":{"background-color":"","background-image":"","background-repeat":"repeat","background-position":"center center","background-size":"auto","background-attachment":"scroll","background-type":"","background-media":"","overlay-type":"","overlay-color":"","overlay-opacity":"","overlay-gradient":""},"mobile":{"background-color":"","background-image":"","background-repeat":"repeat","background-position":"center center","background-size":"auto","background-attachment":"scroll","background-type":"","background-media":"","overlay-type":"","overlay-color":"","overlay-opacity":"","overlay-gradient":""}},"ast-content-background-meta":{"desktop":{"background-color":"var(--ast-global-color-5)","background-image":"","background-repeat":"repeat","background-position":"center center","background-size":"auto","background-attachment":"scroll","background-type":"","background-media":"","overlay-type":"","overlay-color":"","overlay-opacity":"","overlay-gradient":""},"tablet":{"background-color":"var(--ast-global-color-5)","background-image":"","background-repeat":"repeat","background-position":"center center","background-size":"auto","background-attachment":"scroll","background-type":"","background-media":"","overlay-type":"","overlay-color":"","overlay-opacity":"","overlay-gradient":""},"mobile":{"background-color":"var(--ast-global-color-5)","background-image":"","background-repeat":"repeat","background-position":"center center","background-size":"auto","background-attachment":"scroll","background-type":"","background-media":"","overlay-type":"","overlay-color":"","overlay-opacity":"","overlay-gradient":""}},"footnotes":""},"categories":[62],"tags":[],"class_list":["post-2196","post","type-post","status-publish","format-standard","hentry","category-esports-i-salut"],"post_mailing_queue_ids":[],"_links":{"self":[{"href":"https:\/\/agora.xtec.cat\/escolaboragran\/wp-json\/wp\/v2\/posts\/2196","targetHints":{"allow":["GET"]}}],"collection":[{"href":"https:\/\/agora.xtec.cat\/escolaboragran\/wp-json\/wp\/v2\/posts"}],"about":[{"href":"https:\/\/agora.xtec.cat\/escolaboragran\/wp-json\/wp\/v2\/types\/post"}],"author":[{"embeddable":true,"href":"https:\/\/agora.xtec.cat\/escolaboragran\/wp-json\/wp\/v2\/users\/4"}],"replies":[{"embeddable":true,"href":"https:\/\/agora.xtec.cat\/escolaboragran\/wp-json\/wp\/v2\/comments?post=2196"}],"version-history":[{"count":2,"href":"https:\/\/agora.xtec.cat\/escolaboragran\/wp-json\/wp\/v2\/posts\/2196\/revisions"}],"predecessor-version":[{"id":2228,"href":"https:\/\/agora.xtec.cat\/escolaboragran\/wp-json\/wp\/v2\/posts\/2196\/revisions\/2228"}],"wp:attachment":[{"href":"https:\/\/agora.xtec.cat\/escolaboragran\/wp-json\/wp\/v2\/media?parent=2196"}],"wp:term":[{"taxonomy":"category","embeddable":true,"href":"https:\/\/agora.xtec.cat\/escolaboragran\/wp-json\/wp\/v2\/categories?post=2196"},{"taxonomy":"post_tag","embeddable":true,"href":"https:\/\/agora.xtec.cat\/escolaboragran\/wp-json\/wp\/v2\/tags?post=2196"}],"curies":[{"name":"wp","href":"https:\/\/api.w.org\/{rel}","templated":true}]}}