{"id":2171,"date":"2018-10-05T13:07:01","date_gmt":"2018-10-05T11:07:01","guid":{"rendered":"http:\/\/agora.xtec.cat\/escolaboragran\/?p=2171"},"modified":"2019-06-03T22:32:06","modified_gmt":"2019-06-03T20:32:06","slug":"som-la-font-del-vilar","status":"publish","type":"post","link":"https:\/\/agora.xtec.cat\/escolaboragran\/coneixemserinya\/som-la-font-del-vilar\/","title":{"rendered":"La Font del Vilar"},"content":{"rendered":"<p style=\"text-align: justify;\">Els nens i les nenes de segon hem anat a buscar la Font del Vilar. Aquest ser\u00e0 el nom de la nostra classe durant aquest curs i ens encuriosia molt saber com era.<br \/>\nAlguns ja hi hav\u00edem estat. D&#8217;altres hi an\u00e0vem per primer cop i ens va sorprendre molt la forma de la font i el seu entorn. Va ser tota una aventura arribar fins a baix de tot!! Ll\u00e0stima que despr\u00e9s de l\u2019esfor\u00e7 la font gaireb\u00e9 no rajava.<\/p>\n<p><a href=\"https:\/\/photos.google.com\/share\/AF1QipNukoaF-HAKAdVDfEgGsamrXMXlQ4BwTWwZh_aRWC2nzv_VLDCW8UGRjfIxvHUVDg\/photo\/AF1QipNezQF_j_cGmbfRfXMRw9kN5epjQQqoR0A-RO95?key=VmQyMjY5TmVBQVpsN2JqZFE5WFR0c0dsTXRva1FR\" target=\"_blank\" rel=\"noopener noreferrer\"><img decoding=\"async\" class=\"aligncenter\" style=\"max-width: 300px; max-height: 300px;\" src=\"https:\/\/lh3.googleusercontent.com\/e8YHvC3iv1ywK6T5Ccyqv9fBCblrFr6g2J17O0sxIuMvJQqT_JiSk5GqHd5yhC8T_8aY13ujjPwr8itTrN7GliKHOMTVnC6nF6StMmbQTz0NTBZAvfo9uCHZ2ohLZ6t01X4N4KwjnFtanvtuyVhI272nopaZ484jlx0yru8HyCkbkjgbbM-cLsJRhOnb9XNztEYljCkYjtslcZn308h3KKNmZ0g0OPP6QEDv-h55Zg6PSPDOvZSrIeREXH4Hjg94Ci4aTSAzph9_EZMimajMbS2jVui3qT4fnL4lyZc4nlRU3VRwQGnOl_FbpwhrTmzaxr7FVzSS4M-v1u-rRcyPPnY3vZKaXfLdjauDhnNoMIDb7kl_hX-n1DxUnkk-bipOrQpT6fX51CvXSok4EEb_LtfzlpdWZKil-Gx0LpT0lLxC_ldPQp79JUPlanW_L5PtHrHl-CDeUP3BygHi4H7SM0zfQ3-vDF-NiZ8oZoXrWojqQtV3Q2MYPN6Jsqr3UQhNxZ0K9Az_-zOlrt-q4ATTOpV-m443FSE59j7cxcQmgLbNQ4Q-hc7Rnu1a-Laj7-TKWGj_jb8litsU7XhOtSjEaNa6mpNNknCZgCvOkhGo8QaWpft1TTFMJq1DiJV9eochFXW0K6PoKDpyRaedmJXf_bJaYVbLymA0uZgfxj6gmf114WuGPbIBHQuhLRtDEcuJSgoyap3-0-RB-SM8_ls=w800-h600-no\" \/><\/a><\/p>\n","protected":false},"excerpt":{"rendered":"<p>Els nens i les nenes de segon hem anat a buscar la Font del Vilar. Aquest ser\u00e0 el nom de la nostra classe durant aquest curs i ens encuriosia molt saber com era. Alguns ja hi hav\u00edem estat. D&#8217;altres hi an\u00e0vem per primer cop i ens va sorprendre molt la forma de la font i [&hellip;]<\/p>\n","protected":false},"author":1,"featured_media":0,"comment_status":"closed","ping_status":"closed","sticky":false,"template":"","format":"standard","meta":{"_bbp_topic_count":0,"_bbp_reply_count":0,"_bbp_total_topic_count":0,"_bbp_total_reply_count":0,"_bbp_voice_count":0,"_bbp_anonymous_reply_count":0,"_bbp_topic_count_hidden":0,"_bbp_reply_count_hidden":0,"_bbp_forum_subforum_count":0,"site-sidebar-layout":"default","site-content-layout":"","ast-site-content-layout":"","site-content-style":"default","site-sidebar-style":"default","ast-global-header-display":"","ast-banner-title-visibility":"","ast-main-header-display":"","ast-hfb-above-header-display":"","ast-hfb-below-header-display":"","ast-hfb-mobile-header-display":"","site-post-title":"","ast-breadcrumbs-content":"","ast-featured-img":"","footer-sml-layout":"","theme-transparent-header-meta":"","adv-header-id-meta":"","stick-header-meta":"","header-above-stick-meta":"","header-main-stick-meta":"","header-below-stick-meta":"","astra-migrate-meta-layouts":"default","ast-page-background-enabled":"default","ast-page-background-meta":{"desktop":{"background-color":"var(--ast-global-color-4)","background-image":"","background-repeat":"repeat","background-position":"center center","background-size":"auto","background-attachment":"scroll","background-type":"","background-media":"","overlay-type":"","overlay-color":"","overlay-opacity":"","overlay-gradient":""},"tablet":{"background-color":"","background-image":"","background-repeat":"repeat","background-position":"center center","background-size":"auto","background-attachment":"scroll","background-type":"","background-media":"","overlay-type":"","overlay-color":"","overlay-opacity":"","overlay-gradient":""},"mobile":{"background-color":"","background-image":"","background-repeat":"repeat","background-position":"center center","background-size":"auto","background-attachment":"scroll","background-type":"","background-media":"","overlay-type":"","overlay-color":"","overlay-opacity":"","overlay-gradient":""}},"ast-content-background-meta":{"desktop":{"background-color":"var(--ast-global-color-5)","background-image":"","background-repeat":"repeat","background-position":"center center","background-size":"auto","background-attachment":"scroll","background-type":"","background-media":"","overlay-type":"","overlay-color":"","overlay-opacity":"","overlay-gradient":""},"tablet":{"background-color":"var(--ast-global-color-5)","background-image":"","background-repeat":"repeat","background-position":"center center","background-size":"auto","background-attachment":"scroll","background-type":"","background-media":"","overlay-type":"","overlay-color":"","overlay-opacity":"","overlay-gradient":""},"mobile":{"background-color":"var(--ast-global-color-5)","background-image":"","background-repeat":"repeat","background-position":"center center","background-size":"auto","background-attachment":"scroll","background-type":"","background-media":"","overlay-type":"","overlay-color":"","overlay-opacity":"","overlay-gradient":""}},"footnotes":""},"categories":[60],"tags":[],"class_list":["post-2171","post","type-post","status-publish","format-standard","hentry","category-coneixemserinya"],"post_mailing_queue_ids":[],"_links":{"self":[{"href":"https:\/\/agora.xtec.cat\/escolaboragran\/wp-json\/wp\/v2\/posts\/2171","targetHints":{"allow":["GET"]}}],"collection":[{"href":"https:\/\/agora.xtec.cat\/escolaboragran\/wp-json\/wp\/v2\/posts"}],"about":[{"href":"https:\/\/agora.xtec.cat\/escolaboragran\/wp-json\/wp\/v2\/types\/post"}],"author":[{"embeddable":true,"href":"https:\/\/agora.xtec.cat\/escolaboragran\/wp-json\/wp\/v2\/users\/1"}],"replies":[{"embeddable":true,"href":"https:\/\/agora.xtec.cat\/escolaboragran\/wp-json\/wp\/v2\/comments?post=2171"}],"version-history":[{"count":3,"href":"https:\/\/agora.xtec.cat\/escolaboragran\/wp-json\/wp\/v2\/posts\/2171\/revisions"}],"predecessor-version":[{"id":2971,"href":"https:\/\/agora.xtec.cat\/escolaboragran\/wp-json\/wp\/v2\/posts\/2171\/revisions\/2971"}],"wp:attachment":[{"href":"https:\/\/agora.xtec.cat\/escolaboragran\/wp-json\/wp\/v2\/media?parent=2171"}],"wp:term":[{"taxonomy":"category","embeddable":true,"href":"https:\/\/agora.xtec.cat\/escolaboragran\/wp-json\/wp\/v2\/categories?post=2171"},{"taxonomy":"post_tag","embeddable":true,"href":"https:\/\/agora.xtec.cat\/escolaboragran\/wp-json\/wp\/v2\/tags?post=2171"}],"curies":[{"name":"wp","href":"https:\/\/api.w.org\/{rel}","templated":true}]}}